{"id":50749,"date":"2025-12-03T13:50:20","date_gmt":"2025-12-03T16:50:20","guid":{"rendered":"https:\/\/guialimeira.com.br\/?p=50749"},"modified":"2025-12-03T13:50:20","modified_gmt":"2025-12-03T16:50:20","slug":"projeto-de-castracao-chega-a-cordeiropolis-na-proxima-semana-prefeitura-municipal-de-cordeiropolis","status":"publish","type":"post","link":"https:\/\/guialimeira.com.br\/news\/projeto-de-castracao-chega-a-cordeiropolis-na-proxima-semana-prefeitura-municipal-de-cordeiropolis\/","title":{"rendered":"Projeto de castra\u00e7\u00e3o chega a Cordeir\u00f3polis na pr\u00f3xima semana \u2013 Prefeitura Municipal de Cordeir\u00f3polis"},"content":{"rendered":"<p> <br \/>\n<\/p>\n<div>\n<p>Cordeir\u00f3polis ser\u00e1 contemplada com o projeto de castra\u00e7\u00e3o do deputado estadual Rafael Saraiva. O castram\u00f3vel atender\u00e1 no dia 12 de dezembro (sexta-feira), a partir das 8h, no Gin\u00e1sio de Esportes \u201cGovernador Orestes Qu\u00e9rcia\u201d, no Centro. O deputado garantiu as castra\u00e7\u00f5es a pedido da prefeita Cristina Saad e da secret\u00e1ria de Meio Ambiente, Bruna Vidoretti, quando visitou Cordeir\u00f3polis.<\/p>\n<p>As 200 vagas dispon\u00edveis j\u00e1 foram preenchidas. Os agendamentos foram feitos pelo Bem-Estar Animal, com prioridade para a demanda aberta de pessoas em situa\u00e7\u00e3o de vulnerabilidade, ONGs e protetores independentes com animais tutelados. \u201cTanto o Bem-Estar Animal como a equipe do deputado est\u00e1 entrando em contato para confirmar o agendamento\u201d, explica Bruna.<\/p>\n<p>\u201cAgrade\u00e7o o deputado Rafael Saraiva pela disponibiliza\u00e7\u00e3o dessas castra\u00e7\u00f5es, que v\u00e3o ser fundamentais para atender as fam\u00edlias e os protetores da nossa cidade\u201d, destaca a prefeita Cristina Saad. Al\u00e9m das castra\u00e7\u00f5es, Rafael destinou uma emenda para a compra de um carro funer\u00e1rio para a cidade, a pedido do chefe de Gabinete, Denis Suidedos, e R$ 300 mil para custeio na sa\u00fade.<\/p>\n<\/p><\/div>\n<p><br \/>\n<br \/><a href=\"https:\/\/www.cordeiropolis.sp.gov.br\/projeto-de-castracao-chega-a-cordeiropolis-na-proxima-semana\/\" rel=\"noopener\">Informa\u00e7\u00f5es Cordeir\u00f3polis <\/a><\/p>\n","protected":false},"excerpt":{"rendered":"<p>Cordeir\u00f3polis ser\u00e1 contemplada com o projeto de castra\u00e7\u00e3o do deputado estadual Rafael Saraiva. O castram\u00f3vel atender\u00e1 no dia 12 de dezembro (sexta-feira), a partir das 8h, no Gin\u00e1sio de Esportes \u201cGovernador Orestes Qu\u00e9rcia\u201d, no Centro. O deputado garantiu as castra\u00e7\u00f5es a pedido da prefeita Cristina Saad e da secret\u00e1ria de Meio Ambiente, Bruna Vidoretti, quando [&hellip;]<\/p>\n","protected":false},"author":1,"featured_media":0,"comment_status":"open","ping_status":"open","sticky":false,"template":"","format":"standard","meta":{"_jetpack_newsletter_access":"","_jetpack_dont_email_post_to_subs":false,"_jetpack_newsletter_tier_id":0,"_jetpack_memberships_contains_paywalled_content":false,"_mbp_banners":[],"_jetpack_feature_clip_id":0,"_jetpack_memberships_contains_paid_content":false,"footnotes":"","jetpack_publicize_message":"","jetpack_publicize_feature_enabled":true,"jetpack_social_post_already_shared":true,"jetpack_social_options":{"image_generator_settings":{"template":"highway","default_image_id":0,"font":"","enabled":false},"version":2},"jetpack_post_was_ever_published":false},"categories":[20],"tags":[],"class_list":["post-50749","post","type-post","status-publish","format-standard","category-regiao"],"jetpack_publicize_connections":[],"jetpack-related-posts":[],"jetpack_shortlink":"https:\/\/wp.me\/p7Eq1F-dcx","jetpack_sharing_enabled":true,"jetpack_featured_media_url":"","_links":{"self":[{"href":"https:\/\/guialimeira.com.br\/news\/wp-json\/wp\/v2\/posts\/50749","targetHints":{"allow":["GET"]}}],"collection":[{"href":"https:\/\/guialimeira.com.br\/news\/wp-json\/wp\/v2\/posts"}],"about":[{"href":"https:\/\/guialimeira.com.br\/news\/wp-json\/wp\/v2\/types\/post"}],"author":[{"embeddable":true,"href":"https:\/\/guialimeira.com.br\/news\/wp-json\/wp\/v2\/users\/1"}],"replies":[{"embeddable":true,"href":"https:\/\/guialimeira.com.br\/news\/wp-json\/wp\/v2\/comments?post=50749"}],"version-history":[{"count":1,"href":"https:\/\/guialimeira.com.br\/news\/wp-json\/wp\/v2\/posts\/50749\/revisions"}],"predecessor-version":[{"id":50750,"href":"https:\/\/guialimeira.com.br\/news\/wp-json\/wp\/v2\/posts\/50749\/revisions\/50750"}],"wp:attachment":[{"href":"https:\/\/guialimeira.com.br\/news\/wp-json\/wp\/v2\/media?parent=50749"}],"wp:term":[{"taxonomy":"category","embeddable":true,"href":"https:\/\/guialimeira.com.br\/news\/wp-json\/wp\/v2\/categories?post=50749"},{"taxonomy":"post_tag","embeddable":true,"href":"https:\/\/guialimeira.com.br\/news\/wp-json\/wp\/v2\/tags?post=50749"}],"curies":[{"name":"wp","href":"https:\/\/api.w.org\/{rel}","templated":true}]}}