{"id":50548,"date":"2025-11-28T16:26:18","date_gmt":"2025-11-28T19:26:18","guid":{"rendered":"https:\/\/guialimeira.com.br\/?p=50548"},"modified":"2025-11-28T16:26:18","modified_gmt":"2025-11-28T19:26:18","slug":"nota-sobre-radares-prefeitura-municipal-de-cordeiropolis","status":"publish","type":"post","link":"https:\/\/guialimeira.com.br\/news\/nota-sobre-radares-prefeitura-municipal-de-cordeiropolis\/","title":{"rendered":"NOTA SOBRE RADARES \u2013 Prefeitura Municipal de Cordeir\u00f3polis"},"content":{"rendered":"<p> <br \/>\n<\/p>\n<div>\n<p>A Prefeitura de Cordeir\u00f3polis informa que foi realizada a rescis\u00e3o do contrato com a empresa respons\u00e1vel pela gest\u00e3o dos radares no munic\u00edpio, por falta de interesse p\u00fablico, considerando a inexist\u00eancia de estudos t\u00e9cnicos que embasassem a implanta\u00e7\u00e3o do servi\u00e7o, conforme exig\u00eancias dos \u00f3rg\u00e3os reguladores.<\/p>\n<p>Diante disso, desde o dia 24 de novembro, as multas decorrentes dos equipamentos instalados n\u00e3o est\u00e3o sendo processadas. Ressalta-se que as infra\u00e7\u00f5es registradas anteriormente a essa data permanecem v\u00e1lidas e devem ser quitadas normalmente. Apesar da falta de estudo t\u00e9cnico pr\u00e9vio, n\u00e3o h\u00e1 ilegalidade na aplica\u00e7\u00e3o das multas registradas.<\/p>\n<p>A administra\u00e7\u00e3o municipal informa ainda que est\u00e3o sendo estudadas outras alternativas de educa\u00e7\u00e3o e seguran\u00e7a no tr\u00e2nsito, menos onerosas aos cofres p\u00fablicos, para implanta\u00e7\u00e3o nos pontos onde os radares ser\u00e3o retirados.<\/p>\n<p>No caso espec\u00edfico da Avenida Wilson Di\u00f3rio, que \u00e9 de responsabilidade legal do Departamento de Estradas de Rodagem (DER), a ado\u00e7\u00e3o de novas medidas est\u00e1 sendo analisada em conjunto com o \u00f3rg\u00e3o estadual. O munic\u00edpio cobra celeridade nesse sentido, uma vez que trata-se de um trecho perigoso com registros de acidentes.<\/p>\n<\/p><\/div>\n<p><br \/>\n<br \/><a href=\"https:\/\/www.cordeiropolis.sp.gov.br\/nota-sobre-radares\/\" rel=\"noopener\">Informa\u00e7\u00f5es Cordeir\u00f3polis <\/a><\/p>\n","protected":false},"excerpt":{"rendered":"<p>A Prefeitura de Cordeir\u00f3polis informa que foi realizada a rescis\u00e3o do contrato com a empresa respons\u00e1vel pela gest\u00e3o dos radares no munic\u00edpio, por falta de interesse p\u00fablico, considerando a inexist\u00eancia de estudos t\u00e9cnicos que embasassem a implanta\u00e7\u00e3o do servi\u00e7o, conforme exig\u00eancias dos \u00f3rg\u00e3os reguladores. Diante disso, desde o dia 24 de novembro, as multas decorrentes [&hellip;]<\/p>\n","protected":false},"author":1,"featured_media":0,"comment_status":"open","ping_status":"open","sticky":false,"template":"","format":"standard","meta":{"_jetpack_newsletter_access":"","_jetpack_dont_email_post_to_subs":false,"_jetpack_newsletter_tier_id":0,"_jetpack_memberships_contains_paywalled_content":false,"_mbp_banners":[],"_jetpack_feature_clip_id":0,"_jetpack_memberships_contains_paid_content":false,"footnotes":"","jetpack_publicize_message":"","jetpack_publicize_feature_enabled":true,"jetpack_social_post_already_shared":true,"jetpack_social_options":{"image_generator_settings":{"template":"highway","default_image_id":0,"font":"","enabled":false},"version":2},"jetpack_post_was_ever_published":false},"categories":[20],"tags":[],"class_list":["post-50548","post","type-post","status-publish","format-standard","category-regiao"],"jetpack_publicize_connections":[],"jetpack-related-posts":[],"jetpack_shortlink":"https:\/\/wp.me\/p7Eq1F-d9i","jetpack_sharing_enabled":true,"jetpack_featured_media_url":"","_links":{"self":[{"href":"https:\/\/guialimeira.com.br\/news\/wp-json\/wp\/v2\/posts\/50548","targetHints":{"allow":["GET"]}}],"collection":[{"href":"https:\/\/guialimeira.com.br\/news\/wp-json\/wp\/v2\/posts"}],"about":[{"href":"https:\/\/guialimeira.com.br\/news\/wp-json\/wp\/v2\/types\/post"}],"author":[{"embeddable":true,"href":"https:\/\/guialimeira.com.br\/news\/wp-json\/wp\/v2\/users\/1"}],"replies":[{"embeddable":true,"href":"https:\/\/guialimeira.com.br\/news\/wp-json\/wp\/v2\/comments?post=50548"}],"version-history":[{"count":1,"href":"https:\/\/guialimeira.com.br\/news\/wp-json\/wp\/v2\/posts\/50548\/revisions"}],"predecessor-version":[{"id":50549,"href":"https:\/\/guialimeira.com.br\/news\/wp-json\/wp\/v2\/posts\/50548\/revisions\/50549"}],"wp:attachment":[{"href":"https:\/\/guialimeira.com.br\/news\/wp-json\/wp\/v2\/media?parent=50548"}],"wp:term":[{"taxonomy":"category","embeddable":true,"href":"https:\/\/guialimeira.com.br\/news\/wp-json\/wp\/v2\/categories?post=50548"},{"taxonomy":"post_tag","embeddable":true,"href":"https:\/\/guialimeira.com.br\/news\/wp-json\/wp\/v2\/tags?post=50548"}],"curies":[{"name":"wp","href":"https:\/\/api.w.org\/{rel}","templated":true}]}}