{"id":50540,"date":"2025-11-28T15:24:29","date_gmt":"2025-11-28T18:24:29","guid":{"rendered":"https:\/\/guialimeira.com.br\/?p=50540"},"modified":"2025-11-28T15:24:29","modified_gmt":"2025-11-28T18:24:29","slug":"cordeiropolis-realiza-feira-de-adocao-pet-neste-domingo-30-prefeitura-municipal-de-cordeiropolis","status":"publish","type":"post","link":"https:\/\/guialimeira.com.br\/news\/cordeiropolis-realiza-feira-de-adocao-pet-neste-domingo-30-prefeitura-municipal-de-cordeiropolis\/","title":{"rendered":"Cordeir\u00f3polis realiza Feira de Ado\u00e7\u00e3o Pet neste domingo (30) \u2013 Prefeitura Municipal de Cordeir\u00f3polis"},"content":{"rendered":"<p> <br \/>\n<\/p>\n<div>\n<p>A Prefeitura de Cordeir\u00f3polis, por meio da Secretaria de Meio Ambiente e do Departamento de Bem-Estar Animal, realiza neste domingo (30), das 9h \u00e0s 14h, uma Feira de Ado\u00e7\u00e3o Pet. A iniciativa acontece na Loja 3 da Agronutri Cascalho, localizada no bairro do Cascalho, anexa \u00e0 Tr\u00eas Vias Seguros, Caf\u00e9 Garden e UniVC Loja.<\/p>\n<p>Durante o evento, os interessados poder\u00e3o conhecer diversos filhotes, entre c\u00e3es e gatos, dispon\u00edveis para ado\u00e7\u00e3o. \u201cAdotar \u00e9 um ato de amor e o Bem-Estar Animal incentiva a ado\u00e7\u00e3o respons\u00e1vel desses animais. Toda a popula\u00e7\u00e3o de Cordeir\u00f3polis est\u00e1 convidada para participar dessa iniciativa\u201d, afirma a secret\u00e1ria de Meio Ambiente, Bruna Vidoretti.<\/p>\n<p>A a\u00e7\u00e3o tem apoio da Universo Vida&amp;Cultura (UniVC Loja), Caf\u00e9 Garden e Tr\u00eas Vias Seguros.<\/p>\n<figure class=\"wp-block-gallery has-nested-images columns-default is-cropped wp-block-gallery-1 is-layout-flex wp-block-gallery-is-layout-flex\">\n<figure class=\"wp-block-image size-large\"><\/figure>\n<figure class=\"wp-block-image size-large\"><img data-recalc-dims=\"1\" decoding=\"async\" loading=\"lazy\" width=\"696\" height=\"928\" data-id=\"31794\" src=\"https:\/\/i0.wp.com\/guialimeira.com.br\/wp-content\/uploads\/2025\/11\/1764354266_788_Cordeiropolis-realiza-Feira-de-Adocao-Pet-neste-domingo-30-%E2%80%93.jpeg?resize=696%2C928&#038;ssl=1\" alt=\"\" class=\"wp-image-31794\" \/><\/figure>\n<figure class=\"wp-block-image size-large\"><img data-recalc-dims=\"1\" decoding=\"async\" loading=\"lazy\" width=\"696\" height=\"928\" data-id=\"31793\" src=\"https:\/\/i0.wp.com\/guialimeira.com.br\/wp-content\/uploads\/2025\/11\/1764354266_209_Cordeiropolis-realiza-Feira-de-Adocao-Pet-neste-domingo-30-%E2%80%93.jpeg?resize=696%2C928&#038;ssl=1\" alt=\"\" class=\"wp-image-31793\" \/><\/figure>\n<figure class=\"wp-block-image size-large\"><img data-recalc-dims=\"1\" decoding=\"async\" data-attachment-id=\"31792\" data-permalink=\"https:\/\/guialimeira.com.br\/news\/sp-pra-toda-obra-preve-34-mil-postos-de-trabalho-na-baixada-santista\/sp-pra-toda-obra-preve-34-mil-postos-de-trabalho\/\" data-orig-file=\"https:\/\/i0.wp.com\/guialimeira.com.br\/news\/wp-content\/uploads\/2025\/04\/SP-pra-Toda-Obra-preve-34-mil-postos-de-trabalho.jpg?fit=2048%2C1365&amp;ssl=1\" data-orig-size=\"2048,1365\" data-comments-opened=\"1\" data-image-meta=\"{&quot;aperture&quot;:&quot;0&quot;,&quot;credit&quot;:&quot;PABLO JACOB&quot;,&quot;camera&quot;:&quot;&quot;,&quot;caption&quot;:&quot;&quot;,&quot;created_timestamp&quot;:&quot;0&quot;,&quot;copyright&quot;:&quot;PABLO JACOB&quot;,&quot;focal_length&quot;:&quot;0&quot;,&quot;iso&quot;:&quot;0&quot;,&quot;shutter_speed&quot;:&quot;0&quot;,&quot;title&quot;:&quot;&quot;,&quot;orientation&quot;:&quot;0&quot;}\" data-image-title=\"SP pra Toda Obra prev\u00ea 3,4 mil postos de trabalho\" data-image-description=\"\" data-image-caption=\"\" data-large-file=\"https:\/\/i0.wp.com\/guialimeira.com.br\/news\/wp-content\/uploads\/2025\/04\/SP-pra-Toda-Obra-preve-34-mil-postos-de-trabalho.jpg?fit=696%2C464&amp;ssl=1\" loading=\"lazy\" width=\"696\" height=\"928\" data-id=\"31792\" src=\"https:\/\/i0.wp.com\/guialimeira.com.br\/wp-content\/uploads\/2025\/11\/1764354266_324_Cordeiropolis-realiza-Feira-de-Adocao-Pet-neste-domingo-30-%E2%80%93.jpeg?resize=696%2C928&#038;ssl=1\" alt=\"\" class=\"wp-image-31792\" \/><\/figure>\n<figure class=\"wp-block-image size-large\"><img data-recalc-dims=\"1\" decoding=\"async\" loading=\"lazy\" width=\"576\" height=\"1024\" data-id=\"31791\" src=\"https:\/\/i0.wp.com\/guialimeira.com.br\/wp-content\/uploads\/2025\/11\/1764354266_643_Cordeiropolis-realiza-Feira-de-Adocao-Pet-neste-domingo-30-%E2%80%93.jpeg?resize=576%2C1024&#038;ssl=1\" alt=\"\" class=\"wp-image-31791\" \/><\/figure>\n<figure class=\"wp-block-image size-large\"><img data-recalc-dims=\"1\" decoding=\"async\" loading=\"lazy\" width=\"696\" height=\"928\" data-id=\"31790\" src=\"https:\/\/i0.wp.com\/guialimeira.com.br\/wp-content\/uploads\/2025\/11\/1764354266_63_Cordeiropolis-realiza-Feira-de-Adocao-Pet-neste-domingo-30-%E2%80%93.jpeg?resize=696%2C928&#038;ssl=1\" alt=\"\" class=\"wp-image-31790\" \/><\/figure>\n<figure class=\"wp-block-image size-large\"><img data-recalc-dims=\"1\" decoding=\"async\" loading=\"lazy\" width=\"696\" height=\"928\" data-id=\"31789\" src=\"https:\/\/i0.wp.com\/guialimeira.com.br\/wp-content\/uploads\/2025\/11\/1764354266_906_Cordeiropolis-realiza-Feira-de-Adocao-Pet-neste-domingo-30-%E2%80%93.jpeg?resize=696%2C928&#038;ssl=1\" alt=\"\" class=\"wp-image-31789\" \/><\/figure>\n<figure class=\"wp-block-image size-large\"><img data-recalc-dims=\"1\" decoding=\"async\" loading=\"lazy\" width=\"696\" height=\"696\" data-id=\"31787\" src=\"https:\/\/i0.wp.com\/guialimeira.com.br\/wp-content\/uploads\/2025\/11\/1764354266_986_Cordeiropolis-realiza-Feira-de-Adocao-Pet-neste-domingo-30-%E2%80%93.jpeg?resize=696%2C696&#038;ssl=1\" alt=\"\" class=\"wp-image-31787\" \/><\/figure>\n<figure class=\"wp-block-image size-large\"><img data-recalc-dims=\"1\" decoding=\"async\" data-attachment-id=\"31786\" data-permalink=\"https:\/\/guialimeira.com.br\/news\/sp-pra-toda-obra-preve-43-mil-postos-de-trabalho-na-regiao-de-franca\/sp-pra-toda-obra-preve-43-mil-postos-de-trabalho\/\" data-orig-file=\"https:\/\/i0.wp.com\/guialimeira.com.br\/news\/wp-content\/uploads\/2025\/04\/SP-pra-Toda-Obra-preve-43-mil-postos-de-trabalho.jpg?fit=2048%2C1365&amp;ssl=1\" data-orig-size=\"2048,1365\" data-comments-opened=\"1\" data-image-meta=\"{&quot;aperture&quot;:&quot;0&quot;,&quot;credit&quot;:&quot;PABLO JACOB&quot;,&quot;camera&quot;:&quot;&quot;,&quot;caption&quot;:&quot;&quot;,&quot;created_timestamp&quot;:&quot;0&quot;,&quot;copyright&quot;:&quot;PABLO JACOB&quot;,&quot;focal_length&quot;:&quot;0&quot;,&quot;iso&quot;:&quot;0&quot;,&quot;shutter_speed&quot;:&quot;0&quot;,&quot;title&quot;:&quot;&quot;,&quot;orientation&quot;:&quot;0&quot;}\" data-image-title=\"SP pra Toda Obra prev\u00ea 4,3 mil postos de trabalho\" data-image-description=\"\" data-image-caption=\"\" data-large-file=\"https:\/\/i0.wp.com\/guialimeira.com.br\/news\/wp-content\/uploads\/2025\/04\/SP-pra-Toda-Obra-preve-43-mil-postos-de-trabalho.jpg?fit=696%2C464&amp;ssl=1\" loading=\"lazy\" width=\"696\" height=\"696\" data-id=\"31786\" src=\"https:\/\/i0.wp.com\/guialimeira.com.br\/wp-content\/uploads\/2025\/11\/1764354266_908_Cordeiropolis-realiza-Feira-de-Adocao-Pet-neste-domingo-30-%E2%80%93.jpeg?resize=696%2C696&#038;ssl=1\" alt=\"\" class=\"wp-image-31786\" \/><\/figure>\n<figure class=\"wp-block-image size-large\"><img data-recalc-dims=\"1\" decoding=\"async\" loading=\"lazy\" width=\"696\" height=\"696\" data-id=\"31785\" src=\"https:\/\/i0.wp.com\/guialimeira.com.br\/wp-content\/uploads\/2025\/11\/1764354267_156_Cordeiropolis-realiza-Feira-de-Adocao-Pet-neste-domingo-30-%E2%80%93.jpeg?resize=696%2C696&#038;ssl=1\" alt=\"\" class=\"wp-image-31785\" \/><\/figure>\n<figure class=\"wp-block-image size-large\"><img data-recalc-dims=\"1\" decoding=\"async\" loading=\"lazy\" width=\"696\" height=\"696\" data-id=\"31784\" src=\"https:\/\/i0.wp.com\/guialimeira.com.br\/wp-content\/uploads\/2025\/11\/1764354267_428_Cordeiropolis-realiza-Feira-de-Adocao-Pet-neste-domingo-30-%E2%80%93.jpeg?resize=696%2C696&#038;ssl=1\" alt=\"\" class=\"wp-image-31784\" \/><\/figure>\n<figure class=\"wp-block-image size-large\"><img data-recalc-dims=\"1\" decoding=\"async\" data-attachment-id=\"31783\" data-permalink=\"https:\/\/guialimeira.com.br\/news\/dorival-junior-assume-oficialmente-comando-tecnico-do-corinthians\/dorival_novo_tecnico_corinthians_2025-jpg\/\" data-orig-file=\"https:\/\/i0.wp.com\/guialimeira.com.br\/news\/wp-content\/uploads\/2025\/04\/dorival_novo_tecnico_corinthians_2025.jpg?fit=1600%2C800&amp;ssl=1\" data-orig-size=\"1600,800\" data-comments-opened=\"1\" data-image-meta=\"{&quot;aperture&quot;:&quot;0&quot;,&quot;credit&quot;:&quot;&quot;,&quot;camera&quot;:&quot;&quot;,&quot;caption&quot;:&quot;&quot;,&quot;created_timestamp&quot;:&quot;0&quot;,&quot;copyright&quot;:&quot;&quot;,&quot;focal_length&quot;:&quot;0&quot;,&quot;iso&quot;:&quot;0&quot;,&quot;shutter_speed&quot;:&quot;0&quot;,&quot;title&quot;:&quot;&quot;,&quot;orientation&quot;:&quot;0&quot;}\" data-image-title=\"dorival_novo_tecnico_corinthians_2025.jpg\" data-image-description=\"\" data-image-caption=\"\" data-large-file=\"https:\/\/i0.wp.com\/guialimeira.com.br\/news\/wp-content\/uploads\/2025\/04\/dorival_novo_tecnico_corinthians_2025.jpg?fit=696%2C348&amp;ssl=1\" loading=\"lazy\" width=\"696\" height=\"696\" data-id=\"31783\" src=\"https:\/\/i0.wp.com\/guialimeira.com.br\/wp-content\/uploads\/2025\/11\/1764354267_618_Cordeiropolis-realiza-Feira-de-Adocao-Pet-neste-domingo-30-%E2%80%93.jpeg?resize=696%2C696&#038;ssl=1\" alt=\"\" class=\"wp-image-31783\" \/><\/figure>\n<figure class=\"wp-block-image size-large\"><img data-recalc-dims=\"1\" decoding=\"async\" loading=\"lazy\" width=\"696\" height=\"696\" data-id=\"31782\" src=\"https:\/\/i0.wp.com\/guialimeira.com.br\/wp-content\/uploads\/2025\/11\/1764354267_933_Cordeiropolis-realiza-Feira-de-Adocao-Pet-neste-domingo-30-%E2%80%93.jpeg?resize=696%2C696&#038;ssl=1\" alt=\"\" class=\"wp-image-31782\" \/><\/figure>\n<figure class=\"wp-block-image size-large\"><img data-recalc-dims=\"1\" decoding=\"async\" loading=\"lazy\" width=\"696\" height=\"696\" data-id=\"31781\" src=\"https:\/\/i0.wp.com\/guialimeira.com.br\/wp-content\/uploads\/2025\/11\/1764354267_409_Cordeiropolis-realiza-Feira-de-Adocao-Pet-neste-domingo-30-%E2%80%93.jpeg?resize=696%2C696&#038;ssl=1\" alt=\"\" class=\"wp-image-31781\" \/><\/figure>\n<figure class=\"wp-block-image size-large\"><img data-recalc-dims=\"1\" decoding=\"async\" loading=\"lazy\" width=\"696\" height=\"696\" data-id=\"31780\" src=\"https:\/\/i0.wp.com\/guialimeira.com.br\/wp-content\/uploads\/2025\/11\/1764354267_815_Cordeiropolis-realiza-Feira-de-Adocao-Pet-neste-domingo-30-%E2%80%93.jpeg?resize=696%2C696&#038;ssl=1\" alt=\"\" class=\"wp-image-31780\" \/><\/figure>\n<\/figure><\/div>\n<p><br \/>\n<br \/><a href=\"https:\/\/www.cordeiropolis.sp.gov.br\/cordeiropolis-realiza-feira-de-adocao-pet-neste-domingo-30\/\" rel=\"noopener\">Informa\u00e7\u00f5es Cordeir\u00f3polis <\/a><\/p>\n","protected":false},"excerpt":{"rendered":"<p>A Prefeitura de Cordeir\u00f3polis, por meio da Secretaria de Meio Ambiente e do Departamento de Bem-Estar Animal, realiza neste domingo (30), das 9h \u00e0s 14h, uma Feira de Ado\u00e7\u00e3o Pet. A iniciativa acontece na Loja 3 da Agronutri Cascalho, localizada no bairro do Cascalho, anexa \u00e0 Tr\u00eas Vias Seguros, Caf\u00e9 Garden e UniVC Loja. Durante [&hellip;]<\/p>\n","protected":false},"author":1,"featured_media":50541,"comment_status":"open","ping_status":"open","sticky":false,"template":"","format":"standard","meta":{"_jetpack_newsletter_access":"","_jetpack_dont_email_post_to_subs":false,"_jetpack_newsletter_tier_id":0,"_jetpack_memberships_contains_paywalled_content":false,"_mbp_banners":[],"_jetpack_feature_clip_id":0,"_jetpack_memberships_contains_paid_content":false,"footnotes":"","jetpack_publicize_message":"","jetpack_publicize_feature_enabled":true,"jetpack_social_post_already_shared":true,"jetpack_social_options":{"image_generator_settings":{"template":"highway","default_image_id":0,"font":"","enabled":false},"version":2},"jetpack_post_was_ever_published":false},"categories":[20],"tags":[],"class_list":["post-50540","post","type-post","status-publish","format-standard","has-post-thumbnail","category-regiao"],"jetpack_publicize_connections":[],"jetpack-related-posts":[],"jetpack_shortlink":"https:\/\/wp.me\/p7Eq1F-d9a","jetpack_sharing_enabled":true,"jetpack_featured_media_url":"https:\/\/i0.wp.com\/guialimeira.com.br\/news\/wp-content\/uploads\/2025\/11\/1764354268_Cordeiropolis-realiza-Feira-de-Adocao-Pet-neste-domingo-30-%E2%80%93.jpeg?fit=1024%2C1024&ssl=1","_links":{"self":[{"href":"https:\/\/guialimeira.com.br\/news\/wp-json\/wp\/v2\/posts\/50540","targetHints":{"allow":["GET"]}}],"collection":[{"href":"https:\/\/guialimeira.com.br\/news\/wp-json\/wp\/v2\/posts"}],"about":[{"href":"https:\/\/guialimeira.com.br\/news\/wp-json\/wp\/v2\/types\/post"}],"author":[{"embeddable":true,"href":"https:\/\/guialimeira.com.br\/news\/wp-json\/wp\/v2\/users\/1"}],"replies":[{"embeddable":true,"href":"https:\/\/guialimeira.com.br\/news\/wp-json\/wp\/v2\/comments?post=50540"}],"version-history":[{"count":1,"href":"https:\/\/guialimeira.com.br\/news\/wp-json\/wp\/v2\/posts\/50540\/revisions"}],"predecessor-version":[{"id":50542,"href":"https:\/\/guialimeira.com.br\/news\/wp-json\/wp\/v2\/posts\/50540\/revisions\/50542"}],"wp:featuredmedia":[{"embeddable":true,"href":"https:\/\/guialimeira.com.br\/news\/wp-json\/wp\/v2\/media\/50541"}],"wp:attachment":[{"href":"https:\/\/guialimeira.com.br\/news\/wp-json\/wp\/v2\/media?parent=50540"}],"wp:term":[{"taxonomy":"category","embeddable":true,"href":"https:\/\/guialimeira.com.br\/news\/wp-json\/wp\/v2\/categories?post=50540"},{"taxonomy":"post_tag","embeddable":true,"href":"https:\/\/guialimeira.com.br\/news\/wp-json\/wp\/v2\/tags?post=50540"}],"curies":[{"name":"wp","href":"https:\/\/api.w.org\/{rel}","templated":true}]}}