{"id":50451,"date":"2025-11-27T10:44:17","date_gmt":"2025-11-27T13:44:17","guid":{"rendered":"https:\/\/guialimeira.com.br\/?p=50451"},"modified":"2025-11-27T10:44:17","modified_gmt":"2025-11-27T13:44:17","slug":"nova-composicao-do-conselho-de-desenvolvimento-rural-realiza-primeira-reuniao-prefeitura-municipal-de-cordeiropolis","status":"publish","type":"post","link":"https:\/\/guialimeira.com.br\/news\/nova-composicao-do-conselho-de-desenvolvimento-rural-realiza-primeira-reuniao-prefeitura-municipal-de-cordeiropolis\/","title":{"rendered":"Nova composi\u00e7\u00e3o do Conselho de Desenvolvimento Rural realiza primeira reuni\u00e3o \u2013 Prefeitura Municipal de Cordeir\u00f3polis"},"content":{"rendered":"<p> <br \/>\n<\/p>\n<div>\n<p>A primeira reuni\u00e3o da nova composi\u00e7\u00e3o do Conselho Municipal de Desenvolvimento Rural (CMDR) de Cordeir\u00f3polis foi realizada essa semana na Secretaria de Desenvolvimento Econ\u00f4mico Sustent\u00e1vel. O conselho foi reativado pela atual administra\u00e7\u00e3o e discutiu, no encontro, o regimento interno e a apresenta\u00e7\u00e3o do Plano de Desenvolvimento Rural Sustent\u00e1vel.<\/p>\n<p>Tamb\u00e9m aconteceu a elei\u00e7\u00e3o da composi\u00e7\u00e3o do conselho. Silvana Tomazella foi eleita presidente; Everaldo Sanguini, vice; e C\u00e2ndido Silva, secret\u00e1rio. O vereador Vilson Caleffi tamb\u00e9m esteve presente no encontro. A pr\u00f3xima reuni\u00e3o do conselho est\u00e1 marcada para 8 de dezembro, quando o Plano de Desenvolvimento Rural Sustent\u00e1vel ser\u00e1 deliberado pelos membros.<\/p>\n<p>O conselho contribui para o planejamento de projetos, a aloca\u00e7\u00e3o adequada de recursos, o fortalecimento da agricultura familiar e a promo\u00e7\u00e3o da participa\u00e7\u00e3o social. O objetivo \u00e9 assegurar maior transpar\u00eancia e melhorias efetivas nas condi\u00e7\u00f5es de vida da popula\u00e7\u00e3o.<\/p>\n<\/p><\/div>\n<p><br \/>\n<br \/><a href=\"https:\/\/www.cordeiropolis.sp.gov.br\/nova-composicao-do-conselho-de-desenvolvimento-rural-realiza-primeira-reuniao\/\" rel=\"noopener\">Informa\u00e7\u00f5es Cordeir\u00f3polis <\/a><\/p>\n","protected":false},"excerpt":{"rendered":"<p>A primeira reuni\u00e3o da nova composi\u00e7\u00e3o do Conselho Municipal de Desenvolvimento Rural (CMDR) de Cordeir\u00f3polis foi realizada essa semana na Secretaria de Desenvolvimento Econ\u00f4mico Sustent\u00e1vel. O conselho foi reativado pela atual administra\u00e7\u00e3o e discutiu, no encontro, o regimento interno e a apresenta\u00e7\u00e3o do Plano de Desenvolvimento Rural Sustent\u00e1vel. Tamb\u00e9m aconteceu a elei\u00e7\u00e3o da composi\u00e7\u00e3o do [&hellip;]<\/p>\n","protected":false},"author":1,"featured_media":0,"comment_status":"open","ping_status":"open","sticky":false,"template":"","format":"standard","meta":{"_jetpack_newsletter_access":"","_jetpack_dont_email_post_to_subs":false,"_jetpack_newsletter_tier_id":0,"_jetpack_memberships_contains_paywalled_content":false,"_mbp_banners":[],"_jetpack_feature_clip_id":0,"_jetpack_memberships_contains_paid_content":false,"footnotes":"","jetpack_publicize_message":"","jetpack_publicize_feature_enabled":true,"jetpack_social_post_already_shared":true,"jetpack_social_options":{"image_generator_settings":{"template":"highway","default_image_id":0,"font":"","enabled":false},"version":2},"jetpack_post_was_ever_published":false},"categories":[20],"tags":[],"class_list":["post-50451","post","type-post","status-publish","format-standard","category-regiao"],"jetpack_publicize_connections":[],"jetpack-related-posts":[],"jetpack_shortlink":"https:\/\/wp.me\/p7Eq1F-d7J","jetpack_sharing_enabled":true,"jetpack_featured_media_url":"","_links":{"self":[{"href":"https:\/\/guialimeira.com.br\/news\/wp-json\/wp\/v2\/posts\/50451","targetHints":{"allow":["GET"]}}],"collection":[{"href":"https:\/\/guialimeira.com.br\/news\/wp-json\/wp\/v2\/posts"}],"about":[{"href":"https:\/\/guialimeira.com.br\/news\/wp-json\/wp\/v2\/types\/post"}],"author":[{"embeddable":true,"href":"https:\/\/guialimeira.com.br\/news\/wp-json\/wp\/v2\/users\/1"}],"replies":[{"embeddable":true,"href":"https:\/\/guialimeira.com.br\/news\/wp-json\/wp\/v2\/comments?post=50451"}],"version-history":[{"count":1,"href":"https:\/\/guialimeira.com.br\/news\/wp-json\/wp\/v2\/posts\/50451\/revisions"}],"predecessor-version":[{"id":50452,"href":"https:\/\/guialimeira.com.br\/news\/wp-json\/wp\/v2\/posts\/50451\/revisions\/50452"}],"wp:attachment":[{"href":"https:\/\/guialimeira.com.br\/news\/wp-json\/wp\/v2\/media?parent=50451"}],"wp:term":[{"taxonomy":"category","embeddable":true,"href":"https:\/\/guialimeira.com.br\/news\/wp-json\/wp\/v2\/categories?post=50451"},{"taxonomy":"post_tag","embeddable":true,"href":"https:\/\/guialimeira.com.br\/news\/wp-json\/wp\/v2\/tags?post=50451"}],"curies":[{"name":"wp","href":"https:\/\/api.w.org\/{rel}","templated":true}]}}