{"id":504,"date":"2024-03-30T05:05:49","date_gmt":"2024-03-30T08:05:49","guid":{"rendered":"https:\/\/guialimeira.com.br\/2024\/03\/30\/educacao-recebe-kits-de-livros-em-libras-para-escolas-municipais-portal-do-municipio-de-piracicaba\/"},"modified":"2024-03-30T05:05:49","modified_gmt":"2024-03-30T08:05:49","slug":"educacao-recebe-kits-de-livros-em-libras-para-escolas-municipais-portal-do-municipio-de-piracicaba","status":"publish","type":"post","link":"https:\/\/guialimeira.com.br\/news\/educacao-recebe-kits-de-livros-em-libras-para-escolas-municipais-portal-do-municipio-de-piracicaba\/","title":{"rendered":"Educa\u00e7\u00e3o recebe kits de livros em Libras para escolas municipais \u2013 Portal do Munic\u00edpio de Piracicaba"},"content":{"rendered":"<p> <br \/>\n<\/p>\n<div>\n<p><em>Material, adquirido por meio de conv\u00eanio com o Governo do Estado, ser\u00e1 usado por todos os alunos das duas escolas de refer\u00eancia, visto que o objetivo \u00e9 expandir o ensino da l\u00edngua<\/em><\/p>\n<p>Em mais um passo significativo rumo \u00e0 educa\u00e7\u00e3o inclusiva, a Prefeitura de Piracicaba, por meio da Secretaria de Educa\u00e7\u00e3o, recebeu 11 kits de livros em Libras (L\u00edngua Brasileira de Sinais) que ser\u00e3o utilizados nas escolas de refer\u00eancia Emef Ilda Jenny Stolf Nogueira e Emei Alceu Marozzi Righetto.<\/p>\n<p>O material foi disponibilizado por um conv\u00eanio com o Governo do Estado de S\u00e3o Paulo, por meio da Secretaria de Estado dos Direitos das Pessoas com Defici\u00eancia e o Programa Cidade Acess\u00edvel (Decreto 66.053 de setembro de 2021).<\/p>\n<p>Cada kit \u00e9 composto por cinco livros abordando temas como alfabeto e n\u00fameros, alimentos, animais, cores, esporte e lazer. Os exemplares apresentam palavras em Libras acompanhadas de desenhos correspondentes, facilitando o aprendizado e o di\u00e1logo inclusivo.<\/p>\n<p>A diretora do N\u00facleo Municipal de Apoio Pedag\u00f3gico de Educa\u00e7\u00e3o Especial de Piracicaba (Numape), Vanessa Souto, destacou que o material ser\u00e1 usado por todos os alunos das escolas de refer\u00eancia, e n\u00e3o apenas aqueles que possuem defici\u00eancia auditiva, visto que o objetivo \u00e9 expandir o ensino de Libras. \u201cS\u00e3o materiais que proporcionam a aquisi\u00e7\u00e3o da Libras de forma prazerosa, contribuindo para o processo de alfabetiza\u00e7\u00e3o das crian\u00e7as surdas. Al\u00e9m de proporcionar a ludicidade e a intera\u00e7\u00e3o entre surdos e ouvintes, envolvidos na mesma atividade em sala de aula.\u201d<\/p>\n<p>O secret\u00e1rio de Educa\u00e7\u00e3o, Bruno Roza, ressaltou a import\u00e2ncia do conv\u00eanio para as escolas municipais. \u201cEsses livros representam um passo importante para a consolida\u00e7\u00e3o da educa\u00e7\u00e3o inclusiva em Piracicaba, garantindo o acesso dos alunos a materiais essenciais e refor\u00e7ando o compromisso do munic\u00edpio com a promo\u00e7\u00e3o dos direitos de todos os cidad\u00e3os\u201d, afirmou.<\/p>\n<p>O programa Cidade Acess\u00edvel oferece aos munic\u00edpios equipamentos e obras de acessibilidade voltadas \u00e0 melhoria da qualidade de vida das pessoas com defici\u00eancia, por meio de parcerias que envolvem investimentos em diversas \u00e1reas, como esporte, lazer, infraestrutura, acessibilidade e educa\u00e7\u00e3o.<\/p>\n<p>Os kits foram adquiridos por meio de indica\u00e7\u00e3o da deputada estadual Val\u00e9ria Bolsonaro.<\/p>\n<figure class=\"wp-block-image size-large is-resized\"><img data-recalc-dims=\"1\" fetchpriority=\"high\" decoding=\"async\" width=\"696\" height=\"464\" src=\"https:\/\/i0.wp.com\/piracicaba.sp.gov.br\/wp-content\/uploads\/2024\/02\/Convenio-disponibilizou-11-kits-de-livros-em-Libras-que-serao-utilizados-nas-escolas-referencia-Emef-Ilda-Jenny-Stolf-Nogueira-e-Emei-Alceu-Marozzi-Righetto-1024x682.jpg?resize=696%2C464&#038;ssl=1\" alt=\"\" class=\"wp-image-73328\" style=\"width:840px;height:auto\" srcset=\"https:\/\/piracicaba.sp.gov.br\/wp-content\/uploads\/2024\/02\/Convenio-disponibilizou-11-kits-de-livros-em-Libras-que-serao-utilizados-nas-escolas-referencia-Emef-Ilda-Jenny-Stolf-Nogueira-e-Emei-Alceu-Marozzi-Righetto-1024x682.jpg 1024w, https:\/\/piracicaba.sp.gov.br\/wp-content\/uploads\/2024\/02\/Convenio-disponibilizou-11-kits-de-livros-em-Libras-que-serao-utilizados-nas-escolas-referencia-Emef-Ilda-Jenny-Stolf-Nogueira-e-Emei-Alceu-Marozzi-Righetto-300x200.jpg 300w, https:\/\/piracicaba.sp.gov.br\/wp-content\/uploads\/2024\/02\/Convenio-disponibilizou-11-kits-de-livros-em-Libras-que-serao-utilizados-nas-escolas-referencia-Emef-Ilda-Jenny-Stolf-Nogueira-e-Emei-Alceu-Marozzi-Righetto-768x512.jpg 768w, https:\/\/piracicaba.sp.gov.br\/wp-content\/uploads\/2024\/02\/Convenio-disponibilizou-11-kits-de-livros-em-Libras-que-serao-utilizados-nas-escolas-referencia-Emef-Ilda-Jenny-Stolf-Nogueira-e-Emei-Alceu-Marozzi-Righetto.jpg 1280w\" sizes=\"(max-width: 1024px) 100vw, 1024px\"\/><figcaption class=\"wp-element-caption\">Conv\u00eanio disponibilizou 11 kits de livros em Libras que ser\u00e3o utilizados nas escolas refer\u00eancia Emef Ilda Jenny Stolf Nogueira e Emei Alceu Marozzi Righetto<\/figcaption><\/figure>\n<\/div>\n<p><br \/>\n<br \/><a href=\"https:\/\/piracicaba.sp.gov.br\/noticias\/educacao-recebe-kits-de-livros-em-libras-para-escolas-municipais\/\" rel=\"noopener\">Informa\u00e7\u00f5es PMP <\/a><\/p>\n","protected":false},"excerpt":{"rendered":"<p>Material, adquirido por meio de conv\u00eanio com o Governo do Estado, ser\u00e1 usado por todos os alunos das duas escolas de refer\u00eancia, visto que o objetivo \u00e9 expandir o ensino da l\u00edngua Em mais um passo significativo rumo \u00e0 educa\u00e7\u00e3o inclusiva, a Prefeitura de Piracicaba, por meio da Secretaria de Educa\u00e7\u00e3o, recebeu 11 kits de [&hellip;]<\/p>\n","protected":false},"author":1,"featured_media":505,"comment_status":"open","ping_status":"open","sticky":false,"template":"","format":"standard","meta":{"_jetpack_newsletter_access":"","_jetpack_dont_email_post_to_subs":false,"_jetpack_newsletter_tier_id":0,"_jetpack_memberships_contains_paywalled_content":false,"_mbp_banners":[],"_jetpack_feature_clip_id":0,"_jetpack_memberships_contains_paid_content":false,"footnotes":"","jetpack_publicize_message":"","jetpack_publicize_feature_enabled":true,"jetpack_social_post_already_shared":true,"jetpack_social_options":{"image_generator_settings":{"template":"highway","default_image_id":0,"font":"","enabled":false},"version":2},"jetpack_post_was_ever_published":false},"categories":[20],"tags":[],"class_list":["post-504","post","type-post","status-publish","format-standard","has-post-thumbnail","category-regiao"],"jetpack_publicize_connections":[],"jetpack-related-posts":[],"jetpack_shortlink":"https:\/\/wp.me\/p7Eq1F-88","jetpack_sharing_enabled":true,"jetpack_featured_media_url":"https:\/\/i0.wp.com\/guialimeira.com.br\/news\/wp-content\/uploads\/2024\/03\/Convenio-disponibilizou-11-kits-de-livros-em-Libras-que-serao-utilizados-nas-escolas-referencia-Emef-Ilda-Jenny-Stolf-Nogueira-e-Emei-Alceu-Marozzi-Righetto-1024x682.jpg?fit=1024%2C682&ssl=1","_links":{"self":[{"href":"https:\/\/guialimeira.com.br\/news\/wp-json\/wp\/v2\/posts\/504","targetHints":{"allow":["GET"]}}],"collection":[{"href":"https:\/\/guialimeira.com.br\/news\/wp-json\/wp\/v2\/posts"}],"about":[{"href":"https:\/\/guialimeira.com.br\/news\/wp-json\/wp\/v2\/types\/post"}],"author":[{"embeddable":true,"href":"https:\/\/guialimeira.com.br\/news\/wp-json\/wp\/v2\/users\/1"}],"replies":[{"embeddable":true,"href":"https:\/\/guialimeira.com.br\/news\/wp-json\/wp\/v2\/comments?post=504"}],"version-history":[{"count":0,"href":"https:\/\/guialimeira.com.br\/news\/wp-json\/wp\/v2\/posts\/504\/revisions"}],"wp:featuredmedia":[{"embeddable":true,"href":"https:\/\/guialimeira.com.br\/news\/wp-json\/wp\/v2\/media\/505"}],"wp:attachment":[{"href":"https:\/\/guialimeira.com.br\/news\/wp-json\/wp\/v2\/media?parent=504"}],"wp:term":[{"taxonomy":"category","embeddable":true,"href":"https:\/\/guialimeira.com.br\/news\/wp-json\/wp\/v2\/categories?post=504"},{"taxonomy":"post_tag","embeddable":true,"href":"https:\/\/guialimeira.com.br\/news\/wp-json\/wp\/v2\/tags?post=504"}],"curies":[{"name":"wp","href":"https:\/\/api.w.org\/{rel}","templated":true}]}}