{"id":50399,"date":"2025-11-26T14:22:00","date_gmt":"2025-11-26T17:22:00","guid":{"rendered":"https:\/\/guialimeira.com.br\/?p=50399"},"modified":"2025-11-26T14:22:00","modified_gmt":"2025-11-26T17:22:00","slug":"decreto-define-horario-especial-do-comercio-de-cordeiropolis-em-dezembro-prefeitura-municipal-de-cordeiropolis","status":"publish","type":"post","link":"https:\/\/guialimeira.com.br\/news\/decreto-define-horario-especial-do-comercio-de-cordeiropolis-em-dezembro-prefeitura-municipal-de-cordeiropolis\/","title":{"rendered":"Decreto define hor\u00e1rio especial do com\u00e9rcio de Cordeir\u00f3polis em dezembro \u2013 Prefeitura Municipal de Cordeir\u00f3polis"},"content":{"rendered":"<p> <br \/>\n<\/p>\n<div>\n<p>A prefeita Cristina Saad assinou decreto, publicado na edi\u00e7\u00e3o desta quarta-feira (26) do Jornal Oficial, que amplia o hor\u00e1rio do com\u00e9rcio em dezembro. Os novos hor\u00e1rios valem de 5 de dezembro a 1\u00ba de janeiro de 2026. \u201c\u00c9 uma oportunidade para que a popula\u00e7\u00e3o aproveite o hor\u00e1rio estendido para fazer suas compras, valorizando nosso com\u00e9rcio local\u201d, afirmou Cristina.<\/p>\n<p>De segunda a sexta-feira, o hor\u00e1rio do com\u00e9rcio ser\u00e1 das 9h \u00e0s 22h. Nos s\u00e1bados de dezembro, o atendimento ocorrer\u00e1 das 9h \u00e0s 19h. J\u00e1 aos domingos, os comerciantes podem atender das 10h \u00e0s 15h. Nas v\u00e9speras de Natal (24) e de Ano Novo (31), o com\u00e9rcio funcionar\u00e1 das 9h \u00e0s 16h. Nos feriados, os estabelecimentos ficam fechados.<\/p>\n<p>O decreto prev\u00ea que os novos hor\u00e1rios devem atender \u00e0 legisla\u00e7\u00e3o federal quanto ao contrato, dura\u00e7\u00e3o e condi\u00e7\u00f5es de trabalho.<\/p>\n<\/p><\/div>\n<p><br \/>\n<br \/><a href=\"https:\/\/www.cordeiropolis.sp.gov.br\/decreto-define-horario-especial-do-comercio-de-cordeiropolis-em-dezembro\/\" rel=\"noopener\">Informa\u00e7\u00f5es Cordeir\u00f3polis <\/a><\/p>\n","protected":false},"excerpt":{"rendered":"<p>A prefeita Cristina Saad assinou decreto, publicado na edi\u00e7\u00e3o desta quarta-feira (26) do Jornal Oficial, que amplia o hor\u00e1rio do com\u00e9rcio em dezembro. Os novos hor\u00e1rios valem de 5 de dezembro a 1\u00ba de janeiro de 2026. \u201c\u00c9 uma oportunidade para que a popula\u00e7\u00e3o aproveite o hor\u00e1rio estendido para fazer suas compras, valorizando nosso com\u00e9rcio [&hellip;]<\/p>\n","protected":false},"author":1,"featured_media":0,"comment_status":"open","ping_status":"open","sticky":false,"template":"","format":"standard","meta":{"_jetpack_newsletter_access":"","_jetpack_dont_email_post_to_subs":false,"_jetpack_newsletter_tier_id":0,"_jetpack_memberships_contains_paywalled_content":false,"_mbp_banners":[],"_jetpack_feature_clip_id":0,"_jetpack_memberships_contains_paid_content":false,"footnotes":"","jetpack_publicize_message":"","jetpack_publicize_feature_enabled":true,"jetpack_social_post_already_shared":true,"jetpack_social_options":{"image_generator_settings":{"template":"highway","default_image_id":0,"font":"","enabled":false},"version":2},"jetpack_post_was_ever_published":false},"categories":[20],"tags":[],"class_list":["post-50399","post","type-post","status-publish","format-standard","category-regiao"],"jetpack_publicize_connections":[],"jetpack-related-posts":[],"jetpack_shortlink":"https:\/\/wp.me\/p7Eq1F-d6T","jetpack_sharing_enabled":true,"jetpack_featured_media_url":"","_links":{"self":[{"href":"https:\/\/guialimeira.com.br\/news\/wp-json\/wp\/v2\/posts\/50399","targetHints":{"allow":["GET"]}}],"collection":[{"href":"https:\/\/guialimeira.com.br\/news\/wp-json\/wp\/v2\/posts"}],"about":[{"href":"https:\/\/guialimeira.com.br\/news\/wp-json\/wp\/v2\/types\/post"}],"author":[{"embeddable":true,"href":"https:\/\/guialimeira.com.br\/news\/wp-json\/wp\/v2\/users\/1"}],"replies":[{"embeddable":true,"href":"https:\/\/guialimeira.com.br\/news\/wp-json\/wp\/v2\/comments?post=50399"}],"version-history":[{"count":1,"href":"https:\/\/guialimeira.com.br\/news\/wp-json\/wp\/v2\/posts\/50399\/revisions"}],"predecessor-version":[{"id":50400,"href":"https:\/\/guialimeira.com.br\/news\/wp-json\/wp\/v2\/posts\/50399\/revisions\/50400"}],"wp:attachment":[{"href":"https:\/\/guialimeira.com.br\/news\/wp-json\/wp\/v2\/media?parent=50399"}],"wp:term":[{"taxonomy":"category","embeddable":true,"href":"https:\/\/guialimeira.com.br\/news\/wp-json\/wp\/v2\/categories?post=50399"},{"taxonomy":"post_tag","embeddable":true,"href":"https:\/\/guialimeira.com.br\/news\/wp-json\/wp\/v2\/tags?post=50399"}],"curies":[{"name":"wp","href":"https:\/\/api.w.org\/{rel}","templated":true}]}}