{"id":5039,"date":"2024-05-14T22:58:44","date_gmt":"2024-05-15T01:58:44","guid":{"rendered":"https:\/\/guialimeira.com.br\/2024\/05\/14\/petrobras-prates-pede-que-conselho-avalie-fim-de-mandato\/"},"modified":"2024-05-14T22:58:44","modified_gmt":"2024-05-15T01:58:44","slug":"petrobras-prates-pede-que-conselho-avalie-fim-de-mandato","status":"publish","type":"post","link":"https:\/\/guialimeira.com.br\/news\/petrobras-prates-pede-que-conselho-avalie-fim-de-mandato\/","title":{"rendered":"Petrobras: Prates pede que conselho avalie fim de mandato"},"content":{"rendered":"<p> <br \/>\n<\/p>\n<div>\n<p>A\u00a0Petrobras divulgou comunicado aos acionistas na noite desta ter\u00e7a-feira (14) informando a sa\u00edda de Jean Paul Prates da presid\u00eancia da estatal.\u00a0<img data-recalc-dims=\"1\" decoding=\"async\" src=\"https:\/\/i0.wp.com\/agenciabrasil.ebc.com.br\/ebc.png?w=696&#038;ssl=1\" style=\"width:1px; height:1px; display:inline;\"\/><img data-recalc-dims=\"1\" decoding=\"async\" src=\"https:\/\/i0.wp.com\/agenciabrasil.ebc.com.br\/ebc.gif?w=696&#038;ssl=1\" style=\"width:1px; height:1px; display:inline;\"\/><\/p>\n<p>Na nota, a empresa diz que Prates solicitou que\u00a0o &#8220;Conselho de Administra\u00e7\u00e3o da Companhia se re\u00fana para apreciar o encerramento antecipado de seu mandato como Presidente da Petrobras de forma negociada&#8221;.<\/p>\n<p>&#8220;Adicionalmente, o Sr. Jean Paul informou que, se uma vez aprovado, o encerramento indicado, ele pretende posteriormente apresentar sua ren\u00fancia ao cargo de membro do Conselho de Administra\u00e7\u00e3o da Petrobras. Fatos julgados relevantes ser\u00e3o tempestivamente divulgados ao mercado&#8221;, acrescenta o comunicado.\u00a0<\/p>\n<p>Advogado e economista, Prates assumiu a presid\u00eancia da Petrobras no in\u00edcio do governo do presidente Luiz In\u00e1cio Lula da Silva. Prates foi eleito em 2014 primeiro suplente da senadora F\u00e1tima Bezerra (PT-RN), para o per\u00edodo 2015-2022, e assumiu a vaga dela no Senado em 2019, ap\u00f3s sua elei\u00e7\u00e3o para governadora do Rio Grande do Norte.<\/p>\n<p>Prates foi membro da assessoria jur\u00eddica da Petrobras Internacional (Braspetro), no fim da d\u00e9cada de 1980, e teve sua atua\u00e7\u00e3o profissional ligada \u00e0 \u00e1rea de petr\u00f3leo e g\u00e1s, participando da elabora\u00e7\u00e3o da Lei do Petr\u00f3leo e da reda\u00e7\u00e3o do modelo do contrato de concess\u00e3o oficial brasileiro e do decreto dos royalties.\u00a0Foi tamb\u00e9m secret\u00e1rio de Energia do Rio Grande do Norte.<\/p>\n<p>\u00a0<\/p>\n<\/p><\/div>\n<p><br \/>\n<br \/><a href=\"https:\/\/agenciabrasil.ebc.com.br\/economia\/noticia\/2024-05\/petrobras-prates-pede-que-conselho-avalie-fim-de-mandato\" rel=\"noopener\">Ag\u00eancia Brasil<\/a><\/p>\n","protected":false},"excerpt":{"rendered":"<p>A\u00a0Petrobras divulgou comunicado aos acionistas na noite desta ter\u00e7a-feira (14) informando a sa\u00edda de Jean Paul Prates da presid\u00eancia da estatal.\u00a0 Na nota, a empresa diz que Prates solicitou que\u00a0o &#8220;Conselho de Administra\u00e7\u00e3o da Companhia se re\u00fana para apreciar o encerramento antecipado de seu mandato como Presidente da Petrobras de forma negociada&#8221;. &#8220;Adicionalmente, o Sr. [&hellip;]<\/p>\n","protected":false},"author":1,"featured_media":5040,"comment_status":"open","ping_status":"open","sticky":false,"template":"","format":"standard","meta":{"_jetpack_newsletter_access":"","_jetpack_dont_email_post_to_subs":false,"_jetpack_newsletter_tier_id":0,"_jetpack_memberships_contains_paywalled_content":false,"_mbp_banners":[],"_jetpack_feature_clip_id":0,"_jetpack_memberships_contains_paid_content":false,"footnotes":"","jetpack_publicize_message":"","jetpack_publicize_feature_enabled":true,"jetpack_social_post_already_shared":true,"jetpack_social_options":{"image_generator_settings":{"template":"highway","default_image_id":0,"font":"","enabled":false},"version":2},"jetpack_post_was_ever_published":false},"categories":[24],"tags":[],"class_list":["post-5039","post","type-post","status-publish","format-standard","has-post-thumbnail","category-economia"],"jetpack_publicize_connections":[],"jetpack-related-posts":[],"jetpack_shortlink":"https:\/\/wp.me\/p7Eq1F-1jh","jetpack_sharing_enabled":true,"jetpack_featured_media_url":"https:\/\/i0.wp.com\/guialimeira.com.br\/news\/wp-content\/uploads\/2024\/05\/16082023-lula2850.jpg?fit=1600%2C800&ssl=1","_links":{"self":[{"href":"https:\/\/guialimeira.com.br\/news\/wp-json\/wp\/v2\/posts\/5039","targetHints":{"allow":["GET"]}}],"collection":[{"href":"https:\/\/guialimeira.com.br\/news\/wp-json\/wp\/v2\/posts"}],"about":[{"href":"https:\/\/guialimeira.com.br\/news\/wp-json\/wp\/v2\/types\/post"}],"author":[{"embeddable":true,"href":"https:\/\/guialimeira.com.br\/news\/wp-json\/wp\/v2\/users\/1"}],"replies":[{"embeddable":true,"href":"https:\/\/guialimeira.com.br\/news\/wp-json\/wp\/v2\/comments?post=5039"}],"version-history":[{"count":0,"href":"https:\/\/guialimeira.com.br\/news\/wp-json\/wp\/v2\/posts\/5039\/revisions"}],"wp:featuredmedia":[{"embeddable":true,"href":"https:\/\/guialimeira.com.br\/news\/wp-json\/wp\/v2\/media\/5040"}],"wp:attachment":[{"href":"https:\/\/guialimeira.com.br\/news\/wp-json\/wp\/v2\/media?parent=5039"}],"wp:term":[{"taxonomy":"category","embeddable":true,"href":"https:\/\/guialimeira.com.br\/news\/wp-json\/wp\/v2\/categories?post=5039"},{"taxonomy":"post_tag","embeddable":true,"href":"https:\/\/guialimeira.com.br\/news\/wp-json\/wp\/v2\/tags?post=5039"}],"curies":[{"name":"wp","href":"https:\/\/api.w.org\/{rel}","templated":true}]}}