{"id":50347,"date":"2025-11-25T17:51:01","date_gmt":"2025-11-25T20:51:01","guid":{"rendered":"https:\/\/guialimeira.com.br\/?p=50347"},"modified":"2025-11-25T17:51:01","modified_gmt":"2025-11-25T20:51:01","slug":"natal-iluminado-de-cordeiropolis-comeca-no-sabado-com-show-elton-jhon-cover-prefeitura-municipal-de-cordeiropolis","status":"publish","type":"post","link":"https:\/\/guialimeira.com.br\/news\/natal-iluminado-de-cordeiropolis-comeca-no-sabado-com-show-elton-jhon-cover-prefeitura-municipal-de-cordeiropolis\/","title":{"rendered":"Natal Iluminado de Cordeir\u00f3polis come\u00e7a no s\u00e1bado com show Elton Jhon Cover \u2013 Prefeitura Municipal de Cordeir\u00f3polis"},"content":{"rendered":"<p> <br \/>\n<\/p>\n<div>\n<p>O Natal Iluminado de Cordeir\u00f3polis come\u00e7a neste s\u00e1bado (29) com uma s\u00e9rie de shows e apresenta\u00e7\u00f5es gratuitas na Pra\u00e7a Central \u201cComendador Jamil Abrah\u00e3o Saad\u201d ao longo de dezembro. O lan\u00e7amento da programa\u00e7\u00e3o ser\u00e1 \u00e0s 19h, com o show de Elton Jhon Cover na sequ\u00eancia. O Papai Noel chega em 5 de dezembro e ficar\u00e1 numa estrutura que remete a uma Esta\u00e7\u00e3o, pr\u00f3ximo \u00e0 igreja.<\/p>\n<p>Tanto a Pra\u00e7a Central como a Pra\u00e7a Francisco Orlando Stocco, da prefeitura, receberam ilumina\u00e7\u00e3o e decora\u00e7\u00f5es natalinas. No dia 5, al\u00e9m da chegada do \u201cBom Velhinho\u201d \u00e0s 19h, acontece a apresenta\u00e7\u00e3o do Projeto Guri, a partir das 20h. A programa\u00e7\u00e3o completa, que continua durante todo o m\u00eas, pode ser conferida nos canais oficiais da prefeitura.<\/p>\n<p>A programa\u00e7\u00e3o inclui ainda a passagem do Trem Iluminado da Rumo, que acontecer\u00e1 no dia 15 de dezembro. A previs\u00e3o \u00e9 que a locomotiva saia de Rio Claro \u00e0s 19h.<\/p>\n<p><strong>Foto: Daniel Buchara<\/strong><\/p>\n<\/p><\/div>\n<p><br \/>\n<br \/><a href=\"https:\/\/www.cordeiropolis.sp.gov.br\/natal-iluminado-de-cordeiropolis-comeca-no-sabado-com-show-elton-jhon-cover\/\" rel=\"noopener\">Informa\u00e7\u00f5es Cordeir\u00f3polis <\/a><\/p>\n","protected":false},"excerpt":{"rendered":"<p>O Natal Iluminado de Cordeir\u00f3polis come\u00e7a neste s\u00e1bado (29) com uma s\u00e9rie de shows e apresenta\u00e7\u00f5es gratuitas na Pra\u00e7a Central \u201cComendador Jamil Abrah\u00e3o Saad\u201d ao longo de dezembro. O lan\u00e7amento da programa\u00e7\u00e3o ser\u00e1 \u00e0s 19h, com o show de Elton Jhon Cover na sequ\u00eancia. O Papai Noel chega em 5 de dezembro e ficar\u00e1 numa [&hellip;]<\/p>\n","protected":false},"author":1,"featured_media":0,"comment_status":"open","ping_status":"open","sticky":false,"template":"","format":"standard","meta":{"_jetpack_newsletter_access":"","_jetpack_dont_email_post_to_subs":false,"_jetpack_newsletter_tier_id":0,"_jetpack_memberships_contains_paywalled_content":false,"_mbp_banners":[],"_jetpack_feature_clip_id":0,"_jetpack_memberships_contains_paid_content":false,"footnotes":"","jetpack_publicize_message":"","jetpack_publicize_feature_enabled":true,"jetpack_social_post_already_shared":true,"jetpack_social_options":{"image_generator_settings":{"template":"highway","default_image_id":0,"font":"","enabled":false},"version":2},"jetpack_post_was_ever_published":false},"categories":[20],"tags":[],"class_list":["post-50347","post","type-post","status-publish","format-standard","category-regiao"],"jetpack_publicize_connections":[],"jetpack-related-posts":[],"jetpack_shortlink":"https:\/\/wp.me\/p7Eq1F-d63","jetpack_sharing_enabled":true,"jetpack_featured_media_url":"","_links":{"self":[{"href":"https:\/\/guialimeira.com.br\/news\/wp-json\/wp\/v2\/posts\/50347","targetHints":{"allow":["GET"]}}],"collection":[{"href":"https:\/\/guialimeira.com.br\/news\/wp-json\/wp\/v2\/posts"}],"about":[{"href":"https:\/\/guialimeira.com.br\/news\/wp-json\/wp\/v2\/types\/post"}],"author":[{"embeddable":true,"href":"https:\/\/guialimeira.com.br\/news\/wp-json\/wp\/v2\/users\/1"}],"replies":[{"embeddable":true,"href":"https:\/\/guialimeira.com.br\/news\/wp-json\/wp\/v2\/comments?post=50347"}],"version-history":[{"count":1,"href":"https:\/\/guialimeira.com.br\/news\/wp-json\/wp\/v2\/posts\/50347\/revisions"}],"predecessor-version":[{"id":50348,"href":"https:\/\/guialimeira.com.br\/news\/wp-json\/wp\/v2\/posts\/50347\/revisions\/50348"}],"wp:attachment":[{"href":"https:\/\/guialimeira.com.br\/news\/wp-json\/wp\/v2\/media?parent=50347"}],"wp:term":[{"taxonomy":"category","embeddable":true,"href":"https:\/\/guialimeira.com.br\/news\/wp-json\/wp\/v2\/categories?post=50347"},{"taxonomy":"post_tag","embeddable":true,"href":"https:\/\/guialimeira.com.br\/news\/wp-json\/wp\/v2\/tags?post=50347"}],"curies":[{"name":"wp","href":"https:\/\/api.w.org\/{rel}","templated":true}]}}