{"id":5033,"date":"2024-05-14T22:01:47","date_gmt":"2024-05-15T01:01:47","guid":{"rendered":"https:\/\/guialimeira.com.br\/2024\/05\/14\/governo-inaugura-escola-que-atende-170-alunos-em-tempo-integral-em-igaracu-do-tiete\/"},"modified":"2024-05-14T22:01:47","modified_gmt":"2024-05-15T01:01:47","slug":"governo-inaugura-escola-que-atende-170-alunos-em-tempo-integral-em-igaracu-do-tiete","status":"publish","type":"post","link":"https:\/\/guialimeira.com.br\/news\/governo-inaugura-escola-que-atende-170-alunos-em-tempo-integral-em-igaracu-do-tiete\/","title":{"rendered":"Governo inaugura escola que atende 170 alunos em tempo integral em Igara\u00e7u do Tiet\u00ea"},"content":{"rendered":"<p> <br \/>\n<\/p>\n<div id=\"\">&#13;<br \/>\n                                <!-- Title -->&#13;<br \/>\n                                &#13;<br \/>\n&#13;<br \/>\n                                <!-- Excerpt -->&#13;<\/p>\n<p class=\"excerpt\">Mais cedo, o governador em exerc\u00edcio Felicio Ramuth refor\u00e7ou pacto com munic\u00edpios durante encontro com lideran\u00e7as que comp\u00f5em cons\u00f3rcio <\/p>\n<p>&#13;<br \/>\n&#13;<br \/>\n                                &#13;\n                            <\/p><\/div>\n<div id=\"\">&#13;<\/p>\n<p>O Governo de SP mant\u00e9m o compromisso de entregar novas unidades escolares e reformar a infraestrutura educacional de S\u00e3o Paulo. Nesta ter\u00e7a-feira (14), em Igara\u00e7u do Tiet\u00ea, o governador em exerc\u00edcio Felicio Ramuth inaugurou oficialmente a nova escola local do Programa Ensino Integral (PEI) para o atendimento de 170 estudantes. O investimento na a\u00e7\u00e3o foi de R$2,3 milh\u00f5es. Mais cedo, em Ja\u00fa, Felicio se reuniu com lideran\u00e7as de 27 cidades no 2\u00ba Encontro Regional de Munic\u00edpios.<\/p>\n<p>\u201cO que n\u00f3s em primeiro lugar precisamos \u00e9 entregar o melhor servi\u00e7o para a popula\u00e7\u00e3o dos munic\u00edpios. E a Educa\u00e7\u00e3o \u00e9 sempre prioridade. \u00c9 isso que o governador Tarc\u00edsio deseja, e \u00e9 isso que voc\u00eas v\u00e3o ver\u201d, afirmou Felicio. \u201cO que o nosso governador quer \u00e9 efici\u00eancia. \u00c9 fazer entregas no tempo certo e do jeito certo. Claro que problemas acontecem, mas com bom planejamento a gente consegue evitar e construir sempre o melhor servi\u00e7o para a popula\u00e7\u00e3o do nosso estado\u201d, acrescentou.<\/p>\n<p>A entrega da Escola Estadual Fazenda Vista Alegre contou com a participa\u00e7\u00e3o do presidente da Funda\u00e7\u00e3o para o Desenvolvimento da Educa\u00e7\u00e3o (FDE), Jean Pierre Neto, da dirigente regional de ensino da regi\u00e3o de Ja\u00fa, Adriana Rossetto, diretores escolares, professores da rede, alunos e familiares dos estudantes.<\/p>\n<p>A constru\u00e7\u00e3o da unidade ocorreu em parceria com a prefeitura local e atende aos estudantes dos anos finais do Ensino Fundamental e do Ensino M\u00e9dio em per\u00edodo integral. Os alunos ingressam \u00e0s 7h e mant\u00eam atividades curriculares e pedag\u00f3gicas at\u00e9 as 16h, com o fornecimento de tr\u00eas refei\u00e7\u00f5es di\u00e1rias.<\/p>\n<p>Com mais de 1.700 m\u00b2 de constru\u00e7\u00e3o e instalada em um terreno de mais de 5.1000 m 2, o pr\u00e9dio conta com oito salas de aula, sala multiuso, quadra de esportes e anfiteatro. \u201cEscola em tempo integral \u00e9 sin\u00f4nimo de oportunidade. Oportunidade de aprender mais, de conviver mais e melhor e de fortalecer os v\u00ednculos sociais. \u00c9 enorme minha satisfa\u00e7\u00e3o em ver a alegria estampada no rosto de cada aluno matriculado aqui. \u00c9 o que nos faz ter certeza de que estamos no caminho certo\u201d, afirmou o presidente da Funda\u00e7\u00e3o para o Desenvolvimento da Educa\u00e7\u00e3o (FDE), Jean Pierre Neto.<\/p>\n<p>Ao todo, o governo Tarc\u00edsio de Freitas entregou nos 16 primeiros meses de gest\u00e3o 1.071 obras em escolas. Foram R$ 907,7 milh\u00f5es em investimento em benef\u00edcio de 584 mil alunos. No trabalho ocorreram reformas de quadras, cozinhas, refeit\u00f3rios e salas de aula, al\u00e9m da revitaliza\u00e7\u00e3o de fachadas e interven\u00e7\u00f5es em telhados e adequa\u00e7\u00f5es de acessibilidade. Tamb\u00e9m foram constru\u00eddas 34 novas creches, com or\u00e7amento superior a R$ 62,5 milh\u00f5es, e criadas mais de 4.340 vagas.<\/p>\n<p><strong>Encontro com Munic\u00edpios<\/strong><\/p>\n<p>Mais cedo, Felicio participou do 2\u00ba Encontro Regional de Munic\u00edpios, em Ja\u00fa, onde refor\u00e7ou o compromisso da atual gest\u00e3o de se manter pr\u00f3xima aos munic\u00edpios paulistas. O evento reuniu prefeitos representantes dos 27 munic\u00edpios das regi\u00f5es de Bauru, Araraquara e Piracicaba, e que integram o Cons\u00f3rcio Intermunicipal dos Vales dos Rios Tiet\u00ea-Paran\u00e1 (CITP).<\/p>\n<p>\u201cA import\u00e2ncia de a gente estar pr\u00f3ximo, entendendo os problemas de perto \u00e9 um desejo do governador Tarc\u00edsio de Freitas. Por isso que a gente quer visitar todo o estado entregando nossas realiza\u00e7\u00f5es, celebrando a continuidade de obras e de novas pol\u00edticas p\u00fablicas para solu\u00e7\u00f5es de problemas antigos, na Sa\u00fade, Educa\u00e7\u00e3o, Social, Seguran\u00e7a, Desenvolvimento e Meio Ambiente \u201c, afirmou. Felicio. \u201cE atrav\u00e9s dos cons\u00f3rcios e eventos que re\u00fanem v\u00e1rios munic\u00edpios tudo fica muito mais f\u00e1cil, pois a gente consegue ganhar agilidade\u201d, acrescentou.<\/p>\n<p>O encontro teve como tema \u201cSolu\u00e7\u00f5es para os Munic\u00edpios atrav\u00e9s de arranjos regionalizados \u2013 A alternativa mais eficiente e econ\u00f4mica\u201d, e promoveu um amplo debate sobre a implementa\u00e7\u00e3o de novas pol\u00edticas p\u00fablicas nas atuais gest\u00f5es municipais.<\/p>\n<p>O governo paulista apresentou, por meio da Secretaria de Justi\u00e7a e Cidadania, as oportunidades do programa Novos Tempos, que estabelece parceria com as prefeituras locais para o desenvolvimento de a\u00e7\u00f5es que atuam na inser\u00e7\u00e3o de jovens egressos do sistema socioeducativo no mercado de trabalho.<\/p>\n<\/p><\/div>\n<p><br \/>\n<br \/><a href=\"https:\/\/www.saopaulo.sp.gov.br\/spnoticias\/ultimas-noticias\/governo-inaugura-escola-que-atende-170-alunos-em-tempo-integral-em-igaracu-do-tiete\/\" rel=\"noopener\">Informa\u00e7\u00f5es GOV.SP<\/a><\/p>\n","protected":false},"excerpt":{"rendered":"<p>&#13; &#13; &#13; &#13; &#13; Mais cedo, o governador em exerc\u00edcio Felicio Ramuth refor\u00e7ou pacto com munic\u00edpios durante encontro com lideran\u00e7as que comp\u00f5em cons\u00f3rcio &#13; &#13; &#13; &#13; O Governo de SP mant\u00e9m o compromisso de entregar novas unidades escolares e reformar a infraestrutura educacional de S\u00e3o Paulo. Nesta ter\u00e7a-feira (14), em Igara\u00e7u do Tiet\u00ea, [&hellip;]<\/p>\n","protected":false},"author":1,"featured_media":238,"comment_status":"open","ping_status":"open","sticky":false,"template":"","format":"standard","meta":{"_jetpack_newsletter_access":"","_jetpack_dont_email_post_to_subs":false,"_jetpack_newsletter_tier_id":0,"_jetpack_memberships_contains_paywalled_content":false,"_mbp_banners":[],"_jetpack_feature_clip_id":0,"_jetpack_memberships_contains_paid_content":false,"footnotes":"","jetpack_publicize_message":"","jetpack_publicize_feature_enabled":true,"jetpack_social_post_already_shared":true,"jetpack_social_options":{"image_generator_settings":{"template":"highway","default_image_id":0,"font":"","enabled":false},"version":2},"jetpack_post_was_ever_published":false},"categories":[21],"tags":[],"class_list":["post-5033","post","type-post","status-publish","format-standard","has-post-thumbnail","category-sp-news"],"jetpack_publicize_connections":[],"jetpack-related-posts":[],"jetpack_shortlink":"https:\/\/wp.me\/p7Eq1F-1jb","jetpack_sharing_enabled":true,"jetpack_featured_media_url":"https:\/\/i0.wp.com\/guialimeira.com.br\/news\/wp-content\/uploads\/2024\/03\/cover.png?fit=650%2C650&ssl=1","_links":{"self":[{"href":"https:\/\/guialimeira.com.br\/news\/wp-json\/wp\/v2\/posts\/5033","targetHints":{"allow":["GET"]}}],"collection":[{"href":"https:\/\/guialimeira.com.br\/news\/wp-json\/wp\/v2\/posts"}],"about":[{"href":"https:\/\/guialimeira.com.br\/news\/wp-json\/wp\/v2\/types\/post"}],"author":[{"embeddable":true,"href":"https:\/\/guialimeira.com.br\/news\/wp-json\/wp\/v2\/users\/1"}],"replies":[{"embeddable":true,"href":"https:\/\/guialimeira.com.br\/news\/wp-json\/wp\/v2\/comments?post=5033"}],"version-history":[{"count":0,"href":"https:\/\/guialimeira.com.br\/news\/wp-json\/wp\/v2\/posts\/5033\/revisions"}],"wp:featuredmedia":[{"embeddable":true,"href":"https:\/\/guialimeira.com.br\/news\/wp-json\/wp\/v2\/media\/238"}],"wp:attachment":[{"href":"https:\/\/guialimeira.com.br\/news\/wp-json\/wp\/v2\/media?parent=5033"}],"wp:term":[{"taxonomy":"category","embeddable":true,"href":"https:\/\/guialimeira.com.br\/news\/wp-json\/wp\/v2\/categories?post=5033"},{"taxonomy":"post_tag","embeddable":true,"href":"https:\/\/guialimeira.com.br\/news\/wp-json\/wp\/v2\/tags?post=5033"}],"curies":[{"name":"wp","href":"https:\/\/api.w.org\/{rel}","templated":true}]}}