{"id":5029,"date":"2024-05-14T21:58:50","date_gmt":"2024-05-15T00:58:50","guid":{"rendered":"https:\/\/guialimeira.com.br\/2024\/05\/14\/atletico-cai-diante-do-penarol-e-perde-invencibilidade-na-libertadores\/"},"modified":"2024-05-14T21:58:50","modified_gmt":"2024-05-15T00:58:50","slug":"atletico-cai-diante-do-penarol-e-perde-invencibilidade-na-libertadores","status":"publish","type":"post","link":"https:\/\/guialimeira.com.br\/news\/atletico-cai-diante-do-penarol-e-perde-invencibilidade-na-libertadores\/","title":{"rendered":"Atl\u00e9tico cai diante do Pe\u00f1arol e perde invencibilidade na Libertadores"},"content":{"rendered":"<p> <br \/>\n<\/p>\n<div>\n<p>J\u00e1 classificado para as oitavas de final da Copa Libertadores, o Atl\u00e9tico-MG foi derrotado por 2 a 0 pelo Pe\u00f1arol (Uruguai) na noite desta ter\u00e7a-feira (14) no est\u00e1dio Campe\u00f3n del Siglo, em Montevid\u00e9u.<img data-recalc-dims=\"1\" decoding=\"async\" src=\"https:\/\/i0.wp.com\/agenciabrasil.ebc.com.br\/ebc.png?w=696&#038;ssl=1\" style=\"width:1px; height:1px; display:inline;\"\/><img data-recalc-dims=\"1\" decoding=\"async\" src=\"https:\/\/i0.wp.com\/agenciabrasil.ebc.com.br\/ebc.gif?w=696&#038;ssl=1\" style=\"width:1px; height:1px; display:inline;\"\/><\/p>\n<blockquote class=\"twitter-tweet\">\n<p dir=\"ltr\" lang=\"pt\" xml:lang=\"pt\">\ud83d\udfe1\u26ab\ufe0f &#8220;Pe\u00f1arol nom\u00e1!&#8221;<\/p>\n<p>\ud83c\uddfa\ud83c\uddfe Em casa, o <a href=\"https:\/\/twitter.com\/OficialCAP?ref_src=twsrc%5Etfw\" rel=\"noopener\">@OficialCAP<\/a> bateu o <a href=\"https:\/\/twitter.com\/Atletico?ref_src=twsrc%5Etfw\" rel=\"noopener\">@Atletico<\/a> por 2-0 e manteve a segunda coloca\u00e7\u00e3o do Grupo G da CONMEBOL <a href=\"https:\/\/twitter.com\/hashtag\/Libertadores?src=hash&amp;ref_src=twsrc%5Etfw\" rel=\"noopener\">#Libertadores<\/a>. <a href=\"https:\/\/t.co\/nEgkiPaQf2\">pic.twitter.com\/nEgkiPaQf2<\/a><\/p>\n<p>\u2014 CONMEBOL Libertadores (@LibertadoresBR) <a href=\"https:\/\/twitter.com\/LibertadoresBR\/status\/1790531738969461149?ref_src=twsrc%5Etfw\" rel=\"noopener\">May 14, 2024<\/a><\/p><\/blockquote>\n<p>Mesmo com este rev\u00e9s, ap\u00f3s o qual deixou de ter 100% de aproveitamento, o Galo permanece na lideran\u00e7a do Grupo G da competi\u00e7\u00e3o continental, com 12 pontos. J\u00e1 a equipe uruguaia chegou aos nove pontos, ocupando a vice-lideran\u00e7a da chave.<\/p>\n<p>Atuando em seus dom\u00ednios, o Pe\u00f1arol mostrou ser um advers\u00e1rio perigoso, em especial nas jogadas de bola parada com o meio-campista Leo Fern\u00e1ndez. E foi gra\u00e7as a este jogador que o time do Uruguai conseguiu construir sua vit\u00f3ria.<\/p>\n<p>O camisa oito do Pe\u00f1arol come\u00e7ou a desequilibrar a partida aos 25 minutos do segundo tempo, quando cobrou falta com muito veneno. A bola explodiu na trave e, ap\u00f3s bate e rebate na \u00e1rea, sobrou para Lucas Hern\u00e1ndez, que n\u00e3o vacilou.<\/p>\n<p>Cinco minutos depois Leo Fern\u00e1ndez voltou a ter oportunidade de cobrar uma falta da intermedi\u00e1ria. E o meio-campista aproveitou a oportunidade para soltar outro foguete que Everson defendeu parcialmente, permitindo que Maxi Silveira finalizasse com liberdade.<\/p>\n<p>Ap\u00f3s o rev\u00e9s na Copa Libertadores o Atl\u00e9tico-MG se concentra no Campeonato Brasileiro, competi\u00e7\u00e3o na qual mede for\u00e7as com o Bahia a partir das 16h (hor\u00e1rio de Bras\u00edlia) do pr\u00f3ximo domingo (19).<\/p>\n<\/p><\/div>\n<p><script async src=\"\/\/platform.twitter.com\/widgets.js\" charset=\"utf-8\"><\/script><br \/>\n<br \/><br \/>\n<br \/><a href=\"https:\/\/agenciabrasil.ebc.com.br\/esportes\/noticia\/2024-05\/atletico-cai-diante-do-penarol-e-perde-invencibilidade-na-libertadores\" rel=\"noopener\">Ag\u00eancia Brasil<\/a><\/p>\n","protected":false},"excerpt":{"rendered":"<p>J\u00e1 classificado para as oitavas de final da Copa Libertadores, o Atl\u00e9tico-MG foi derrotado por 2 a 0 pelo Pe\u00f1arol (Uruguai) na noite desta ter\u00e7a-feira (14) no est\u00e1dio Campe\u00f3n del Siglo, em Montevid\u00e9u. \ud83d\udfe1\u26ab\ufe0f &#8220;Pe\u00f1arol nom\u00e1!&#8221; \ud83c\uddfa\ud83c\uddfe Em casa, o @OficialCAP bateu o @Atletico por 2-0 e manteve a segunda coloca\u00e7\u00e3o do Grupo G da [&hellip;]<\/p>\n","protected":false},"author":1,"featured_media":5030,"comment_status":"open","ping_status":"open","sticky":false,"template":"","format":"standard","meta":{"_jetpack_newsletter_access":"","_jetpack_dont_email_post_to_subs":false,"_jetpack_newsletter_tier_id":0,"_jetpack_memberships_contains_paywalled_content":false,"_mbp_banners":[],"_jetpack_feature_clip_id":0,"_jetpack_memberships_contains_paid_content":false,"footnotes":"","jetpack_publicize_message":"","jetpack_publicize_feature_enabled":true,"jetpack_social_post_already_shared":true,"jetpack_social_options":{"image_generator_settings":{"template":"highway","default_image_id":0,"font":"","enabled":false},"version":2},"jetpack_post_was_ever_published":false},"categories":[23],"tags":[],"class_list":["post-5029","post","type-post","status-publish","format-standard","has-post-thumbnail","category-esportes"],"jetpack_publicize_connections":[],"jetpack-related-posts":[],"jetpack_shortlink":"https:\/\/wp.me\/p7Eq1F-1j7","jetpack_sharing_enabled":true,"jetpack_featured_media_url":"https:\/\/i0.wp.com\/guialimeira.com.br\/news\/wp-content\/uploads\/2024\/05\/53720908292_5d259f38f5_o.jpg?fit=1600%2C800&ssl=1","_links":{"self":[{"href":"https:\/\/guialimeira.com.br\/news\/wp-json\/wp\/v2\/posts\/5029","targetHints":{"allow":["GET"]}}],"collection":[{"href":"https:\/\/guialimeira.com.br\/news\/wp-json\/wp\/v2\/posts"}],"about":[{"href":"https:\/\/guialimeira.com.br\/news\/wp-json\/wp\/v2\/types\/post"}],"author":[{"embeddable":true,"href":"https:\/\/guialimeira.com.br\/news\/wp-json\/wp\/v2\/users\/1"}],"replies":[{"embeddable":true,"href":"https:\/\/guialimeira.com.br\/news\/wp-json\/wp\/v2\/comments?post=5029"}],"version-history":[{"count":0,"href":"https:\/\/guialimeira.com.br\/news\/wp-json\/wp\/v2\/posts\/5029\/revisions"}],"wp:featuredmedia":[{"embeddable":true,"href":"https:\/\/guialimeira.com.br\/news\/wp-json\/wp\/v2\/media\/5030"}],"wp:attachment":[{"href":"https:\/\/guialimeira.com.br\/news\/wp-json\/wp\/v2\/media?parent=5029"}],"wp:term":[{"taxonomy":"category","embeddable":true,"href":"https:\/\/guialimeira.com.br\/news\/wp-json\/wp\/v2\/categories?post=5029"},{"taxonomy":"post_tag","embeddable":true,"href":"https:\/\/guialimeira.com.br\/news\/wp-json\/wp\/v2\/tags?post=5029"}],"curies":[{"name":"wp","href":"https:\/\/api.w.org\/{rel}","templated":true}]}}