{"id":50054,"date":"2025-11-18T18:03:45","date_gmt":"2025-11-18T21:03:45","guid":{"rendered":"https:\/\/guialimeira.com.br\/?p=50054"},"modified":"2025-11-18T18:03:45","modified_gmt":"2025-11-18T21:03:45","slug":"feriado-da-consciencia-negra-altera-funcionamento-dos-servicos-municipais-nesta-quinta-20-e-sexta-feira-21","status":"publish","type":"post","link":"https:\/\/guialimeira.com.br\/news\/feriado-da-consciencia-negra-altera-funcionamento-dos-servicos-municipais-nesta-quinta-20-e-sexta-feira-21\/","title":{"rendered":"Feriado da Consci\u00eancia Negra altera funcionamento dos servi\u00e7os municipais nesta quinta (20) e sexta-feira (21)"},"content":{"rendered":"<p> <br \/>\n<\/p>\n<div>\n<p>A Prefeitura de Cordeir\u00f3polis informa que, em raz\u00e3o do feriado da Consci\u00eancia Negra, celebrado nesta quinta-feira (20), alguns servi\u00e7os municipais ter\u00e3o altera\u00e7\u00f5es no atendimento ao p\u00fablico. Confira como ficam os servi\u00e7os nos dois dias:<\/p>\n<p><strong>Prefeitura de Cordeir\u00f3polis:<\/strong><\/p>\n<p>20\/11: fechada<\/p>\n<p>21\/11: fechada<\/p>\n<p><strong>Centro de Lazer:<\/strong><\/p>\n<p>20\/11: fechado<\/p>\n<p>21\/11: aberto<\/p>\n<p><strong>Lago Uni\u00e3o:<\/strong><\/p>\n<p>20\/11: aberto<\/p>\n<p>21\/11: aberto<\/p>\n<p><strong>Poupatempo:<\/strong><\/p>\n<p>20\/11: fechado<\/p>\n<p>21\/11: aberto<\/p>\n<p><strong>PAT (Posto de Atendimento ao Trabalhador):<\/strong><\/p>\n<p>20\/11: fechado<\/p>\n<p>21\/11: fechado<\/p>\n<p><strong>Procon:<\/strong><\/p>\n<p>20\/11: fechado<\/p>\n<p>21\/11: fechado<\/p>\n<p><strong>Postos de Sa\u00fade:<\/strong><\/p>\n<p>20\/11: fechados<\/p>\n<p>21\/11: fechados<\/p>\n<p><strong>UPA:<\/strong><\/p>\n<p>Funcionamento 24 horas<\/p>\n<p><strong>Coleta de Lixo:<\/strong><\/p>\n<p>Funcionar\u00e1 normalmente nos dois dias<\/p>\n<\/p><\/div>\n<p><br \/>\n<br \/><a href=\"https:\/\/www.cordeiropolis.sp.gov.br\/feriado-da-consciencia-negra-altera-funcionamento-dos-servicos-municipais-nesta-quinta-20-e-sexta-feira-21\/\" rel=\"noopener\">Informa\u00e7\u00f5es Cordeir\u00f3polis <\/a><\/p>\n","protected":false},"excerpt":{"rendered":"<p>A Prefeitura de Cordeir\u00f3polis informa que, em raz\u00e3o do feriado da Consci\u00eancia Negra, celebrado nesta quinta-feira (20), alguns servi\u00e7os municipais ter\u00e3o altera\u00e7\u00f5es no atendimento ao p\u00fablico. Confira como ficam os servi\u00e7os nos dois dias: Prefeitura de Cordeir\u00f3polis: 20\/11: fechada 21\/11: fechada Centro de Lazer: 20\/11: fechado 21\/11: aberto Lago Uni\u00e3o: 20\/11: aberto 21\/11: aberto Poupatempo: [&hellip;]<\/p>\n","protected":false},"author":1,"featured_media":0,"comment_status":"open","ping_status":"open","sticky":false,"template":"","format":"standard","meta":{"_jetpack_newsletter_access":"","_jetpack_dont_email_post_to_subs":false,"_jetpack_newsletter_tier_id":0,"_jetpack_memberships_contains_paywalled_content":false,"_mbp_banners":[],"_jetpack_feature_clip_id":0,"_jetpack_memberships_contains_paid_content":false,"footnotes":"","jetpack_publicize_message":"","jetpack_publicize_feature_enabled":true,"jetpack_social_post_already_shared":true,"jetpack_social_options":{"image_generator_settings":{"template":"highway","default_image_id":0,"font":"","enabled":false},"version":2},"jetpack_post_was_ever_published":false},"categories":[20],"tags":[],"class_list":["post-50054","post","type-post","status-publish","format-standard","category-regiao"],"jetpack_publicize_connections":[],"jetpack-related-posts":[],"jetpack_shortlink":"https:\/\/wp.me\/p7Eq1F-d1k","jetpack_sharing_enabled":true,"jetpack_featured_media_url":"","_links":{"self":[{"href":"https:\/\/guialimeira.com.br\/news\/wp-json\/wp\/v2\/posts\/50054","targetHints":{"allow":["GET"]}}],"collection":[{"href":"https:\/\/guialimeira.com.br\/news\/wp-json\/wp\/v2\/posts"}],"about":[{"href":"https:\/\/guialimeira.com.br\/news\/wp-json\/wp\/v2\/types\/post"}],"author":[{"embeddable":true,"href":"https:\/\/guialimeira.com.br\/news\/wp-json\/wp\/v2\/users\/1"}],"replies":[{"embeddable":true,"href":"https:\/\/guialimeira.com.br\/news\/wp-json\/wp\/v2\/comments?post=50054"}],"version-history":[{"count":1,"href":"https:\/\/guialimeira.com.br\/news\/wp-json\/wp\/v2\/posts\/50054\/revisions"}],"predecessor-version":[{"id":50055,"href":"https:\/\/guialimeira.com.br\/news\/wp-json\/wp\/v2\/posts\/50054\/revisions\/50055"}],"wp:attachment":[{"href":"https:\/\/guialimeira.com.br\/news\/wp-json\/wp\/v2\/media?parent=50054"}],"wp:term":[{"taxonomy":"category","embeddable":true,"href":"https:\/\/guialimeira.com.br\/news\/wp-json\/wp\/v2\/categories?post=50054"},{"taxonomy":"post_tag","embeddable":true,"href":"https:\/\/guialimeira.com.br\/news\/wp-json\/wp\/v2\/tags?post=50054"}],"curies":[{"name":"wp","href":"https:\/\/api.w.org\/{rel}","templated":true}]}}