{"id":5001,"date":"2024-05-14T18:58:46","date_gmt":"2024-05-14T21:58:46","guid":{"rendered":"https:\/\/guialimeira.com.br\/2024\/05\/14\/qualifica-sp-empreenda-abre-inscricao-para-mais-de-550-vagas-em-capacitacao-em-negocios\/"},"modified":"2024-05-14T18:58:46","modified_gmt":"2024-05-14T21:58:46","slug":"qualifica-sp-empreenda-abre-inscricao-para-mais-de-550-vagas-em-capacitacao-em-negocios","status":"publish","type":"post","link":"https:\/\/guialimeira.com.br\/news\/qualifica-sp-empreenda-abre-inscricao-para-mais-de-550-vagas-em-capacitacao-em-negocios\/","title":{"rendered":"Qualifica SP Empreenda abre inscri\u00e7\u00e3o para mais de 550 vagas em capacita\u00e7\u00e3o em neg\u00f3cios"},"content":{"rendered":"<p> <br \/>\n<\/p>\n<div id=\"\">&#13;<br \/>\n                                <!-- Title -->&#13;<br \/>\n                                &#13;<br \/>\n&#13;<br \/>\n                                <!-- Excerpt -->&#13;<\/p>\n<p class=\"excerpt\">Programa da Secretaria de Desenvolvimento Econ\u00f4mico oferece qualifica\u00e7\u00e3o, mentoria e facilita acesso \u00e0 linha de cr\u00e9dito do Banco do Povo<\/p>\n<p>&#13;<br \/>\n&#13;<br \/>\n                                &#13;\n                            <\/p><\/div>\n<div id=\"\">&#13;<\/p>\n<figure id=\"attachment_5883934\" style=\"width: 100%;max-width: 2000px\" class=\"wp-caption alignnone caption-hide\"><img data-recalc-dims=\"1\" decoding=\"async\" loading=\"lazy\" class=\"wp-image-5883934 size-full\" src=\"https:\/\/i0.wp.com\/www.saopaulo.sp.gov.br\/wp-content\/uploads\/2024\/05\/12725.jpg?resize=696%2C464&#038;ssl=1\" alt=\"\" width=\"696\" height=\"464\" srcset=\"https:\/\/www.saopaulo.sp.gov.br\/wp-content\/uploads\/2024\/05\/12725.jpg 2000w, https:\/\/www.saopaulo.sp.gov.br\/wp-content\/uploads\/2024\/05\/12725-300x200.jpg 300w, https:\/\/www.saopaulo.sp.gov.br\/wp-content\/uploads\/2024\/05\/12725-1024x682.jpg 1024w, https:\/\/www.saopaulo.sp.gov.br\/wp-content\/uploads\/2024\/05\/12725-768x512.jpg 768w, https:\/\/www.saopaulo.sp.gov.br\/wp-content\/uploads\/2024\/05\/12725-1536x1024.jpg 1536w\" sizes=\"auto, (max-width: 2000px) 100vw, 2000px\"\/><\/figure>\n<p>O Governo de S\u00e3o Paulo, por meio da Secretaria de Desenvolvimento Econ\u00f4mico, abre nesta ter\u00e7a-feira (14) as inscri\u00e7\u00f5es para 555 vagas em cursos gratuitos do Qualifica SP \u2013 Empreenda. A iniciativa capacita micro e pequenos empreendedores oferecendo mentoria e acesso \u00e0 linha de microcr\u00e9dito do Banco do Povo para alavancar o pr\u00f3prio neg\u00f3cio. As inscri\u00e7\u00f5es devem ser realizadas pelo site <a href=\"http:\/\/www.qualificasp.sp.gov.br\" rel=\"noopener\">www.qualificasp.sp.gov.br<\/a> at\u00e9 o dia 7 de junho.<\/p>\n<p>Do total, 390 vagas s\u00e3o para cursos remotos, dispon\u00edveis para todo o estado, e 165 vagas presenciais nos munic\u00edpios de Franca, Guariba e Ribeir\u00e3o Preto, escolhidos ap\u00f3s an\u00e1lise das demandas de mercado das regi\u00f5es administrativas do estado de S\u00e3o Paulo.<\/p>\n<p>Todos os cursos s\u00e3o da \u00e1rea de gest\u00e3o e neg\u00f3cios e realizados em parceria com o Sebrae, Alian\u00e7a Empreendedora, Besouro e Worklover. S\u00e3o quatro op\u00e7\u00f5es: \u201cRumo ao topo \u2013 da gest\u00e3o ao lucro\u201d; \u201cAlta performance do seu neg\u00f3cio\u201d; \u201cDesvendando o cr\u00e9dito + Aprenda a fazer o plano de neg\u00f3cios\u201d; e \u201cSebrae Delas\u201d \u2013 exclusivo para mulheres. A carga hor\u00e1ria varia de 7h a 30h.<\/p>\n<p>Com as mentorias, os participantes constroem o planejamento financeiro e o plano de neg\u00f3cios. Isso permitir\u00e1 que eles estejam preparados para solicitar assist\u00eancia financeira ao Banco do Povo, programa do Governo do Estado de SP que oferece linhas de cr\u00e9dito com condi\u00e7\u00f5es especiais para empreender.<\/p>\n<p>Podem participar empreendedores do estado de S\u00e3o Paulo, de 18 anos ou mais, que tenham um neg\u00f3cio formal ou informal h\u00e1 no m\u00ednimo tr\u00eas meses. As aulas t\u00eam previs\u00e3o de in\u00edcio no m\u00eas de junho.<\/p>\n<p>Andr\u00e9 Costa, de 52 anos, empreendedor do setor cultural e morador de Ribeir\u00e3o Preto, foi aluno da primeira turma. \u201cO curso do Qualifica SP fortaleceu a minha percep\u00e7\u00e3o e vis\u00e3o global, necess\u00e1rias para ter um neg\u00f3cio pr\u00f3prio, ent\u00e3o essa aquisi\u00e7\u00e3o de conhecimento proporcionou uma continuidade para aprimorar aquilo que a gente j\u00e1 desenvolve enquanto empreendedor\u201d, conta.<\/p>\n<p>Tamb\u00e9m participante do programa, Larissa Tonelli, de 36 anos, de Ribeir\u00e3o Preto, tem um neg\u00f3cio de produ\u00e7\u00e3o de eventos. Ap\u00f3s concluir o curso do Qualifica Empreenda, conseguiu tornar realidade o sonho de empreender. \u201cEu comecei o curso para saber como tirar as minhas ideias do papel e terminei sabendo o meu objetivo de forma mais clara, tendo o conhecimento de como me organizar de uma forma mais estrat\u00e9gica. O curso foi excelente, eu recomendo\u201d, finaliza.<\/p>\n<p><strong>Sobre a SDE<\/strong><br \/>A Secretaria de Desenvolvimento Econ\u00f4mico (SDE), pasta do Governo do Estado de S\u00e3o Paulo, exerce papel fundamental para a reindustrializa\u00e7\u00e3o e atra\u00e7\u00e3o de investimentos com foco na gera\u00e7\u00e3o de emprego, renda e desenvolvimento regional. Al\u00e9m disso, conta com programas de capacita\u00e7\u00e3o profissional, a\u00e7\u00f5es de fomento ao empreendedorismo, que incluem linhas de microcr\u00e9dito do Banco do Povo. Tem como institui\u00e7\u00f5es vinculadas a InvestSP, a Desenvolve SP e a Junta Comercial do Estado de S\u00e3o Paulo (Jucesp).<\/p>\n<\/p><\/div>\n<p><br \/>\n<br \/><a href=\"https:\/\/www.saopaulo.sp.gov.br\/spnoticias\/ultimas-noticias\/qualifica-sp-empreenda-abre-inscricao-para-mais-de-550-vagas-em-capacitacao-em-negocios\/\" rel=\"noopener\">Informa\u00e7\u00f5es GOV.SP<\/a><\/p>\n","protected":false},"excerpt":{"rendered":"<p>&#13; &#13; &#13; &#13; &#13; Programa da Secretaria de Desenvolvimento Econ\u00f4mico oferece qualifica\u00e7\u00e3o, mentoria e facilita acesso \u00e0 linha de cr\u00e9dito do Banco do Povo &#13; &#13; &#13; &#13; O Governo de S\u00e3o Paulo, por meio da Secretaria de Desenvolvimento Econ\u00f4mico, abre nesta ter\u00e7a-feira (14) as inscri\u00e7\u00f5es para 555 vagas em cursos gratuitos do Qualifica [&hellip;]<\/p>\n","protected":false},"author":1,"featured_media":5002,"comment_status":"open","ping_status":"open","sticky":false,"template":"","format":"standard","meta":{"_jetpack_newsletter_access":"","_jetpack_dont_email_post_to_subs":false,"_jetpack_newsletter_tier_id":0,"_jetpack_memberships_contains_paywalled_content":false,"_mbp_banners":[],"_jetpack_feature_clip_id":0,"_jetpack_memberships_contains_paid_content":false,"footnotes":"","jetpack_publicize_message":"","jetpack_publicize_feature_enabled":true,"jetpack_social_post_already_shared":true,"jetpack_social_options":{"image_generator_settings":{"template":"highway","default_image_id":0,"font":"","enabled":false},"version":2},"jetpack_post_was_ever_published":false},"categories":[21],"tags":[],"class_list":["post-5001","post","type-post","status-publish","format-standard","has-post-thumbnail","category-sp-news"],"jetpack_publicize_connections":[],"jetpack-related-posts":[],"jetpack_shortlink":"https:\/\/wp.me\/p7Eq1F-1iF","jetpack_sharing_enabled":true,"jetpack_featured_media_url":"https:\/\/i0.wp.com\/guialimeira.com.br\/news\/wp-content\/uploads\/2024\/05\/Qualifica-SP-Empreenda-abre-inscricao-para-mais-de-550-vagas.jpg?fit=2000%2C1333&ssl=1","_links":{"self":[{"href":"https:\/\/guialimeira.com.br\/news\/wp-json\/wp\/v2\/posts\/5001","targetHints":{"allow":["GET"]}}],"collection":[{"href":"https:\/\/guialimeira.com.br\/news\/wp-json\/wp\/v2\/posts"}],"about":[{"href":"https:\/\/guialimeira.com.br\/news\/wp-json\/wp\/v2\/types\/post"}],"author":[{"embeddable":true,"href":"https:\/\/guialimeira.com.br\/news\/wp-json\/wp\/v2\/users\/1"}],"replies":[{"embeddable":true,"href":"https:\/\/guialimeira.com.br\/news\/wp-json\/wp\/v2\/comments?post=5001"}],"version-history":[{"count":0,"href":"https:\/\/guialimeira.com.br\/news\/wp-json\/wp\/v2\/posts\/5001\/revisions"}],"wp:featuredmedia":[{"embeddable":true,"href":"https:\/\/guialimeira.com.br\/news\/wp-json\/wp\/v2\/media\/5002"}],"wp:attachment":[{"href":"https:\/\/guialimeira.com.br\/news\/wp-json\/wp\/v2\/media?parent=5001"}],"wp:term":[{"taxonomy":"category","embeddable":true,"href":"https:\/\/guialimeira.com.br\/news\/wp-json\/wp\/v2\/categories?post=5001"},{"taxonomy":"post_tag","embeddable":true,"href":"https:\/\/guialimeira.com.br\/news\/wp-json\/wp\/v2\/tags?post=5001"}],"curies":[{"name":"wp","href":"https:\/\/api.w.org\/{rel}","templated":true}]}}