{"id":49987,"date":"2025-11-17T17:35:33","date_gmt":"2025-11-17T20:35:33","guid":{"rendered":"https:\/\/guialimeira.com.br\/?p=49987"},"modified":"2025-11-17T17:35:33","modified_gmt":"2025-11-17T20:35:33","slug":"cordeiropolis-realiza-programacao-especial-na-semana-da-consciencia-negra-prefeitura-municipal-de-cordeiropolis","status":"publish","type":"post","link":"https:\/\/guialimeira.com.br\/news\/cordeiropolis-realiza-programacao-especial-na-semana-da-consciencia-negra-prefeitura-municipal-de-cordeiropolis\/","title":{"rendered":"Cordeir\u00f3polis realiza programa\u00e7\u00e3o especial na Semana da Consci\u00eancia Negra \u2013 Prefeitura Municipal de Cordeir\u00f3polis"},"content":{"rendered":"<p> <br \/>\n<\/p>\n<div>\n<p>Come\u00e7ou nesta segunda-feira (17) a Semana da Consci\u00eancia Negra de Cordeir\u00f3polis. A prefeitura preparou uma ampla programa\u00e7\u00e3o nas escolas municipais e outros espa\u00e7os p\u00fablicos para celebrar a data. A iniciativa re\u00fane exposi\u00e7\u00f5es, roda de conversa, apresenta\u00e7\u00f5es art\u00edsticas e a\u00e7\u00f5es educativas voltadas ao tema e abertas ao p\u00fablico.<\/p>\n<p>Nesta semana, as escolas municipais e os CEIs promovem exposi\u00e7\u00f5es com trabalhos produzidos pelos alunos durante o ano letivo. As atividades s\u00e3o realizadas em todas as unidades da rede p\u00fablica de ensino.<\/p>\n<p>Na ter\u00e7a-feira (18), \u00e0s 14h, a Secretaria da Mulher e Desenvolvimento Social recebe a Roda de Conversa \u201cDi\u00e1logos e trocas com profissionais negras\u201d. Participam a enfermeira Paula Cristina Oliveira de Paula, a secret\u00e1ria de Esporte e Lazer, Layla Penas, a advogada Adriana Evangelista e a coordenadora do Centro de Refer\u00eancia de Assist\u00eancia Social (Cras), Suelen S. Reis.<\/p>\n<p>Durante toda a semana, os Cras do Jardim Eldorado e do Jardim Progresso tamb\u00e9m desenvolvem a\u00e7\u00f5es com os grupos socioeducativos. Na quarta (19), \u00e0s 18h, a Secretaria de Educa\u00e7\u00e3o promove, na C\u00e2mara, a forma\u00e7\u00e3o \u201cA educa\u00e7\u00e3o antirracista na busca da valoriza\u00e7\u00e3o da identidade e empoderamento das crian\u00e7as na educa\u00e7\u00e3o\u201d, para professores e gestores da rede municipal.<\/p>\n<p>Ainda na quarta, a partir das 19h30, no Sal\u00e3o Social Maria de Lourdes Arrais, acontece a Amostra da Cultura Afro. A programa\u00e7\u00e3o inclui mon\u00f3logo da atriz Marlene Vitor, pe\u00e7a teatral da Escola Estadual Coronel Jos\u00e9 Levy, apresenta\u00e7\u00f5es de capoeira, dan\u00e7a t\u00edpica haitiana, amostra de penteados e apresenta\u00e7\u00f5es culturais de Wad Monteiro e Urs\u00e3o, al\u00e9m de exposi\u00e7\u00e3o tem\u00e1tica.<\/p>\n<figure class=\"wp-block-gallery has-nested-images columns-default is-cropped wp-block-gallery-1 is-layout-flex wp-block-gallery-is-layout-flex\">\n<figure class=\"wp-block-image size-large\"><\/figure>\n<figure class=\"wp-block-image size-large\"><img data-recalc-dims=\"1\" decoding=\"async\" loading=\"lazy\" width=\"696\" height=\"392\" data-id=\"31683\" src=\"https:\/\/i0.wp.com\/guialimeira.com.br\/wp-content\/uploads\/2025\/11\/1763411732_159_Cordeiropolis-realiza-programacao-especial-na-Semana-da-Consciencia-Negra-%E2%80%93.jpg?resize=696%2C392&#038;ssl=1\" alt=\"\" class=\"wp-image-31683\" \/><\/figure>\n<figure class=\"wp-block-image size-large\"><img data-recalc-dims=\"1\" decoding=\"async\" data-attachment-id=\"31682\" data-permalink=\"https:\/\/guialimeira.com.br\/news\/flamengo-sobra-e-goleia-o-corinthians-no-estadio-do-maracana\/54480713618_cd326d98dc_o-jpg\/\" data-orig-file=\"https:\/\/i0.wp.com\/guialimeira.com.br\/news\/wp-content\/uploads\/2025\/04\/54480713618_cd326d98dc_o.jpg?fit=1600%2C800&amp;ssl=1\" data-orig-size=\"1600,800\" data-comments-opened=\"1\" data-image-meta=\"{&quot;aperture&quot;:&quot;0&quot;,&quot;credit&quot;:&quot;&quot;,&quot;camera&quot;:&quot;&quot;,&quot;caption&quot;:&quot;&quot;,&quot;created_timestamp&quot;:&quot;0&quot;,&quot;copyright&quot;:&quot;&quot;,&quot;focal_length&quot;:&quot;0&quot;,&quot;iso&quot;:&quot;0&quot;,&quot;shutter_speed&quot;:&quot;0&quot;,&quot;title&quot;:&quot;&quot;,&quot;orientation&quot;:&quot;0&quot;}\" data-image-title=\"54480713618_cd326d98dc_o.jpg\" data-image-description=\"\" data-image-caption=\"\" data-large-file=\"https:\/\/i0.wp.com\/guialimeira.com.br\/news\/wp-content\/uploads\/2025\/04\/54480713618_cd326d98dc_o.jpg?fit=696%2C348&amp;ssl=1\" loading=\"lazy\" width=\"696\" height=\"392\" data-id=\"31682\" src=\"https:\/\/i0.wp.com\/guialimeira.com.br\/wp-content\/uploads\/2025\/11\/1763411732_12_Cordeiropolis-realiza-programacao-especial-na-Semana-da-Consciencia-Negra-%E2%80%93.jpg?resize=696%2C392&#038;ssl=1\" alt=\"\" class=\"wp-image-31682\" \/><\/figure>\n<figure class=\"wp-block-image size-large\"><img data-recalc-dims=\"1\" decoding=\"async\" loading=\"lazy\" width=\"696\" height=\"392\" data-id=\"31681\" src=\"https:\/\/i0.wp.com\/guialimeira.com.br\/wp-content\/uploads\/2025\/11\/1763411732_952_Cordeiropolis-realiza-programacao-especial-na-Semana-da-Consciencia-Negra-%E2%80%93.jpg?resize=696%2C392&#038;ssl=1\" alt=\"\" class=\"wp-image-31681\" \/><\/figure>\n<figure class=\"wp-block-image size-large\"><img data-recalc-dims=\"1\" decoding=\"async\" loading=\"lazy\" width=\"696\" height=\"392\" data-id=\"31680\" src=\"https:\/\/i0.wp.com\/guialimeira.com.br\/wp-content\/uploads\/2025\/11\/1763411732_577_Cordeiropolis-realiza-programacao-especial-na-Semana-da-Consciencia-Negra-%E2%80%93.jpg?resize=696%2C392&#038;ssl=1\" alt=\"\" class=\"wp-image-31680\" \/><\/figure>\n<\/figure><\/div>\n<p><br \/>\n<br \/><a href=\"https:\/\/www.cordeiropolis.sp.gov.br\/cordeiropolis-realiza-programacao-especial-na-semana-da-consciencia-negra\/\" rel=\"noopener\">Informa\u00e7\u00f5es Cordeir\u00f3polis <\/a><\/p>\n","protected":false},"excerpt":{"rendered":"<p>Come\u00e7ou nesta segunda-feira (17) a Semana da Consci\u00eancia Negra de Cordeir\u00f3polis. A prefeitura preparou uma ampla programa\u00e7\u00e3o nas escolas municipais e outros espa\u00e7os p\u00fablicos para celebrar a data. A iniciativa re\u00fane exposi\u00e7\u00f5es, roda de conversa, apresenta\u00e7\u00f5es art\u00edsticas e a\u00e7\u00f5es educativas voltadas ao tema e abertas ao p\u00fablico. Nesta semana, as escolas municipais e os CEIs [&hellip;]<\/p>\n","protected":false},"author":1,"featured_media":49988,"comment_status":"open","ping_status":"open","sticky":false,"template":"","format":"standard","meta":{"_jetpack_newsletter_access":"","_jetpack_dont_email_post_to_subs":false,"_jetpack_newsletter_tier_id":0,"_jetpack_memberships_contains_paywalled_content":false,"_mbp_banners":[],"_jetpack_feature_clip_id":0,"_jetpack_memberships_contains_paid_content":false,"footnotes":"","jetpack_publicize_message":"","jetpack_publicize_feature_enabled":true,"jetpack_social_post_already_shared":true,"jetpack_social_options":{"image_generator_settings":{"template":"highway","default_image_id":0,"font":"","enabled":false},"version":2},"jetpack_post_was_ever_published":false},"categories":[20],"tags":[],"class_list":["post-49987","post","type-post","status-publish","format-standard","has-post-thumbnail","category-regiao"],"jetpack_publicize_connections":[],"jetpack-related-posts":[],"jetpack_shortlink":"https:\/\/wp.me\/p7Eq1F-d0f","jetpack_sharing_enabled":true,"jetpack_featured_media_url":"https:\/\/i0.wp.com\/guialimeira.com.br\/news\/wp-content\/uploads\/2025\/11\/Cordeiropolis-realiza-programacao-especial-na-Semana-da-Consciencia-Negra-%E2%80%93.jpg?fit=1024%2C576&ssl=1","_links":{"self":[{"href":"https:\/\/guialimeira.com.br\/news\/wp-json\/wp\/v2\/posts\/49987","targetHints":{"allow":["GET"]}}],"collection":[{"href":"https:\/\/guialimeira.com.br\/news\/wp-json\/wp\/v2\/posts"}],"about":[{"href":"https:\/\/guialimeira.com.br\/news\/wp-json\/wp\/v2\/types\/post"}],"author":[{"embeddable":true,"href":"https:\/\/guialimeira.com.br\/news\/wp-json\/wp\/v2\/users\/1"}],"replies":[{"embeddable":true,"href":"https:\/\/guialimeira.com.br\/news\/wp-json\/wp\/v2\/comments?post=49987"}],"version-history":[{"count":1,"href":"https:\/\/guialimeira.com.br\/news\/wp-json\/wp\/v2\/posts\/49987\/revisions"}],"predecessor-version":[{"id":49989,"href":"https:\/\/guialimeira.com.br\/news\/wp-json\/wp\/v2\/posts\/49987\/revisions\/49989"}],"wp:featuredmedia":[{"embeddable":true,"href":"https:\/\/guialimeira.com.br\/news\/wp-json\/wp\/v2\/media\/49988"}],"wp:attachment":[{"href":"https:\/\/guialimeira.com.br\/news\/wp-json\/wp\/v2\/media?parent=49987"}],"wp:term":[{"taxonomy":"category","embeddable":true,"href":"https:\/\/guialimeira.com.br\/news\/wp-json\/wp\/v2\/categories?post=49987"},{"taxonomy":"post_tag","embeddable":true,"href":"https:\/\/guialimeira.com.br\/news\/wp-json\/wp\/v2\/tags?post=49987"}],"curies":[{"name":"wp","href":"https:\/\/api.w.org\/{rel}","templated":true}]}}