{"id":49951,"date":"2025-11-17T12:28:14","date_gmt":"2025-11-17T15:28:14","guid":{"rendered":"https:\/\/guialimeira.com.br\/?p=49951"},"modified":"2025-11-17T12:28:14","modified_gmt":"2025-11-17T15:28:14","slug":"natal-iluminado-em-cordeiropolis-tera-shows-luzes-e-chegada-do-papai-noel-prefeitura-municipal-de-cordeiropolis","status":"publish","type":"post","link":"https:\/\/guialimeira.com.br\/news\/natal-iluminado-em-cordeiropolis-tera-shows-luzes-e-chegada-do-papai-noel-prefeitura-municipal-de-cordeiropolis\/","title":{"rendered":"Natal Iluminado em Cordeir\u00f3polis ter\u00e1 shows, luzes e chegada do Papai Noel \u2013 Prefeitura Municipal de Cordeir\u00f3polis"},"content":{"rendered":"<p> <br \/>\n<\/p>\n<div>\n<p>O esp\u00edrito natalino tomar\u00e1 conta de Cordeir\u00f3polis com o Natal Iluminado, que ser\u00e1 realizado de 29 de novembro a 21 de dezembro, na Pra\u00e7a Central \u201cComendador Jamil Abrah\u00e3o Saad\u201d. A programa\u00e7\u00e3o gratuita ter\u00e1 shows, apresenta\u00e7\u00f5es culturais e a tradicional chegada do Papai Noel, al\u00e9m de uma decora\u00e7\u00e3o especial que transformar\u00e1 a pra\u00e7a em um grande cen\u00e1rio de Natal. A pra\u00e7a \u201cFrancisco Orlando Stocco\u201d, da prefeitura, tamb\u00e9m ser\u00e1 iluminada.<\/p>\n<p>O lan\u00e7amento oficial do Natal Iluminado acontece no dia 29 de novembro, a partir das 19h, com o show \u201cElton John Cover\u201d. O \u201cBom Velhinho\u201d chega \u00e0 Pra\u00e7a Central no dia 5 de dezembro, a partir das 19h. Ele ficar\u00e1 todos os dias da programa\u00e7\u00e3o na pra\u00e7a para atender a popula\u00e7\u00e3o. Ainda no dia 5, \u00e0s 20h, acontece a apresenta\u00e7\u00e3o do Projeto Guri.<\/p>\n<p>A programa\u00e7\u00e3o continua ao longo do m\u00eas com shows e apresenta\u00e7\u00f5es: 6 de dezembro, Trio VCR; 7 de dezembro, Gr\u00eamio Seresteiro Rio Clarense; 12 de dezembro, Igreja Luterana da Renova\u00e7\u00e3o; 14 de dezembro, Oficina de M\u00fasica Wagner Roveda; 18 de dezembro, Orquestra de Violeiros Trevisani Nel Mondo; 19 de dezembro, Grupo de Jovens Aurora e Banda Gera\u00e7\u00e3o Escolhida; 20 de dezembro, Associa\u00e7\u00e3o Cordeiropolense de Dan\u00e7a e Coral No\u00e9 da Cunha; e 21 de dezembro, Banda Mosaico. Todos os eventos come\u00e7am \u00e0s 20h.<\/p>\n<p>A programa\u00e7\u00e3o inclui ainda a passagem do Trem Iluminado da Rumo, que acontecer\u00e1 no dia 15 de dezembro. A previs\u00e3o \u00e9 que a locomotiva saia de Rio Claro \u00e0s 19h.<\/p>\n<p>\u201cO Natal Iluminado \u00e9 um convite para que toda a popula\u00e7\u00e3o viva o encanto das festas de fim de ano com cultura, alegria e uni\u00e3o em um dos principais cart\u00f5es-postais de Cordeir\u00f3polis. Espero que a programa\u00e7\u00e3o organizada pela Secretaria de Cultura com tanto carinho ilumine a vida da nossa popula\u00e7\u00e3o\u201d, afirmou a prefeita Cristina Saad.<\/p>\n<\/p><\/div>\n<p><br \/>\n<br \/><a href=\"https:\/\/www.cordeiropolis.sp.gov.br\/natal-iluminado-em-cordeiropolis-tera-shows-luzes-e-chegada-do-papai-noel\/\" rel=\"noopener\">Informa\u00e7\u00f5es Cordeir\u00f3polis <\/a><\/p>\n","protected":false},"excerpt":{"rendered":"<p>O esp\u00edrito natalino tomar\u00e1 conta de Cordeir\u00f3polis com o Natal Iluminado, que ser\u00e1 realizado de 29 de novembro a 21 de dezembro, na Pra\u00e7a Central \u201cComendador Jamil Abrah\u00e3o Saad\u201d. A programa\u00e7\u00e3o gratuita ter\u00e1 shows, apresenta\u00e7\u00f5es culturais e a tradicional chegada do Papai Noel, al\u00e9m de uma decora\u00e7\u00e3o especial que transformar\u00e1 a pra\u00e7a em um grande [&hellip;]<\/p>\n","protected":false},"author":1,"featured_media":0,"comment_status":"open","ping_status":"open","sticky":false,"template":"","format":"standard","meta":{"_jetpack_newsletter_access":"","_jetpack_dont_email_post_to_subs":false,"_jetpack_newsletter_tier_id":0,"_jetpack_memberships_contains_paywalled_content":false,"_mbp_banners":[],"_jetpack_feature_clip_id":0,"_jetpack_memberships_contains_paid_content":false,"footnotes":"","jetpack_publicize_message":"","jetpack_publicize_feature_enabled":true,"jetpack_social_post_already_shared":true,"jetpack_social_options":{"image_generator_settings":{"template":"highway","default_image_id":0,"font":"","enabled":false},"version":2},"jetpack_post_was_ever_published":false},"categories":[20],"tags":[],"class_list":["post-49951","post","type-post","status-publish","format-standard","category-regiao"],"jetpack_publicize_connections":[],"jetpack-related-posts":[],"jetpack_shortlink":"https:\/\/wp.me\/p7Eq1F-cZF","jetpack_sharing_enabled":true,"jetpack_featured_media_url":"","_links":{"self":[{"href":"https:\/\/guialimeira.com.br\/news\/wp-json\/wp\/v2\/posts\/49951","targetHints":{"allow":["GET"]}}],"collection":[{"href":"https:\/\/guialimeira.com.br\/news\/wp-json\/wp\/v2\/posts"}],"about":[{"href":"https:\/\/guialimeira.com.br\/news\/wp-json\/wp\/v2\/types\/post"}],"author":[{"embeddable":true,"href":"https:\/\/guialimeira.com.br\/news\/wp-json\/wp\/v2\/users\/1"}],"replies":[{"embeddable":true,"href":"https:\/\/guialimeira.com.br\/news\/wp-json\/wp\/v2\/comments?post=49951"}],"version-history":[{"count":1,"href":"https:\/\/guialimeira.com.br\/news\/wp-json\/wp\/v2\/posts\/49951\/revisions"}],"predecessor-version":[{"id":49952,"href":"https:\/\/guialimeira.com.br\/news\/wp-json\/wp\/v2\/posts\/49951\/revisions\/49952"}],"wp:attachment":[{"href":"https:\/\/guialimeira.com.br\/news\/wp-json\/wp\/v2\/media?parent=49951"}],"wp:term":[{"taxonomy":"category","embeddable":true,"href":"https:\/\/guialimeira.com.br\/news\/wp-json\/wp\/v2\/categories?post=49951"},{"taxonomy":"post_tag","embeddable":true,"href":"https:\/\/guialimeira.com.br\/news\/wp-json\/wp\/v2\/tags?post=49951"}],"curies":[{"name":"wp","href":"https:\/\/api.w.org\/{rel}","templated":true}]}}