{"id":4989,"date":"2024-05-14T17:57:48","date_gmt":"2024-05-14T20:57:48","guid":{"rendered":"https:\/\/guialimeira.com.br\/2024\/05\/14\/cidade-de-sao-paulo-tera-cinco-novas-extensoes-de-etecs-no-segundo-semestre\/"},"modified":"2024-05-14T17:57:48","modified_gmt":"2024-05-14T20:57:48","slug":"cidade-de-sao-paulo-tera-cinco-novas-extensoes-de-etecs-no-segundo-semestre","status":"publish","type":"post","link":"https:\/\/guialimeira.com.br\/news\/cidade-de-sao-paulo-tera-cinco-novas-extensoes-de-etecs-no-segundo-semestre\/","title":{"rendered":"Cidade de S\u00e3o Paulo ter\u00e1 cinco novas extens\u00f5es de Etecs no segundo semestre"},"content":{"rendered":"<p> <br \/>\n<\/p>\n<div id=\"\">&#13;<br \/>\n                                <!-- Title -->&#13;<br \/>\n                                &#13;<br \/>\n&#13;<br \/>\n                                <!-- Excerpt -->&#13;<\/p>\n<p class=\"excerpt\">CEUs Heli\u00f3polis, Rosa da China, S\u00e3o Miguel, Casa Blanca e Campo Limpo contar\u00e3o com cursos t\u00e9cnicos administrados pelo Centro Paula Souza<\/p>\n<p>&#13;<br \/>\n&#13;<br \/>\n                                &#13;\n                            <\/p><\/div>\n<div id=\"\">&#13;<\/p>\n<figure id=\"attachment_5884703\" style=\"width: 100%;max-width: 1600px\" class=\"wp-caption alignnone caption-hide\"><img data-recalc-dims=\"1\" decoding=\"async\" loading=\"lazy\" class=\"wp-image-5884703 size-full\" src=\"https:\/\/i0.wp.com\/www.saopaulo.sp.gov.br\/wp-content\/uploads\/2024\/05\/WhatsApp-Image-2024-05-14-at-14.54.35.jpeg?resize=696%2C463&#038;ssl=1\" alt=\"\" width=\"696\" height=\"463\" srcset=\"https:\/\/www.saopaulo.sp.gov.br\/wp-content\/uploads\/2024\/05\/WhatsApp-Image-2024-05-14-at-14.54.35.jpeg 1600w, https:\/\/www.saopaulo.sp.gov.br\/wp-content\/uploads\/2024\/05\/WhatsApp-Image-2024-05-14-at-14.54.35-300x200.jpeg 300w, https:\/\/www.saopaulo.sp.gov.br\/wp-content\/uploads\/2024\/05\/WhatsApp-Image-2024-05-14-at-14.54.35-1024x681.jpeg 1024w, https:\/\/www.saopaulo.sp.gov.br\/wp-content\/uploads\/2024\/05\/WhatsApp-Image-2024-05-14-at-14.54.35-768x511.jpeg 768w, https:\/\/www.saopaulo.sp.gov.br\/wp-content\/uploads\/2024\/05\/WhatsApp-Image-2024-05-14-at-14.54.35-1536x1021.jpeg 1536w\" sizes=\"auto, (max-width: 1600px) 100vw, 1600px\"\/><\/figure>\n<p>O Centro Paula Souza (CPS), autarquia do Governo de SP que administra as Escolas T\u00e9cnicas Estaduais (Etecs), em parceria com a Prefeitura de S\u00e3o Paulo, implantar\u00e1 a partir do segundo semestre de 2024 cinco novas classes descentralizadas (CD) na capital \u2013 unidades que funcionam com um ou mais cursos t\u00e9cnicos gratuitos, sob a administra\u00e7\u00e3o de uma Etec. As vagas s\u00e3o ofertadas em todas as regi\u00f5es do munic\u00edpio.<\/p>\n<p>As inscri\u00e7\u00f5es para o processo seletivo est\u00e3o abertas e devem ser feitas at\u00e9 o dia 17, \u00e0s 15h, pelo site <a href=\"https:\/\/www.vestibulinhoetec.com.br\/home\/\" target=\"_blank\" rel=\"noreferrer noopener\">www.vestibulinhoetec.com.br<\/a>. A prova ser\u00e1 aplicada no dia 9 de junho, \u00e0s 13h30.<\/p>\n<p>As novas unidades est\u00e3o localizadas nas zonas Sul e Leste. Cada uma ir\u00e1 oferecer 30 vagas para aulas no per\u00edodo noturno. Confira a distribui\u00e7\u00e3o:<\/p>\n<ul>\n<li>CEU Casa Blanca\u00a0\u2013 Extens\u00e3o da Etec Abdias do Nascimento \u2013 curso de Administra\u00e7\u00e3o;<\/li>\n<li>CEU S\u00e3o Miguel\u00a0(Luiz Melodia) \u2013 Extens\u00e3o da Etec Zona Leste \u2013 curso de Finan\u00e7as;<\/li>\n<li>CEU Heli\u00f3polis\u00a0(Prof\u00aa Arlete Persoli) \u2013 Extens\u00e3o da Etec de Heli\u00f3polis \u2013 curso de Marketing;<\/li>\n<li>CEU Campo Limpo\u00a0\u2013 Extens\u00e3o da Etec Carolina Carinhato Sampaio \u2013 curso de Recursos Humanos;<\/li>\n<li>CEU Rosa da China\u00a0\u2013 Extens\u00e3o da Etec de Sapopemba \u2013 curso de Recursos Humanos.<\/li>\n<\/ul>\n<p>A capital j\u00e1 conta com um total de 60 unidades de CDs, entre CEUs, Escolas Municipais e Escolas Estaduais, que juntas oferecem 2.015 vagas para forma\u00e7\u00e3o de profissionais de n\u00edvel t\u00e9cnico. Na cidade, ao todo o processo seletivo das Etecs oferta 9.225 vagas.<\/p>\n<p>Em todo o estado, s\u00e3o 41.790 vagas em cursos t\u00e9cnicos, especializa\u00e7\u00f5es t\u00e9cnicas e vagas remanescentes de segundo m\u00f3dulo. A rela\u00e7\u00e3o completa de unidades, cursos e vagas est\u00e1 dispon\u00edvel no <a href=\"https:\/\/www.vestibulinhoetec.com.br\/unidades-cursos\/\" target=\"_blank\" rel=\"noreferrer noopener\">site do Vestibulinho das Etecs<\/a>.<\/p>\n<p><strong>Inscri\u00e7\u00f5es<\/strong><\/p>\n<p>Para se inscrever no Vestibulinho das Etecs o interessado deve acessar o\u00a0<a href=\"https:\/\/www.vestibulinhoetec.com.br\/home\/\" target=\"_blank\" rel=\"noreferrer noopener\">site<\/a>, preencher a ficha de inscri\u00e7\u00e3o dispon\u00edvel no menu\u00a0\u00c1rea do candidato\u00a0e responder ao question\u00e1rio socioecon\u00f4mico.<\/p>\n<p>Tamb\u00e9m \u00e9 necess\u00e1rio pagar a taxa de R$ 40. O recolhimento do valor pode ser feito at\u00e9 o \u00faltimo dia de inscri\u00e7\u00e3o, em qualquer ag\u00eancia banc\u00e1ria, na internet, por meio de aplicativo banc\u00e1rio ou ainda pela ferramenta\u00a0<em>getnet<\/em>, dispon\u00edvel no site oficial do Vestibulinho, com cart\u00e3o de cr\u00e9dito. A inscri\u00e7\u00e3o no Vestibulinho das Etecs ser\u00e1 efetivada somente ap\u00f3s o pagamento da taxa.<\/p>\n<p>Caso o candidato necessite, as Etecs disponibilizam computadores e acesso \u00e0 internet para que a inscri\u00e7\u00e3o seja realizada. Para isso, \u00e9 preciso entrar em contato com a unidade para obter informa\u00e7\u00f5es sobre datas e hor\u00e1rios dispon\u00edveis.<\/p>\n<p>As informa\u00e7\u00f5es no ato da inscri\u00e7\u00e3o s\u00e3o de responsabilidade do candidato ou de seu representante legal, quando menor de 16 anos. Na Portaria do processo seletivo e no Manual do Candidato est\u00e3o dispon\u00edveis detalhes sobre a documenta\u00e7\u00e3o necess\u00e1ria e as orienta\u00e7\u00f5es para o preenchimento correto.<\/p>\n<p><strong>Requisito<\/strong><\/p>\n<p>Para concorrer a uma das vagas para os\u00a0cursos t\u00e9cnicos\u00a0nas tr\u00eas modalidades, o candidato deve ter conclu\u00eddo ou estar cursando a partir da segunda s\u00e9rie do Ensino M\u00e9dio ou equivalente, apresentando no ato da matr\u00edcula o Certificado de Conclus\u00e3o ou a declara\u00e7\u00e3o de que est\u00e1 cursando o per\u00edodo. Confira informa\u00e7\u00f5es detalhadas na p\u00e1gina 2 da Portaria.<\/p>\n<p>Para concorrer a uma vaga de\u00a0Especializa\u00e7\u00e3o T\u00e9cnica, al\u00e9m de ter conclu\u00eddo o Ensino M\u00e9dio, o candidato precisa ter cursado integralmente o Ensino T\u00e9cnico associado ao curso de especializa\u00e7\u00e3o, conforme rela\u00e7\u00e3o dispon\u00edvel no site do processo seletivo.<\/p>\n<p>Para disputar uma das\u00a0vagas remanescentes de segundo m\u00f3dulo, \u00e9 necess\u00e1rio estar cursando a terceira s\u00e9rie do Ensino M\u00e9dio, ou ter conclu\u00eddo esse ciclo, e comprovar experi\u00eancia profissional na \u00e1rea do curso, por meio de avalia\u00e7\u00e3o e certifica\u00e7\u00e3o de compet\u00eancias referentes ao primeiro m\u00f3dulo.<\/p>\n<p>Outras informa\u00e7\u00f5es pelos telefones (11) 3471-4071 (Capital e Grande S\u00e3o Paulo) e 0800-772 2829 (demais localidades) ou pela\u00a0<a href=\"https:\/\/www.vestibulinhoetec.com.br\/home\/\" target=\"_blank\" rel=\"noreferrer noopener\">internet<\/a>.<\/p>\n<\/p><\/div>\n<p><br \/>\n<br \/><a href=\"https:\/\/www.saopaulo.sp.gov.br\/spnoticias\/ultimas-noticias\/cidade-de-sao-paulo-tera-cinco-novas-extensoes-de-etecs-no-segundo-semestre\/\" rel=\"noopener\">Informa\u00e7\u00f5es GOV.SP<\/a><\/p>\n","protected":false},"excerpt":{"rendered":"<p>&#13; &#13; &#13; &#13; &#13; CEUs Heli\u00f3polis, Rosa da China, S\u00e3o Miguel, Casa Blanca e Campo Limpo contar\u00e3o com cursos t\u00e9cnicos administrados pelo Centro Paula Souza &#13; &#13; &#13; &#13; O Centro Paula Souza (CPS), autarquia do Governo de SP que administra as Escolas T\u00e9cnicas Estaduais (Etecs), em parceria com a Prefeitura de S\u00e3o Paulo, [&hellip;]<\/p>\n","protected":false},"author":1,"featured_media":4990,"comment_status":"open","ping_status":"open","sticky":false,"template":"","format":"standard","meta":{"_jetpack_newsletter_access":"","_jetpack_dont_email_post_to_subs":false,"_jetpack_newsletter_tier_id":0,"_jetpack_memberships_contains_paywalled_content":false,"_mbp_banners":[],"_jetpack_feature_clip_id":0,"_jetpack_memberships_contains_paid_content":false,"footnotes":"","jetpack_publicize_message":"","jetpack_publicize_feature_enabled":true,"jetpack_social_post_already_shared":true,"jetpack_social_options":{"image_generator_settings":{"template":"highway","default_image_id":0,"font":"","enabled":false},"version":2},"jetpack_post_was_ever_published":false},"categories":[21],"tags":[],"class_list":["post-4989","post","type-post","status-publish","format-standard","has-post-thumbnail","category-sp-news"],"jetpack_publicize_connections":[],"jetpack-related-posts":[],"jetpack_shortlink":"https:\/\/wp.me\/p7Eq1F-1it","jetpack_sharing_enabled":true,"jetpack_featured_media_url":"https:\/\/i0.wp.com\/guialimeira.com.br\/news\/wp-content\/uploads\/2024\/05\/Cidade-de-Sao-Paulo-tera-cinco-novas-extensoes-de-Etecs.jpeg?fit=1600%2C1064&ssl=1","_links":{"self":[{"href":"https:\/\/guialimeira.com.br\/news\/wp-json\/wp\/v2\/posts\/4989","targetHints":{"allow":["GET"]}}],"collection":[{"href":"https:\/\/guialimeira.com.br\/news\/wp-json\/wp\/v2\/posts"}],"about":[{"href":"https:\/\/guialimeira.com.br\/news\/wp-json\/wp\/v2\/types\/post"}],"author":[{"embeddable":true,"href":"https:\/\/guialimeira.com.br\/news\/wp-json\/wp\/v2\/users\/1"}],"replies":[{"embeddable":true,"href":"https:\/\/guialimeira.com.br\/news\/wp-json\/wp\/v2\/comments?post=4989"}],"version-history":[{"count":0,"href":"https:\/\/guialimeira.com.br\/news\/wp-json\/wp\/v2\/posts\/4989\/revisions"}],"wp:featuredmedia":[{"embeddable":true,"href":"https:\/\/guialimeira.com.br\/news\/wp-json\/wp\/v2\/media\/4990"}],"wp:attachment":[{"href":"https:\/\/guialimeira.com.br\/news\/wp-json\/wp\/v2\/media?parent=4989"}],"wp:term":[{"taxonomy":"category","embeddable":true,"href":"https:\/\/guialimeira.com.br\/news\/wp-json\/wp\/v2\/categories?post=4989"},{"taxonomy":"post_tag","embeddable":true,"href":"https:\/\/guialimeira.com.br\/news\/wp-json\/wp\/v2\/tags?post=4989"}],"curies":[{"name":"wp","href":"https:\/\/api.w.org\/{rel}","templated":true}]}}