{"id":4974,"date":"2024-05-14T16:45:42","date_gmt":"2024-05-14T19:45:42","guid":{"rendered":"https:\/\/guialimeira.com.br\/2024\/05\/14\/saude-alerta-para-espalhamento-da-febre-oropouche-no-pais\/"},"modified":"2024-05-14T16:45:42","modified_gmt":"2024-05-14T19:45:42","slug":"saude-alerta-para-espalhamento-da-febre-oropouche-no-pais","status":"publish","type":"post","link":"https:\/\/guialimeira.com.br\/news\/saude-alerta-para-espalhamento-da-febre-oropouche-no-pais\/","title":{"rendered":"Sa\u00fade alerta para espalhamento da Febre Oropouche no pa\u00eds"},"content":{"rendered":"<p> <br \/>\n<\/p>\n<div>\n<p>Dados divulgados nesta ter\u00e7a-feira (14) pelo Minist\u00e9rio da Sa\u00fade mostram que os casos de febre Oropouche est\u00e3o se espalhando pelo Brasil. O pa\u00eds contabiliza, neste momento, 5.102 casos da doen\u00e7a, sendo 2.947 na Amaz\u00f4nia e 1.528 em Roraima.<img data-recalc-dims=\"1\" decoding=\"async\" src=\"https:\/\/i0.wp.com\/agenciabrasil.ebc.com.br\/ebc.png?w=696&#038;ssl=1\" style=\"width:1px; height:1px; display:inline;\"\/><img data-recalc-dims=\"1\" decoding=\"async\" src=\"https:\/\/i0.wp.com\/agenciabrasil.ebc.com.br\/ebc.gif?w=696&#038;ssl=1\" style=\"width:1px; height:1px; display:inline;\"\/><\/p>\n<p>Os demais casos foram registrados ou est\u00e3o em investiga\u00e7\u00e3o na Bahia, Acre, Esp\u00edrito Santo, Par\u00e1, Rio de Janeiro, Piau\u00ed, Roraima, Santa Catarina, Amap\u00e1, Maranh\u00e3o e Paran\u00e1.\u00a0<\/p>\n<p>Os dados foram atualizados at\u00e9 o dia 15 de mar\u00e7o.<\/p>\n<p>\u201cH\u00e1 algumas semanas est\u00e1 acontecendo um espalhamento para outras regi\u00f5es do Brasil. A gente n\u00e3o est\u00e1 s\u00f3 naquela concentra\u00e7\u00e3o na Regi\u00e3o Norte, que foi o primeiro momento. A gente acreditou que ia ficar concentrado, mas vimos que houve um espalhamento\u201d, alerta a secret\u00e1ria de Vigil\u00e2ncia em Sa\u00fade e Ambiente do Minist\u00e9rio da Sa\u00fade, Ethel Maciel.<\/p>\n<p>\u201cIntroduzimos a vigil\u00e2ncia dessa nova doen\u00e7a, fizemos a constru\u00e7\u00e3o das orienta\u00e7\u00f5es para observa\u00e7\u00e3o cl\u00ednica. A gente n\u00e3o tinha nenhum manual ou protocolo para febre Oropouche. Distribu\u00edmos os testes para toda a rede Lacen [laborat\u00f3rios centrais] e, por isso, estamos conseguindo captar, fazer o diagn\u00f3stico correto para essa doen\u00e7a. Estamos monitorando de perto e entendendo melhor essa nova arbovirose\u201d, esclarece.<\/p>\n<p>A maioria dos casos de febre Oropouche no pa\u00eds foi diagnosticada em pessoas com idade entre 20 e 29 anos. As demais faixas et\u00e1rias mais afetadas pela doen\u00e7a s\u00e3o 30 a 39 anos, 40 a 49 anos e 10 a 19 anos.\u00a0\u00a0<\/p>\n<\/p><\/div>\n<p><br \/>\n<br \/><a href=\"https:\/\/agenciabrasil.ebc.com.br\/saude\/noticia\/2024-05\/saude-alerta-para-disseminacao-da-febre-oropouche-no-pais\" rel=\"noopener\">Ag\u00eancia Brasil <\/a><\/p>\n","protected":false},"excerpt":{"rendered":"<p>Dados divulgados nesta ter\u00e7a-feira (14) pelo Minist\u00e9rio da Sa\u00fade mostram que os casos de febre Oropouche est\u00e3o se espalhando pelo Brasil. O pa\u00eds contabiliza, neste momento, 5.102 casos da doen\u00e7a, sendo 2.947 na Amaz\u00f4nia e 1.528 em Roraima. Os demais casos foram registrados ou est\u00e3o em investiga\u00e7\u00e3o na Bahia, Acre, Esp\u00edrito Santo, Par\u00e1, Rio de [&hellip;]<\/p>\n","protected":false},"author":1,"featured_media":429,"comment_status":"open","ping_status":"open","sticky":false,"template":"","format":"standard","meta":{"_jetpack_newsletter_access":"","_jetpack_dont_email_post_to_subs":false,"_jetpack_newsletter_tier_id":0,"_jetpack_memberships_contains_paywalled_content":false,"_mbp_banners":[],"_jetpack_feature_clip_id":0,"_jetpack_memberships_contains_paid_content":false,"footnotes":"","jetpack_publicize_message":"","jetpack_publicize_feature_enabled":true,"jetpack_social_post_already_shared":true,"jetpack_social_options":{"image_generator_settings":{"template":"highway","default_image_id":0,"font":"","enabled":false},"version":2},"jetpack_post_was_ever_published":false},"categories":[15],"tags":[],"class_list":["post-4974","post","type-post","status-publish","format-standard","has-post-thumbnail","category-saude"],"jetpack_publicize_connections":[],"jetpack-related-posts":[],"jetpack_shortlink":"https:\/\/wp.me\/p7Eq1F-1ie","jetpack_sharing_enabled":true,"jetpack_featured_media_url":"https:\/\/i0.wp.com\/guialimeira.com.br\/news\/wp-content\/uploads\/2024\/03\/mosquitos_com_wolbachia3.jpg?fit=1600%2C800&ssl=1","_links":{"self":[{"href":"https:\/\/guialimeira.com.br\/news\/wp-json\/wp\/v2\/posts\/4974","targetHints":{"allow":["GET"]}}],"collection":[{"href":"https:\/\/guialimeira.com.br\/news\/wp-json\/wp\/v2\/posts"}],"about":[{"href":"https:\/\/guialimeira.com.br\/news\/wp-json\/wp\/v2\/types\/post"}],"author":[{"embeddable":true,"href":"https:\/\/guialimeira.com.br\/news\/wp-json\/wp\/v2\/users\/1"}],"replies":[{"embeddable":true,"href":"https:\/\/guialimeira.com.br\/news\/wp-json\/wp\/v2\/comments?post=4974"}],"version-history":[{"count":0,"href":"https:\/\/guialimeira.com.br\/news\/wp-json\/wp\/v2\/posts\/4974\/revisions"}],"wp:featuredmedia":[{"embeddable":true,"href":"https:\/\/guialimeira.com.br\/news\/wp-json\/wp\/v2\/media\/429"}],"wp:attachment":[{"href":"https:\/\/guialimeira.com.br\/news\/wp-json\/wp\/v2\/media?parent=4974"}],"wp:term":[{"taxonomy":"category","embeddable":true,"href":"https:\/\/guialimeira.com.br\/news\/wp-json\/wp\/v2\/categories?post=4974"},{"taxonomy":"post_tag","embeddable":true,"href":"https:\/\/guialimeira.com.br\/news\/wp-json\/wp\/v2\/tags?post=4974"}],"curies":[{"name":"wp","href":"https:\/\/api.w.org\/{rel}","templated":true}]}}