{"id":4970,"date":"2024-05-14T16:06:46","date_gmt":"2024-05-14T19:06:46","guid":{"rendered":"https:\/\/guialimeira.com.br\/2024\/05\/14\/abertas-inscricoes-para-evento-sobre-empregabilidade-da-pessoa-com-deficiencia\/"},"modified":"2024-05-14T16:06:46","modified_gmt":"2024-05-14T19:06:46","slug":"abertas-inscricoes-para-evento-sobre-empregabilidade-da-pessoa-com-deficiencia","status":"publish","type":"post","link":"https:\/\/guialimeira.com.br\/news\/abertas-inscricoes-para-evento-sobre-empregabilidade-da-pessoa-com-deficiencia\/","title":{"rendered":"Abertas inscri\u00e7\u00f5es para evento sobre empregabilidade da pessoa com defici\u00eancia"},"content":{"rendered":"<p> <br \/>\n<\/p>\n<div>\n            <main class=\"\">&#13;<br \/>\n                &#13;<br \/>\n&#13;<br \/>\n&#13;<br \/>\n&#13;<br \/>\n    <img data-recalc-dims=\"1\" decoding=\"async\" src=\"https:\/\/i0.wp.com\/ecrie.com.br\/sistema\/conteudos\/imagem\/m_137_0_1_14052024153259.jpg?w=696&#038;ssl=1\" alt=\"Abertas inscri\u00e7\u00f5es para evento sobre empregabilidade da pessoa com defici\u00eancia\"\/>&#13;<br \/>\n&#13;<\/p>\n<p>\u00a0<\/p>\n<p>&#13;<\/p>\n<p>O Conselho Municipal dos Direitos das Pessoas com Defici\u00eancia\u00a0(CMDPD), em parceria com a Escola Legislativa da C\u00e2mara Municipal, e apoio da Prefeitura de Limeira, promove no dia 22, das 8h \u00e0s 12h, o evento \u201cEmpregabilidade para pessoa com defici\u00eancia e seus desafios\u201d. Na ocasi\u00e3o, haver\u00e1 palestras com profissionais da \u00e1rea. S\u00e3o eles: a especialista em Gest\u00e3o de Pessoas pelo Senac S\u00e3o Paulo, Maria Heloisa Rodrigues, e o advogado Jefferson Simelmann. As inscri\u00e7\u00f5es est\u00e3o abertas e seguem at\u00e9 a data do evento, que ocorre no Plen\u00e1rio da C\u00e2mara Municipal.<\/p>\n<p>&#13;<\/p>\n<p>A iniciativa, segundo o presidente do CMDPD e chefe do Setor de Garantias de Direitos das Pessoas com Defici\u00eancia da prefeitura, Douglas Aparecido Antonio, o Robinho, visa conscientizar e informar os participantes sobre a lei de cotas e outras medidas de inclus\u00e3o no ambiente de trabalho.\u00a0Ele observou, ainda, que a atividade foi idealizada em alus\u00e3o ao M\u00eas do Trabalho.<\/p>\n<p>&#13;<\/p>\n<p>Gratuitas, as inscri\u00e7\u00f5es s\u00e3o voltadas a defensores dos direitos das pessoas com defici\u00eancia, legisladores, l\u00edderes comunit\u00e1rios, ativistas da inclus\u00e3o e da igualdade, al\u00e9m da popula\u00e7\u00e3o em geral.\u00a0Haver\u00e1 espa\u00e7o para perguntas, discuss\u00f5es, sugest\u00f5es e troca de experi\u00eancias.<\/p>\n<p>&#13;<\/p>\n<p>Para inscrever-se, basta preencher o formul\u00e1rio pelo link: <a href=\"https:\/\/escolalegislativa.limeira.sp.leg.br\/inscricao\/125\" rel=\"noopener\">https:\/\/escolalegislativa.limeira.sp.leg.br\/inscricao\/125<\/a><\/p>\n<p>&#13;<\/p>\n<p>\u00a0<\/p>\n<p>&#13;<\/p>\n<p>\u00a0<\/p>\n<p>&#13;<br \/>\n&#13;<br \/>\n&#13;<br \/>\n&#13;<\/p>\n<aside class=\"list-related no-print\">&#13;<br \/>\n        &#13;<br \/>\n&#13;<\/p>\n<article class=\"list-item noticias \">&#13;<br \/>\n                    <a class=\"list-item__img\" href=\"https:\/\/limeira.sp.gov.br\/imprensa\/noticias\/gabinete-do-prefeito\/acoes-voltadas-a-inovacao-e-tecnologia-rendem-premio-a-limeira\" tabindex=\"-1\" aria-hidden=\"true\" rel=\"noopener\">&#13;<br \/>\n                        <img data-recalc-dims=\"1\" decoding=\"async\" src=\"https:\/\/i0.wp.com\/ecrie.com.br\/sistema\/conteudos\/imagem\/m_137_2_2_14052024150439.jpg?w=696&#038;ssl=1\" alt=\"A\u00e7\u00f5es voltadas \u00e0 inova\u00e7\u00e3o e tecnologia rendem pr\u00eamio a Limeira\"\/>&#13;<br \/>\n                    <\/a>&#13;<br \/>\n&#13;<br \/>\n                &#13;<br \/>\n            <\/article>\n<p>&#13;<\/p>\n<article class=\"list-item noticias \">&#13;<br \/>\n                    <a class=\"list-item__img\" href=\"https:\/\/limeira.sp.gov.br\/imprensa\/noticias\/gabinete-do-prefeito\/doacoes-para-rs-continuam-no-drive-na-praca-toledo-barros\" tabindex=\"-1\" aria-hidden=\"true\" rel=\"noopener\">&#13;<br \/>\n                        <img data-recalc-dims=\"1\" decoding=\"async\" src=\"https:\/\/i0.wp.com\/ecrie.com.br\/sistema\/conteudos\/imagem\/m_137_0_1_13052024175653.jpg?w=696&#038;ssl=1\" alt=\"Doa\u00e7\u00f5es para RS continuam no drive na Pra\u00e7a Toledo Barros\"\/>&#13;<br \/>\n                    <\/a>&#13;<br \/>\n&#13;<br \/>\n                &#13;<br \/>\n            <\/article>\n<p>&#13;<\/p>\n<article class=\"list-item noticias \">&#13;<br \/>\n                    <a class=\"list-item__img\" href=\"https:\/\/limeira.sp.gov.br\/imprensa\/noticias\/gabinete-do-prefeito\/treinamento-garante-ampliacao-de-tecnologia-de-traducao-de-libras-a-rede-socioassistencial\" tabindex=\"-1\" aria-hidden=\"true\" rel=\"noopener\">&#13;<br \/>\n                        <img data-recalc-dims=\"1\" decoding=\"async\" src=\"https:\/\/i0.wp.com\/ecrie.com.br\/sistema\/conteudos\/imagem\/m_137_0_1_13052024165126.png?w=696&#038;ssl=1\" alt=\"Treinamento garante amplia\u00e7\u00e3o de tecnologia de tradu\u00e7\u00e3o de Libras \u00e0 rede socioassistencial\"\/>&#13;<br \/>\n                    <\/a>&#13;<br \/>\n&#13;<br \/>\n                &#13;<br \/>\n            <\/article>\n<p>&#13;<br \/>\n    <\/aside>\n<p>&#13;<br \/>\n&#13;<br \/>\n            <\/main><\/p><\/div>\n<p><br \/>\n<br \/><a href=\"https:\/\/limeira.sp.gov.br\/abertas-inscricoes-para-evento-sobre-empregabilidade-da-pessoa-com-deficiencia\" rel=\"noopener\">Informa\u00e7\u00f5es da PML <\/a><\/p>\n","protected":false},"excerpt":{"rendered":"<p>&#13; &#13; &#13; &#13; &#13; &#13; &#13; \u00a0 &#13; O Conselho Municipal dos Direitos das Pessoas com Defici\u00eancia\u00a0(CMDPD), em parceria com a Escola Legislativa da C\u00e2mara Municipal, e apoio da Prefeitura de Limeira, promove no dia 22, das 8h \u00e0s 12h, o evento \u201cEmpregabilidade para pessoa com defici\u00eancia e seus desafios\u201d. Na ocasi\u00e3o, haver\u00e1 palestras [&hellip;]<\/p>\n","protected":false},"author":1,"featured_media":4971,"comment_status":"open","ping_status":"open","sticky":false,"template":"","format":"standard","meta":{"_jetpack_newsletter_access":"","_jetpack_dont_email_post_to_subs":false,"_jetpack_newsletter_tier_id":0,"_jetpack_memberships_contains_paywalled_content":false,"_mbp_banners":[],"_jetpack_feature_clip_id":0,"_jetpack_memberships_contains_paid_content":false,"footnotes":"","jetpack_publicize_message":"","jetpack_publicize_feature_enabled":true,"jetpack_social_post_already_shared":true,"jetpack_social_options":{"image_generator_settings":{"template":"highway","default_image_id":0,"font":"","enabled":false},"version":2},"jetpack_post_was_ever_published":false},"categories":[16],"tags":[],"class_list":["post-4970","post","type-post","status-publish","format-standard","has-post-thumbnail","category-local"],"jetpack_publicize_connections":[],"jetpack-related-posts":[],"jetpack_shortlink":"https:\/\/wp.me\/p7Eq1F-1ia","jetpack_sharing_enabled":true,"jetpack_featured_media_url":"https:\/\/i0.wp.com\/guialimeira.com.br\/news\/wp-content\/uploads\/2024\/05\/m_137_0_1_14052024153259.jpg?fit=360%2C240&ssl=1","_links":{"self":[{"href":"https:\/\/guialimeira.com.br\/news\/wp-json\/wp\/v2\/posts\/4970","targetHints":{"allow":["GET"]}}],"collection":[{"href":"https:\/\/guialimeira.com.br\/news\/wp-json\/wp\/v2\/posts"}],"about":[{"href":"https:\/\/guialimeira.com.br\/news\/wp-json\/wp\/v2\/types\/post"}],"author":[{"embeddable":true,"href":"https:\/\/guialimeira.com.br\/news\/wp-json\/wp\/v2\/users\/1"}],"replies":[{"embeddable":true,"href":"https:\/\/guialimeira.com.br\/news\/wp-json\/wp\/v2\/comments?post=4970"}],"version-history":[{"count":0,"href":"https:\/\/guialimeira.com.br\/news\/wp-json\/wp\/v2\/posts\/4970\/revisions"}],"wp:featuredmedia":[{"embeddable":true,"href":"https:\/\/guialimeira.com.br\/news\/wp-json\/wp\/v2\/media\/4971"}],"wp:attachment":[{"href":"https:\/\/guialimeira.com.br\/news\/wp-json\/wp\/v2\/media?parent=4970"}],"wp:term":[{"taxonomy":"category","embeddable":true,"href":"https:\/\/guialimeira.com.br\/news\/wp-json\/wp\/v2\/categories?post=4970"},{"taxonomy":"post_tag","embeddable":true,"href":"https:\/\/guialimeira.com.br\/news\/wp-json\/wp\/v2\/tags?post=4970"}],"curies":[{"name":"wp","href":"https:\/\/api.w.org\/{rel}","templated":true}]}}