{"id":497,"date":"2024-03-30T04:05:44","date_gmt":"2024-03-30T07:05:44","guid":{"rendered":"https:\/\/guialimeira.com.br\/2024\/03\/30\/prefeitura-municipal-de-americana-15\/"},"modified":"2024-03-30T04:05:44","modified_gmt":"2024-03-30T07:05:44","slug":"prefeitura-municipal-de-americana-15","status":"publish","type":"post","link":"https:\/\/guialimeira.com.br\/news\/prefeitura-municipal-de-americana-15\/","title":{"rendered":"Prefeitura Municipal de Americana"},"content":{"rendered":"<p> <br \/>\n<\/p>\n<div>Os cerca de 80 funcion\u00e1rios da UPA (Unidade de Pronto Atendimento) S\u00e3o Jos\u00e9 foram homenageados, nesta ter\u00e7a-feira (26), pelo primeiro ano de funcionamento da unidade, assim como pelo alto \u00edndice de satisfa\u00e7\u00e3o com os servi\u00e7os prestados \u00e0 popula\u00e7\u00e3o. Os colaboradores se reuniram para comemorar com um lanche especial, bolo e kit com suspiros.<\/p>\n<p>Na segunda-feira (25), a UPA completou um ano de inaugura\u00e7\u00e3o com 80 mil atendimentos, mais de 150 mil procedimentos de enfermagem, 28 mil exames laboratoriais processados e a realiza\u00e7\u00e3o de aproximadamente 11 mil exames de raio-X.<\/p>\n<p>O \u00edndice m\u00e9dio de satisfa\u00e7\u00e3o dos pacientes atendidos no local \u00e9 de 93%, em quesitos como tempo de espera, cordialidade, limpeza, atendimento m\u00e9dico e da equipe de enfermagem.<\/p>\n<p>A coordenadora da UPA S\u00e3o Jos\u00e9, Janine Teles, destacou que a excel\u00eancia da unidade est\u00e1 relacionada &#8220;ao engajamento e comprometimento da equipe&#8221;.<\/p>\n<p>J\u00e1 o diretor da organiza\u00e7\u00e3o social Santa Casa de Miseric\u00f3rdia de Chavantes (SCMC) em Americana, Klebson Soares Carvalho, disse aos funcion\u00e1rios que &#8220;o atendimento assistencial de qualidade, humanizado, comprometido e com amor, s\u00f3 \u00e9 poss\u00edvel atrav\u00e9s de pessoas que fazem a diferen\u00e7a&#8221;.<\/p>\n<p>O diretor t\u00e9cnico do Hospital Municipal Dr. Waldemar Tebaldi, Ricardo Quintela, tamb\u00e9m elogiou a equipa da UPA e seu desempenho profissional. &#8220;Este \u00e9 um momento de felicidade para todos n\u00f3s. Voc\u00eas permitiram que a gente entregasse um servi\u00e7o de qualidade \u00e0 popula\u00e7\u00e3o de Americana&#8221;, enfatizou. <\/p>\n<p>&#8220;A UPA S\u00e3o Jos\u00e9 foi mais uma grande conquista da popula\u00e7\u00e3o americanense. O n\u00famero de procedimentos nesse primeiro ano, assim como os \u00edndices que demonstram a satisfa\u00e7\u00e3o dos usu\u00e1rios, apenas refor\u00e7am isso. Essa \u00e9 a Sa\u00fade que queremos ofertar a todos: com mais acesso, qualidade, acolhimento e humaniza\u00e7\u00e3o&#8221;, afirmou o secret\u00e1rio de Sa\u00fade, Danilo Carvalho Oliveira.<\/p>\n<p>A UPA S\u00e3o Jos\u00e9 \u00e9 administrada pela SCMC, por meio de gest\u00e3o compartilhada com a Secretaria Municipal de Sa\u00fade da Prefeitura de Americana, assim como o Hospital Municipal e a Unacon (Unidade de Alta Complexidade em Oncologia).<\/p>\n<p>Texto: Marcelo Rocha \/ Assessoria de Imprensa da Santa Casa de Chavantes (MTb 29.754)\n                            <\/p>\n<\/div>\n<p><script async defer crossorigin=\"anonymous\" src=\"https:\/\/connect.facebook.net\/pt_BR\/sdk.js#xfbml=1&#038;version=v5.0\"><\/script><br \/>\n<br \/><br \/>\n<br \/><a href=\"https:\/\/www.americana.sp.gov.br\/americana-index.php?a=noticia&#038;id=30451\" rel=\"noopener\">Informa\u00e7\u00f5es PMA<\/a><\/p>\n","protected":false},"excerpt":{"rendered":"<p>Os cerca de 80 funcion\u00e1rios da UPA (Unidade de Pronto Atendimento) S\u00e3o Jos\u00e9 foram homenageados, nesta ter\u00e7a-feira (26), pelo primeiro ano de funcionamento da unidade, assim como pelo alto \u00edndice de satisfa\u00e7\u00e3o com os servi\u00e7os prestados \u00e0 popula\u00e7\u00e3o. Os colaboradores se reuniram para comemorar com um lanche especial, bolo e kit com suspiros. Na segunda-feira [&hellip;]<\/p>\n","protected":false},"author":1,"featured_media":0,"comment_status":"open","ping_status":"open","sticky":false,"template":"","format":"standard","meta":{"_jetpack_newsletter_access":"","_jetpack_dont_email_post_to_subs":false,"_jetpack_newsletter_tier_id":0,"_jetpack_memberships_contains_paywalled_content":false,"_mbp_banners":[],"_jetpack_feature_clip_id":0,"_jetpack_memberships_contains_paid_content":false,"footnotes":"","jetpack_publicize_message":"","jetpack_publicize_feature_enabled":true,"jetpack_social_post_already_shared":true,"jetpack_social_options":{"image_generator_settings":{"template":"highway","default_image_id":0,"font":"","enabled":false},"version":2},"jetpack_post_was_ever_published":false},"categories":[20],"tags":[],"class_list":["post-497","post","type-post","status-publish","format-standard","category-regiao"],"jetpack_publicize_connections":[],"jetpack-related-posts":[],"jetpack_shortlink":"https:\/\/wp.me\/p7Eq1F-81","jetpack_sharing_enabled":true,"jetpack_featured_media_url":"","_links":{"self":[{"href":"https:\/\/guialimeira.com.br\/news\/wp-json\/wp\/v2\/posts\/497","targetHints":{"allow":["GET"]}}],"collection":[{"href":"https:\/\/guialimeira.com.br\/news\/wp-json\/wp\/v2\/posts"}],"about":[{"href":"https:\/\/guialimeira.com.br\/news\/wp-json\/wp\/v2\/types\/post"}],"author":[{"embeddable":true,"href":"https:\/\/guialimeira.com.br\/news\/wp-json\/wp\/v2\/users\/1"}],"replies":[{"embeddable":true,"href":"https:\/\/guialimeira.com.br\/news\/wp-json\/wp\/v2\/comments?post=497"}],"version-history":[{"count":0,"href":"https:\/\/guialimeira.com.br\/news\/wp-json\/wp\/v2\/posts\/497\/revisions"}],"wp:attachment":[{"href":"https:\/\/guialimeira.com.br\/news\/wp-json\/wp\/v2\/media?parent=497"}],"wp:term":[{"taxonomy":"category","embeddable":true,"href":"https:\/\/guialimeira.com.br\/news\/wp-json\/wp\/v2\/categories?post=497"},{"taxonomy":"post_tag","embeddable":true,"href":"https:\/\/guialimeira.com.br\/news\/wp-json\/wp\/v2\/tags?post=497"}],"curies":[{"name":"wp","href":"https:\/\/api.w.org\/{rel}","templated":true}]}}