{"id":4967,"date":"2024-05-14T15:55:46","date_gmt":"2024-05-14T18:55:46","guid":{"rendered":"https:\/\/guialimeira.com.br\/2024\/05\/14\/aprovados-no-provao-paulista-nas-fatecs-e-univesp-tem-ate-amanha-para-efetuar-matricula\/"},"modified":"2024-05-14T15:55:46","modified_gmt":"2024-05-14T18:55:46","slug":"aprovados-no-provao-paulista-nas-fatecs-e-univesp-tem-ate-amanha-para-efetuar-matricula","status":"publish","type":"post","link":"https:\/\/guialimeira.com.br\/news\/aprovados-no-provao-paulista-nas-fatecs-e-univesp-tem-ate-amanha-para-efetuar-matricula\/","title":{"rendered":"Aprovados no Prov\u00e3o Paulista nas Fatecs e Univesp t\u00eam at\u00e9 amanh\u00e3 para efetuar matr\u00edcula"},"content":{"rendered":"<p> <br \/>\n<\/p>\n<div id=\"\">&#13;<br \/>\n                                <!-- Title -->&#13;<br \/>\n                                &#13;<br \/>\n&#13;<br \/>\n                                <!-- Excerpt -->&#13;<\/p>\n<p class=\"excerpt\">Segunda lista foi divulgada na segunda; inscri\u00e7\u00e3o precisa ser feita no portal das institui\u00e7\u00f5es<\/p>\n<p>&#13;<br \/>\n&#13;<br \/>\n                                &#13;\n                            <\/p><\/div>\n<div id=\"\">&#13;<\/p>\n<p><iframe loading=\"lazy\" title=\"Aprovados no Prov\u00e3o Paulista nos cursos das Fatecs e Univesp t\u00eam at\u00e9 amanh\u00e3 para efetuar matr\u00edcula by Governo do Estado de S\u00e3o Paulo\" width=\"587\" height=\"330\" scrolling=\"no\" frameborder=\"no\" src=\"https:\/\/w.soundcloud.com\/player\/?visual=true&amp;url=https%3A%2F%2Fapi.soundcloud.com%2Ftracks%2F1821840567&amp;show_artwork=true&amp;maxheight=330&amp;maxwidth=587\"><\/iframe><\/p>\n<p>\u00a0<\/p>\n<p>Os alunos aprovados no Prov\u00e3o Paulista em cursos das Faculdades de Tecnologia do Estado (Fatecs) e da Universidade Virtual do Estado de S\u00e3o Paulo (Univesp) t\u00eam at\u00e9 quarta-feira (15) para efetuar a matr\u00edcula no portal de cada institui\u00e7\u00e3o. Ap\u00f3s esse per\u00edodo, o candidato perder\u00e1 o direito \u00e0 vaga, que ser\u00e1 liberada para a terceira chamada.<\/p>\n<p>A segunda lista dos aprovados foi divulgada na segunda-feira pela Secretaria da Educa\u00e7\u00e3o do Estado de S\u00e3o Paulo (Seduc-SP). As aulas t\u00eam in\u00edcio no segundo semestre. Os candidatos podem consultar o resultado no site oficial do processo seletivo <a href=\"http:\/\/provaopaulistaseriado.vunesp.com.br\" rel=\"noopener\">provaopaulistaseriado.vunesp.com.br<\/a>.<\/p>\n<p>\u200cEst\u00e3o classificados para essa etapa os estudantes que optaram anteriormente por cursos oferecidos pelas Fatecs, Univesp e para aqueles que foram classificados, mas n\u00e3o foram selecionados para o primeiro semestre nas outras universidades do Prov\u00e3o, como a USP, Unicamp e Unesp.<\/p>\n<p>O dirigente de ensino da regi\u00e3o leste 3, da capital paulista, professor Eric Vellone Col\u00f3, destaca que o Prov\u00e3o Paulista \u00e9 uma grande oportunidade para os estudantes da rede p\u00fablica ingressarem direto no ensino superior de qualidade. \u201cFazer e acessar a Fatec e a Univesp \u00e9 um grande passo do ponto de vista profissional acad\u00eamico e pessoal. \u00c9 importante lembrar que estes estudantes, acessando o ensino p\u00fablico, superior, gratuito e de qualidade t\u00eam um alto \u00edndice de empregabilidade\u201d, afirma.<\/p>\n<p>A terceira chamada dos aprovados no Prov\u00e3o Paulista nos cursos das Fatecs e Univesp deve ser divulgada no dia 20 de maio. Uma quarta lista das Fatecs est\u00e1 prevista para sair at\u00e9 o dia 27.<\/p>\n<\/p><\/div>\n<p><br \/>\n<br \/><a href=\"https:\/\/www.saopaulo.sp.gov.br\/spnoticias\/ultimas-noticias\/aprovados-no-provao-paulista-nas-fatecs-e-univesp-tem-ate-amanha-para-efetuar-matricula\/\" rel=\"noopener\">Informa\u00e7\u00f5es GOV.SP<\/a><\/p>\n","protected":false},"excerpt":{"rendered":"<p>&#13; &#13; &#13; &#13; &#13; Segunda lista foi divulgada na segunda; inscri\u00e7\u00e3o precisa ser feita no portal das institui\u00e7\u00f5es &#13; &#13; &#13; &#13; \u00a0 Os alunos aprovados no Prov\u00e3o Paulista em cursos das Faculdades de Tecnologia do Estado (Fatecs) e da Universidade Virtual do Estado de S\u00e3o Paulo (Univesp) t\u00eam at\u00e9 quarta-feira (15) para efetuar [&hellip;]<\/p>\n","protected":false},"author":1,"featured_media":238,"comment_status":"open","ping_status":"open","sticky":false,"template":"","format":"standard","meta":{"_jetpack_newsletter_access":"","_jetpack_dont_email_post_to_subs":false,"_jetpack_newsletter_tier_id":0,"_jetpack_memberships_contains_paywalled_content":false,"_mbp_banners":[],"_jetpack_feature_clip_id":0,"_jetpack_memberships_contains_paid_content":false,"footnotes":"","jetpack_publicize_message":"","jetpack_publicize_feature_enabled":true,"jetpack_social_post_already_shared":true,"jetpack_social_options":{"image_generator_settings":{"template":"highway","default_image_id":0,"font":"","enabled":false},"version":2},"jetpack_post_was_ever_published":false},"categories":[21],"tags":[],"class_list":["post-4967","post","type-post","status-publish","format-standard","has-post-thumbnail","category-sp-news"],"jetpack_publicize_connections":[],"jetpack-related-posts":[],"jetpack_shortlink":"https:\/\/wp.me\/p7Eq1F-1i7","jetpack_sharing_enabled":true,"jetpack_featured_media_url":"https:\/\/i0.wp.com\/guialimeira.com.br\/news\/wp-content\/uploads\/2024\/03\/cover.png?fit=650%2C650&ssl=1","_links":{"self":[{"href":"https:\/\/guialimeira.com.br\/news\/wp-json\/wp\/v2\/posts\/4967","targetHints":{"allow":["GET"]}}],"collection":[{"href":"https:\/\/guialimeira.com.br\/news\/wp-json\/wp\/v2\/posts"}],"about":[{"href":"https:\/\/guialimeira.com.br\/news\/wp-json\/wp\/v2\/types\/post"}],"author":[{"embeddable":true,"href":"https:\/\/guialimeira.com.br\/news\/wp-json\/wp\/v2\/users\/1"}],"replies":[{"embeddable":true,"href":"https:\/\/guialimeira.com.br\/news\/wp-json\/wp\/v2\/comments?post=4967"}],"version-history":[{"count":0,"href":"https:\/\/guialimeira.com.br\/news\/wp-json\/wp\/v2\/posts\/4967\/revisions"}],"wp:featuredmedia":[{"embeddable":true,"href":"https:\/\/guialimeira.com.br\/news\/wp-json\/wp\/v2\/media\/238"}],"wp:attachment":[{"href":"https:\/\/guialimeira.com.br\/news\/wp-json\/wp\/v2\/media?parent=4967"}],"wp:term":[{"taxonomy":"category","embeddable":true,"href":"https:\/\/guialimeira.com.br\/news\/wp-json\/wp\/v2\/categories?post=4967"},{"taxonomy":"post_tag","embeddable":true,"href":"https:\/\/guialimeira.com.br\/news\/wp-json\/wp\/v2\/tags?post=4967"}],"curies":[{"name":"wp","href":"https:\/\/api.w.org\/{rel}","templated":true}]}}