{"id":49604,"date":"2025-11-10T16:57:32","date_gmt":"2025-11-10T19:57:32","guid":{"rendered":"https:\/\/guialimeira.com.br\/?p=49604"},"modified":"2025-11-10T16:57:32","modified_gmt":"2025-11-10T19:57:32","slug":"matriculas-abertas-para-o-ensino-fundamental-de-jovens-e-adultos-em-cordeiropolis-prefeitura-municipal-de-cordeiropolis","status":"publish","type":"post","link":"https:\/\/guialimeira.com.br\/news\/matriculas-abertas-para-o-ensino-fundamental-de-jovens-e-adultos-em-cordeiropolis-prefeitura-municipal-de-cordeiropolis\/","title":{"rendered":"Matr\u00edculas abertas para o Ensino Fundamental de Jovens e Adultos em Cordeir\u00f3polis \u2013 Prefeitura Municipal de Cordeir\u00f3polis"},"content":{"rendered":"<p> <br \/>\n<\/p>\n<div>\n<p>A Secretaria de Educa\u00e7\u00e3o de Cordeir\u00f3polis abrir\u00e1 as matr\u00edculas para o Ensino Fundamental de Jovens e Adultos (EJA) a partir de 24 de novembro. Os interessados poder\u00e3o se matricular at\u00e9 5 de dezembro, das 16h \u00e0s 20h, na secretaria da Emef Maria Nazareth Stocco Lordello, no Bairro S\u00e3o Jos\u00e9 I.<\/p>\n<p>Podem se matricular pessoas com 15 anos completos antes da data da matr\u00edcula. Para o primeiro semestre de 2026, as vagas dispon\u00edveis s\u00e3o para turmas de 1\u00aa a 4\u00aa s\u00e9ries, 5\u00aa s\u00e9rie (6\u00ba ano) e 7\u00aa s\u00e9rie (8\u00ba ano).<\/p>\n<p>Para efetivar a inscri\u00e7\u00e3o, o interessado deve apresentar uma foto 3\u00d74 atual; c\u00f3pias do RG e CPF; c\u00f3pia do RG ou CPF do respons\u00e1vel (no caso de menores de idade); c\u00f3pia da certid\u00e3o de nascimento ou casamento; c\u00f3pia do comprovante de endere\u00e7o; c\u00f3pia do hist\u00f3rico escolar da escola anterior; e uma pasta de papel\u00e3o com el\u00e1stico, de cor clara.<\/p>\n<p>O matriculado deve ainda informar telefones de contato atualizados. No caso de menores de idade, a matr\u00edcula s\u00f3 pode ser solicitada e assinada pelo pai, m\u00e3e ou respons\u00e1vel legal.<\/p>\n<\/p><\/div>\n<p><br \/>\n<br \/><a href=\"https:\/\/www.cordeiropolis.sp.gov.br\/matriculas-abertas-para-o-ensino-fundamental-de-jovens-e-adultos-em-cordeiropolis\/\" rel=\"noopener\">Informa\u00e7\u00f5es Cordeir\u00f3polis <\/a><\/p>\n","protected":false},"excerpt":{"rendered":"<p>A Secretaria de Educa\u00e7\u00e3o de Cordeir\u00f3polis abrir\u00e1 as matr\u00edculas para o Ensino Fundamental de Jovens e Adultos (EJA) a partir de 24 de novembro. Os interessados poder\u00e3o se matricular at\u00e9 5 de dezembro, das 16h \u00e0s 20h, na secretaria da Emef Maria Nazareth Stocco Lordello, no Bairro S\u00e3o Jos\u00e9 I. Podem se matricular pessoas com [&hellip;]<\/p>\n","protected":false},"author":1,"featured_media":0,"comment_status":"open","ping_status":"open","sticky":false,"template":"","format":"standard","meta":{"_jetpack_newsletter_access":"","_jetpack_dont_email_post_to_subs":false,"_jetpack_newsletter_tier_id":0,"_jetpack_memberships_contains_paywalled_content":false,"_mbp_banners":[],"_jetpack_feature_clip_id":0,"_jetpack_memberships_contains_paid_content":false,"footnotes":"","jetpack_publicize_message":"","jetpack_publicize_feature_enabled":true,"jetpack_social_post_already_shared":true,"jetpack_social_options":{"image_generator_settings":{"template":"highway","default_image_id":0,"font":"","enabled":false},"version":2},"jetpack_post_was_ever_published":false},"categories":[20],"tags":[],"class_list":["post-49604","post","type-post","status-publish","format-standard","category-regiao"],"jetpack_publicize_connections":[],"jetpack-related-posts":[],"jetpack_shortlink":"https:\/\/wp.me\/p7Eq1F-cU4","jetpack_sharing_enabled":true,"jetpack_featured_media_url":"","_links":{"self":[{"href":"https:\/\/guialimeira.com.br\/news\/wp-json\/wp\/v2\/posts\/49604","targetHints":{"allow":["GET"]}}],"collection":[{"href":"https:\/\/guialimeira.com.br\/news\/wp-json\/wp\/v2\/posts"}],"about":[{"href":"https:\/\/guialimeira.com.br\/news\/wp-json\/wp\/v2\/types\/post"}],"author":[{"embeddable":true,"href":"https:\/\/guialimeira.com.br\/news\/wp-json\/wp\/v2\/users\/1"}],"replies":[{"embeddable":true,"href":"https:\/\/guialimeira.com.br\/news\/wp-json\/wp\/v2\/comments?post=49604"}],"version-history":[{"count":1,"href":"https:\/\/guialimeira.com.br\/news\/wp-json\/wp\/v2\/posts\/49604\/revisions"}],"predecessor-version":[{"id":49605,"href":"https:\/\/guialimeira.com.br\/news\/wp-json\/wp\/v2\/posts\/49604\/revisions\/49605"}],"wp:attachment":[{"href":"https:\/\/guialimeira.com.br\/news\/wp-json\/wp\/v2\/media?parent=49604"}],"wp:term":[{"taxonomy":"category","embeddable":true,"href":"https:\/\/guialimeira.com.br\/news\/wp-json\/wp\/v2\/categories?post=49604"},{"taxonomy":"post_tag","embeddable":true,"href":"https:\/\/guialimeira.com.br\/news\/wp-json\/wp\/v2\/tags?post=49604"}],"curies":[{"name":"wp","href":"https:\/\/api.w.org\/{rel}","templated":true}]}}