{"id":4959,"date":"2024-05-14T15:05:45","date_gmt":"2024-05-14T18:05:45","guid":{"rendered":"https:\/\/guialimeira.com.br\/2024\/05\/14\/acoes-voltadas-a-inovacao-e-tecnologia-rendem-premio-a-limeira\/"},"modified":"2024-05-14T15:05:45","modified_gmt":"2024-05-14T18:05:45","slug":"acoes-voltadas-a-inovacao-e-tecnologia-rendem-premio-a-limeira","status":"publish","type":"post","link":"https:\/\/guialimeira.com.br\/news\/acoes-voltadas-a-inovacao-e-tecnologia-rendem-premio-a-limeira\/","title":{"rendered":"A\u00e7\u00f5es voltadas \u00e0 inova\u00e7\u00e3o e tecnologia rendem pr\u00eamio a Limeira"},"content":{"rendered":"<p> <br \/>\n<\/p>\n<div>\n            <main class=\"\">&#13;<br \/>\n                &#13;<br \/>\n&#13;<br \/>\n&#13;<br \/>\n&#13;<br \/>\n    <img data-recalc-dims=\"1\" decoding=\"async\" src=\"https:\/\/i0.wp.com\/ecrie.com.br\/sistema\/conteudos\/imagem\/m_137_2_2_14052024150439.jpg?w=696&#038;ssl=1\" alt=\"A\u00e7\u00f5es voltadas \u00e0 inova\u00e7\u00e3o e tecnologia rendem pr\u00eamio a Limeira\"\/>&#13;<br \/>\n&#13;<\/p>\n<p style=\"text-align: justify;\" align=\"justify\">Limeira foi contemplada, nesta manh\u00e3 (14), com o Pr\u00eamio InovaCidade 2024, em solenidade ocorrida, em S\u00e3o Paulo, durante o 11\u00b0 Smart City Business America. V\u00e1rias a\u00e7\u00f5es inscritas no projeto Conectando Vidas, Criando Futuros renderam a honraria ao munic\u00edpio. A premia\u00e7\u00e3o foi recebida pelo prefeito Mario Botion. A vice-prefeita Erika Tank e o secret\u00e1rio de Desenvolvimento, Turismo e Inova\u00e7\u00e3o, Tito Almirall, tamb\u00e9m acompanharam a cerim\u00f4nia. Ao todo, foram premiados 43 projetos, e Limeira se destacou entre as 128 inscri\u00e7\u00f5es de 81 institui\u00e7\u00f5es diferentes.<\/p>\n<p>&#13;<\/p>\n<p style=\"text-align: justify;\" align=\"justify\">De acordo com a organiza\u00e7\u00e3o do evento, foram premiadas as iniciativas com impactos positivos e reconhecidos pela sociedade. Al\u00e9m de prefeituras, a iniciativa privada e entidades da sociedade civil foram selecionadas pelo InovaCidade. As organiza\u00e7\u00f5es premiadas ter\u00e3o o reconhecimento como inovadoras e ainda ter\u00e3o suas a\u00e7\u00f5es divulgadas. \u201cCom certeza, essa premia\u00e7\u00e3o mostra que estamos no caminho certo para a constru\u00e7\u00e3o de um futuro s\u00f3lido, atrav\u00e9s de iniciativas sustent\u00e1veis e tecnol\u00f3gicas\u201d, pontuou o chefe do Executivo limeirense.<\/p>\n<p>&#13;<\/p>\n<p style=\"text-align: justify;\" align=\"justify\">Foram inscritas quatro a\u00e7\u00f5es desenvolvidas pelo governo Botion: a moderniza\u00e7\u00e3o do parque de ilumina\u00e7\u00e3o p\u00fablica (com mais de 34 mil pontos a receberem tecnologia LED); a muralha digital que \u00e9 composta pelo monitoramento de vias, em especial, entradas e sa\u00eddas do munic\u00edpio; o Proetic (Programa de Educa\u00e7\u00e3o Tecnol\u00f3gica e Inicia\u00e7\u00e3o Cient\u00edfica) que re\u00fane uma s\u00e9rie de investimentos em tecnologia na rede municipal de ensino; e, por fim, a implanta\u00e7\u00e3o do Elo Limeira, que desenvolve a\u00e7\u00f5es em empregabilidade, empreendedorismo e inova\u00e7\u00e3o. \u201cTodas essas iniciativas trouxeram um ganho enorme para a cidade, e principalmente para a nossa popula\u00e7\u00e3o por meio de seguran\u00e7a, infraestrutura, educa\u00e7\u00e3o e inova\u00e7\u00e3o. E o resultado disso tudo \u00e9 uma melhor qualidade de vida a todos\u201d, destacou Erika Tank.<\/p>\n<p>&#13;<br \/>\n&#13;<br \/>\n    &#13;<br \/>\n    &#13;<br \/>\n&#13;<br \/>\n&#13;<\/p>\n<aside class=\"list-related no-print\">&#13;<br \/>\n        &#13;<br \/>\n&#13;<\/p>\n<article class=\"list-item noticias \">&#13;<br \/>\n                    <a class=\"list-item__img\" href=\"https:\/\/limeira.sp.gov.br\/imprensa\/noticias\/gabinete-do-prefeito\/doacoes-para-rs-continuam-no-drive-na-praca-toledo-barros\" tabindex=\"-1\" aria-hidden=\"true\" rel=\"noopener\">&#13;<br \/>\n                        <img data-recalc-dims=\"1\" decoding=\"async\" src=\"https:\/\/i0.wp.com\/ecrie.com.br\/sistema\/conteudos\/imagem\/m_137_0_1_13052024175653.jpg?w=696&#038;ssl=1\" alt=\"Doa\u00e7\u00f5es para RS continuam no drive na Pra\u00e7a Toledo Barros\"\/>&#13;<br \/>\n                    <\/a>&#13;<br \/>\n&#13;<br \/>\n                &#13;<br \/>\n            <\/article>\n<p>&#13;<\/p>\n<article class=\"list-item noticias \">&#13;<br \/>\n                    <a class=\"list-item__img\" href=\"https:\/\/limeira.sp.gov.br\/imprensa\/noticias\/obras-e-servicos-publicos\/barao-de-campinas-e-liberada-apos-interdicao-por-obras\" tabindex=\"-1\" aria-hidden=\"true\" rel=\"noopener\">&#13;<br \/>\n                        <img data-recalc-dims=\"1\" decoding=\"async\" src=\"https:\/\/i0.wp.com\/ecrie.com.br\/sistema\/conteudos\/imagem\/m_137_0_1_13052024170608.jpeg?w=696&#038;ssl=1\" alt=\"Bar\u00e3o de Campinas \u00e9 liberada ap\u00f3s interdi\u00e7\u00e3o por obras\"\/>&#13;<br \/>\n                    <\/a>&#13;<br \/>\n&#13;<br \/>\n                &#13;<br \/>\n            <\/article>\n<p>&#13;<\/p>\n<article class=\"list-item noticias \">&#13;<br \/>\n                    <a class=\"list-item__img\" href=\"https:\/\/limeira.sp.gov.br\/imprensa\/noticias\/gabinete-do-prefeito\/treinamento-garante-ampliacao-de-tecnologia-de-traducao-de-libras-a-rede-socioassistencial\" tabindex=\"-1\" aria-hidden=\"true\" rel=\"noopener\">&#13;<br \/>\n                        <img data-recalc-dims=\"1\" decoding=\"async\" src=\"https:\/\/i0.wp.com\/ecrie.com.br\/sistema\/conteudos\/imagem\/m_137_0_1_13052024165126.png?w=696&#038;ssl=1\" alt=\"Treinamento garante amplia\u00e7\u00e3o de tecnologia de tradu\u00e7\u00e3o de Libras \u00e0 rede socioassistencial\"\/>&#13;<br \/>\n                    <\/a>&#13;<br \/>\n&#13;<br \/>\n                &#13;<br \/>\n            <\/article>\n<p>&#13;<br \/>\n    <\/aside>\n<p>&#13;<br \/>\n&#13;<br \/>\n            <\/main><\/p><\/div>\n<p><br \/>\n<br \/><a href=\"https:\/\/limeira.sp.gov.br\/acoes-voltadas-a-inovacao-e-tecnologia-rendem-premio-a-limeira\" rel=\"noopener\">Informa\u00e7\u00f5es da PML <\/a><\/p>\n","protected":false},"excerpt":{"rendered":"<p>&#13; &#13; &#13; &#13; &#13; &#13; &#13; Limeira foi contemplada, nesta manh\u00e3 (14), com o Pr\u00eamio InovaCidade 2024, em solenidade ocorrida, em S\u00e3o Paulo, durante o 11\u00b0 Smart City Business America. V\u00e1rias a\u00e7\u00f5es inscritas no projeto Conectando Vidas, Criando Futuros renderam a honraria ao munic\u00edpio. A premia\u00e7\u00e3o foi recebida pelo prefeito Mario Botion. A vice-prefeita [&hellip;]<\/p>\n","protected":false},"author":1,"featured_media":4960,"comment_status":"open","ping_status":"open","sticky":false,"template":"","format":"standard","meta":{"_jetpack_newsletter_access":"","_jetpack_dont_email_post_to_subs":false,"_jetpack_newsletter_tier_id":0,"_jetpack_memberships_contains_paywalled_content":false,"_mbp_banners":[],"_jetpack_feature_clip_id":0,"_jetpack_memberships_contains_paid_content":false,"footnotes":"","jetpack_publicize_message":"","jetpack_publicize_feature_enabled":true,"jetpack_social_post_already_shared":true,"jetpack_social_options":{"image_generator_settings":{"template":"highway","default_image_id":0,"font":"","enabled":false},"version":2},"jetpack_post_was_ever_published":false},"categories":[16],"tags":[],"class_list":["post-4959","post","type-post","status-publish","format-standard","has-post-thumbnail","category-local"],"jetpack_publicize_connections":[],"jetpack-related-posts":[],"jetpack_shortlink":"https:\/\/wp.me\/p7Eq1F-1hZ","jetpack_sharing_enabled":true,"jetpack_featured_media_url":"https:\/\/i0.wp.com\/guialimeira.com.br\/news\/wp-content\/uploads\/2024\/05\/m_137_2_2_14052024150439.jpg?fit=1280%2C852&ssl=1","_links":{"self":[{"href":"https:\/\/guialimeira.com.br\/news\/wp-json\/wp\/v2\/posts\/4959","targetHints":{"allow":["GET"]}}],"collection":[{"href":"https:\/\/guialimeira.com.br\/news\/wp-json\/wp\/v2\/posts"}],"about":[{"href":"https:\/\/guialimeira.com.br\/news\/wp-json\/wp\/v2\/types\/post"}],"author":[{"embeddable":true,"href":"https:\/\/guialimeira.com.br\/news\/wp-json\/wp\/v2\/users\/1"}],"replies":[{"embeddable":true,"href":"https:\/\/guialimeira.com.br\/news\/wp-json\/wp\/v2\/comments?post=4959"}],"version-history":[{"count":0,"href":"https:\/\/guialimeira.com.br\/news\/wp-json\/wp\/v2\/posts\/4959\/revisions"}],"wp:featuredmedia":[{"embeddable":true,"href":"https:\/\/guialimeira.com.br\/news\/wp-json\/wp\/v2\/media\/4960"}],"wp:attachment":[{"href":"https:\/\/guialimeira.com.br\/news\/wp-json\/wp\/v2\/media?parent=4959"}],"wp:term":[{"taxonomy":"category","embeddable":true,"href":"https:\/\/guialimeira.com.br\/news\/wp-json\/wp\/v2\/categories?post=4959"},{"taxonomy":"post_tag","embeddable":true,"href":"https:\/\/guialimeira.com.br\/news\/wp-json\/wp\/v2\/tags?post=4959"}],"curies":[{"name":"wp","href":"https:\/\/api.w.org\/{rel}","templated":true}]}}