{"id":49576,"date":"2025-11-10T09:13:01","date_gmt":"2025-11-10T12:13:01","guid":{"rendered":"https:\/\/guialimeira.com.br\/polinizadores-acao-humana-e-principal-ameaca-as-abelhas-preservacao-e-essencial-para-a-seguranca-alimentar\/"},"modified":"2025-11-10T09:13:01","modified_gmt":"2025-11-10T12:13:01","slug":"polinizadores-acao-humana-e-principal-ameaca-as-abelhas-preservacao-e-essencial-para-a-seguranca-alimentar","status":"publish","type":"post","link":"https:\/\/guialimeira.com.br\/news\/polinizadores-acao-humana-e-principal-ameaca-as-abelhas-preservacao-e-essencial-para-a-seguranca-alimentar\/","title":{"rendered":"Polinizadores: a\u00e7\u00e3o humana \u00e9 principal amea\u00e7a \u00e0s abelhas; preserva\u00e7\u00e3o \u00e9 essencial para a seguran\u00e7a alimentar"},"content":{"rendered":"<p><img data-recalc-dims=\"1\" decoding=\"async\" src=\"https:\/\/i0.wp.com\/www.limeira.sp.leg.br\/assets\/uploads\/noticia\/2025-11-10_polinizadores-acao-humana-e-principal-ameaca-as-abelhas-preservacao-e-essencial-para-a-seguranca-alimentar_1.jpg?w=696&#038;ssl=1\" alt=\"Polinizadores: a\u00e7\u00e3o humana \u00e9 principal amea\u00e7a \u00e0s abelhas; preserva\u00e7\u00e3o \u00e9 essencial para a seguran\u00e7a alimentar\" \/><\/p>\n<p>Polinizadores: a\u00e7\u00e3o humana \u00e9 principal amea\u00e7a \u00e0s abelhas; preserva\u00e7\u00e3o \u00e9 essencial para a seguran\u00e7a alimentar<\/p>\n<p><a href=\"https:\/\/www.limeira.sp.leg.br\/noticias\/view\/2025-11-10_polinizadores-acao-humana-e-principal-ameaca-as-abelhas-preservacao-e-essencial-para-a-seguranca-alimentar\" rel=\"noopener\">Exibir artigo<\/a><\/p>\n<p><a href=\"https:\/\/www.limeira.sp.leg.br\/noticias\/view\/2025-11-10_polinizadores-acao-humana-e-principal-ameaca-as-abelhas-preservacao-e-essencial-para-a-seguranca-alimentar\" target=\"_blank\" rel=\"noopener\">Read original article<\/a><\/p>\n","protected":false},"excerpt":{"rendered":"<p><img decoding=\"async\" src=\"https:\/\/www.limeira.sp.leg.br\/assets\/uploads\/noticia\/2025-11-10_polinizadores-acao-humana-e-principal-ameaca-as-abelhas-preservacao-e-essencial-para-a-seguranca-alimentar_1.jpg\" alt=\"Polinizadores: a\u00e7\u00e3o humana \u00e9 principal amea\u00e7a \u00e0s abelhas; preserva\u00e7\u00e3o \u00e9 essencial para a seguran\u00e7a alimentar\" \/><\/p>\n<p>Polinizadores: a\u00e7\u00e3o humana \u00e9 principal amea\u00e7a \u00e0s abelhas; preserva\u00e7\u00e3o \u00e9 essencial para a seguran\u00e7a alimentar<\/p>\n<p><a href=\"https:\/\/www.limeira.sp.leg.br\/noticias\/view\/2025-11-10_polinizadores-acao-humana-e-principal-ameaca-as-abelhas-preservacao-e-essencial-para-a-seguranca-alimentar\">Exibir artigo<\/a><\/p>\n","protected":false},"author":4,"featured_media":0,"comment_status":"open","ping_status":"open","sticky":false,"template":"","format":"standard","meta":{"_jetpack_newsletter_access":"","_jetpack_dont_email_post_to_subs":false,"_jetpack_newsletter_tier_id":0,"_jetpack_memberships_contains_paywalled_content":false,"_mbp_banners":[],"_jetpack_feature_clip_id":0,"_jetpack_memberships_contains_paid_content":false,"footnotes":"","jetpack_publicize_message":"","jetpack_publicize_feature_enabled":true,"jetpack_social_post_already_shared":true,"jetpack_social_options":{"image_generator_settings":{"template":"highway","default_image_id":0,"font":"","enabled":false},"version":2},"jetpack_post_was_ever_published":false},"categories":[1],"tags":[],"class_list":["post-49576","post","type-post","status-publish","format-standard","category-geral"],"jetpack_publicize_connections":[],"jetpack-related-posts":[],"jetpack_shortlink":"https:\/\/wp.me\/p7Eq1F-cTC","jetpack_sharing_enabled":true,"jetpack_featured_media_url":"","_links":{"self":[{"href":"https:\/\/guialimeira.com.br\/news\/wp-json\/wp\/v2\/posts\/49576","targetHints":{"allow":["GET"]}}],"collection":[{"href":"https:\/\/guialimeira.com.br\/news\/wp-json\/wp\/v2\/posts"}],"about":[{"href":"https:\/\/guialimeira.com.br\/news\/wp-json\/wp\/v2\/types\/post"}],"author":[{"embeddable":true,"href":"https:\/\/guialimeira.com.br\/news\/wp-json\/wp\/v2\/users\/4"}],"replies":[{"embeddable":true,"href":"https:\/\/guialimeira.com.br\/news\/wp-json\/wp\/v2\/comments?post=49576"}],"version-history":[{"count":0,"href":"https:\/\/guialimeira.com.br\/news\/wp-json\/wp\/v2\/posts\/49576\/revisions"}],"wp:attachment":[{"href":"https:\/\/guialimeira.com.br\/news\/wp-json\/wp\/v2\/media?parent=49576"}],"wp:term":[{"taxonomy":"category","embeddable":true,"href":"https:\/\/guialimeira.com.br\/news\/wp-json\/wp\/v2\/categories?post=49576"},{"taxonomy":"post_tag","embeddable":true,"href":"https:\/\/guialimeira.com.br\/news\/wp-json\/wp\/v2\/tags?post=49576"}],"curies":[{"name":"wp","href":"https:\/\/api.w.org\/{rel}","templated":true}]}}