{"id":4950,"date":"2024-05-14T13:53:46","date_gmt":"2024-05-14T16:53:46","guid":{"rendered":"https:\/\/guialimeira.com.br\/2024\/05\/14\/sp-elege-sua-mais-bela-idosa-nesta-semana\/"},"modified":"2024-05-14T13:53:46","modified_gmt":"2024-05-14T16:53:46","slug":"sp-elege-sua-mais-bela-idosa-nesta-semana","status":"publish","type":"post","link":"https:\/\/guialimeira.com.br\/news\/sp-elege-sua-mais-bela-idosa-nesta-semana\/","title":{"rendered":"SP elege sua mais bela idosa nesta semana"},"content":{"rendered":"<p> <br \/>\n<\/p>\n<div id=\"\">&#13;<br \/>\n                                <!-- Title -->&#13;<br \/>\n                                &#13;<br \/>\n&#13;<br \/>\n                                <!-- Excerpt -->&#13;<\/p>\n<p class=\"excerpt\">Evento em servi\u00e7o da Secretaria de Estado da Sa\u00fade incentiva a autoestima e a inclus\u00e3o social na terceira idade<\/p>\n<p>&#13;<br \/>\n&#13;<br \/>\n                                &#13;\n                            <\/p><\/div>\n<div id=\"\">&#13;<\/p>\n<p>O Instituto Paulista de Geriatria e Gerontologia \u201cJos\u00e9 Erm\u00edrio de Moraes\u201d (IPGG), unidade da Secretaria de Estado de Sa\u00fade (SES), promove nesta sexta-feira (17) concurso que vai eleger a mais bela idosa de S\u00e3o Paulo.<\/p>\n<p>O evento \u00e9 voltado para as mulheres com mais de 60 anos e elege as idosas nas categorias Miss IPGG 2024 (mais bela idosa de S\u00e3o Paulo), Miss Simpatia, Miss Beleza, Miss Sorriso, Miss Eleg\u00e2ncia e Miss Timidez.<\/p>\n<p>A cerim\u00f4nia \u00e9 aberta ao p\u00fablico e pode ser assistida presencialmente, mediante disponibilidade de vagas no local. O evento marca a retomada do concurso, que ocorreu pela \u00faltima vez em 2019, antes da paralisa\u00e7\u00e3o no per\u00edodo de pandemia da Covid-19.<\/p>\n<p>De acordo com Francisco Souza do Carmo, coordenador do curso de Especializa\u00e7\u00e3o Multiprofissional do IPGG, o concurso visa romper com os estere\u00f3tipos sobre a terceira idade, promover a autoestima e a inser\u00e7\u00e3o social. \u201c\u00c9 um evento que prop\u00f5e a reflex\u00e3o de temas geracionais, a inclus\u00e3o social em todas as fases da vida e combate ao etarismo, e contribui para a desestigmatiza\u00e7\u00e3o do envelhecimento, que \u00e9 muito enraizado na nossa sociedade\u201d, diz.<\/p>\n<p>Al\u00e9m disso, o evento promovido pelo Governo de S\u00e3o Paulo favorece a socializa\u00e7\u00e3o e a valoriza\u00e7\u00e3o das pessoas com mais de 60 anos por meio de novas oportunidades de trabalho que poder\u00e3o surgir com a visibilidade da premia\u00e7\u00e3o.<\/p>\n<p><strong>Autoestima e bem-estar<\/strong><\/p>\n<p>Rompendo com os estigmas relacionados ao envelhecimento \u2013 sobretudo para as mulheres, constantemente cobradas pela preserva\u00e7\u00e3o da juventude -, Maria de F\u00e1tima Fran\u00e7oso, de 71 anos, mostrou que tamb\u00e9m \u00e9 poss\u00edvel manter a autoestima ap\u00f3s a terceira idade e foi eleita como Miss IPGG em 2019, na \u00faltima edi\u00e7\u00e3o do concurso. A mais bela idosa de S\u00e3o Paulo conta que j\u00e1 havia sido eleita em 2017 na cidade de Guarulhos e desde ent\u00e3o passou a trabalhar numa ag\u00eancia de modelos, mantendo os cuidados internos e externos consigo mesma.<\/p>\n<p>F\u00e1tima avalia o concurso como um momento marcante em sua vida e conta: \u201cFoi muito prazeroso participar. N\u00e3o fui com a inten\u00e7\u00e3o de ganhar porque tinham muitas outras mulheres bonitas e acabou sendo um momento \u00fanico onde pudemos mostrar nossa beleza e simpatia. Acredito que toda mulher pode se dar essa oportunidade, afinal, \u00e9 um encontro com n\u00f3s mesmas e com nossa autoestima\u201d, afirma.<\/p>\n<p>A Miss Beleza do IPGG 2019, Vera Lucia da Silva, de 69 anos, relembra com felicidade a \u00e9poca em que participou do concurso e afirma que sentiu-se realizada ao participar do evento. \u201cA sensa\u00e7\u00e3o \u00e9 de conquista e realiza\u00e7\u00e3o de um sonho que t\u00ednhamos l\u00e1 atr\u00e1s, quando jovens, em poder desfilar. Faria tudo de novo. \u00c9 um momento para levantar a autoestima\u201d.<\/p>\n<p>Anos ap\u00f3s o concurso, Vera faz trabalhos como modelo, \u00e9 vi\u00fava e bisav\u00f3, e afirma n\u00e3o gostar de ficar parada em casa assistindo televis\u00e3o, mas sim de celebrar a vida, se cuidar, caminhar e, principalmente, dan\u00e7ar nos bailes da terceira idade que frequenta na cidade de Guarulhos, onde reside. \u201cAcredito que a autoestima da gente cura tudo. Por isso que eu n\u00e3o paro nunca de dan\u00e7ar e de cuidar de mim mesma!\u201d, ressalta.<\/p>\n<\/p><\/div>\n<p><br \/>\n<br \/><a href=\"https:\/\/www.saopaulo.sp.gov.br\/spnoticias\/ultimas-noticias\/sp-elege-sua-mais-bela-idosa-nesta-semana\/\" rel=\"noopener\">Informa\u00e7\u00f5es GOV.SP<\/a><\/p>\n","protected":false},"excerpt":{"rendered":"<p>&#13; &#13; &#13; &#13; &#13; Evento em servi\u00e7o da Secretaria de Estado da Sa\u00fade incentiva a autoestima e a inclus\u00e3o social na terceira idade &#13; &#13; &#13; &#13; O Instituto Paulista de Geriatria e Gerontologia \u201cJos\u00e9 Erm\u00edrio de Moraes\u201d (IPGG), unidade da Secretaria de Estado de Sa\u00fade (SES), promove nesta sexta-feira (17) concurso que vai [&hellip;]<\/p>\n","protected":false},"author":1,"featured_media":238,"comment_status":"open","ping_status":"open","sticky":false,"template":"","format":"standard","meta":{"_jetpack_newsletter_access":"","_jetpack_dont_email_post_to_subs":false,"_jetpack_newsletter_tier_id":0,"_jetpack_memberships_contains_paywalled_content":false,"_mbp_banners":[],"_jetpack_feature_clip_id":0,"_jetpack_memberships_contains_paid_content":false,"footnotes":"","jetpack_publicize_message":"","jetpack_publicize_feature_enabled":true,"jetpack_social_post_already_shared":true,"jetpack_social_options":{"image_generator_settings":{"template":"highway","default_image_id":0,"font":"","enabled":false},"version":2},"jetpack_post_was_ever_published":false},"categories":[21],"tags":[],"class_list":["post-4950","post","type-post","status-publish","format-standard","has-post-thumbnail","category-sp-news"],"jetpack_publicize_connections":[],"jetpack-related-posts":[],"jetpack_shortlink":"https:\/\/wp.me\/p7Eq1F-1hQ","jetpack_sharing_enabled":true,"jetpack_featured_media_url":"https:\/\/i0.wp.com\/guialimeira.com.br\/news\/wp-content\/uploads\/2024\/03\/cover.png?fit=650%2C650&ssl=1","_links":{"self":[{"href":"https:\/\/guialimeira.com.br\/news\/wp-json\/wp\/v2\/posts\/4950","targetHints":{"allow":["GET"]}}],"collection":[{"href":"https:\/\/guialimeira.com.br\/news\/wp-json\/wp\/v2\/posts"}],"about":[{"href":"https:\/\/guialimeira.com.br\/news\/wp-json\/wp\/v2\/types\/post"}],"author":[{"embeddable":true,"href":"https:\/\/guialimeira.com.br\/news\/wp-json\/wp\/v2\/users\/1"}],"replies":[{"embeddable":true,"href":"https:\/\/guialimeira.com.br\/news\/wp-json\/wp\/v2\/comments?post=4950"}],"version-history":[{"count":0,"href":"https:\/\/guialimeira.com.br\/news\/wp-json\/wp\/v2\/posts\/4950\/revisions"}],"wp:featuredmedia":[{"embeddable":true,"href":"https:\/\/guialimeira.com.br\/news\/wp-json\/wp\/v2\/media\/238"}],"wp:attachment":[{"href":"https:\/\/guialimeira.com.br\/news\/wp-json\/wp\/v2\/media?parent=4950"}],"wp:term":[{"taxonomy":"category","embeddable":true,"href":"https:\/\/guialimeira.com.br\/news\/wp-json\/wp\/v2\/categories?post=4950"},{"taxonomy":"post_tag","embeddable":true,"href":"https:\/\/guialimeira.com.br\/news\/wp-json\/wp\/v2\/tags?post=4950"}],"curies":[{"name":"wp","href":"https:\/\/api.w.org\/{rel}","templated":true}]}}