{"id":495,"date":"2024-03-30T04:04:47","date_gmt":"2024-03-30T07:04:47","guid":{"rendered":"https:\/\/guialimeira.com.br\/2024\/03\/30\/semuttran-gcm-e-pm-fiscalizam-51-motos-em-operacao-especial-no-jardim-planalto-portal-do-municipio-de-piracicaba\/"},"modified":"2024-03-30T04:04:47","modified_gmt":"2024-03-30T07:04:47","slug":"semuttran-gcm-e-pm-fiscalizam-51-motos-em-operacao-especial-no-jardim-planalto-portal-do-municipio-de-piracicaba","status":"publish","type":"post","link":"https:\/\/guialimeira.com.br\/news\/semuttran-gcm-e-pm-fiscalizam-51-motos-em-operacao-especial-no-jardim-planalto-portal-do-municipio-de-piracicaba\/","title":{"rendered":"Semuttran, GCM e PM fiscalizam 51 motos em opera\u00e7\u00e3o especial no Jardim Planalto \u2013 Portal do Munic\u00edpio de Piracicaba"},"content":{"rendered":"<p> <br \/>\n<\/p>\n<div itemprop=\"articleBody\">\n<div class=\"m-auto col-lg-8\">\n<p>A Prefeitura de Piracicaba, por meio da Semuttran (Secretaria Municipal de Mobilidade Urbana, Tr\u00e2nsito e Transportes) e da GCM (Guarda Civil Municipal), e a Pol\u00edcia Militar realizaram ontem, quinta-feira, 22\/02, opera\u00e7\u00e3o conjunta para fiscaliza\u00e7\u00e3o de irregularidades no tr\u00e2nsito, com foco em motocicletas. A a\u00e7\u00e3o foi na avenida Ant\u00f4nio Mendes de Barros Filho, no Jardim Planalto, e resultou em 51 motos fiscalizadas e 31 AITs (Auto de Infra\u00e7\u00e3o de Tr\u00e2nsito) emitidos.<\/p>\n<figure class=\"wp-block-image size-large\"><img data-recalc-dims=\"1\" fetchpriority=\"high\" decoding=\"async\" width=\"696\" height=\"522\" src=\"https:\/\/i0.wp.com\/piracicaba.sp.gov.br\/wp-content\/uploads\/2024\/02\/Visibilidade-das-equipes-policiais-proporciona-maior-sensacao-de-seguranca-a-populacao-1024x768.jpg?resize=696%2C522&#038;ssl=1\" alt=\"motos e carros parados em uma rua\" class=\"wp-image-73334\" srcset=\"https:\/\/piracicaba.sp.gov.br\/wp-content\/uploads\/2024\/02\/Visibilidade-das-equipes-policiais-proporciona-maior-sensacao-de-seguranca-a-populacao-1024x768.jpg 1024w, https:\/\/piracicaba.sp.gov.br\/wp-content\/uploads\/2024\/02\/Visibilidade-das-equipes-policiais-proporciona-maior-sensacao-de-seguranca-a-populacao-300x225.jpg 300w, https:\/\/piracicaba.sp.gov.br\/wp-content\/uploads\/2024\/02\/Visibilidade-das-equipes-policiais-proporciona-maior-sensacao-de-seguranca-a-populacao-768x576.jpg 768w, https:\/\/piracicaba.sp.gov.br\/wp-content\/uploads\/2024\/02\/Visibilidade-das-equipes-policiais-proporciona-maior-sensacao-de-seguranca-a-populacao.jpg 1280w\" sizes=\"(max-width: 1024px) 100vw, 1024px\"\/><figcaption class=\"wp-element-caption\"><strong><em><sub>Visibilidade das equipes policiais proporciona maior sensa\u00e7\u00e3o de seguran\u00e7a \u00e0 popula\u00e7\u00e3o<\/sub><\/em><\/strong><\/figcaption><\/figure>\n<p>Entre as autua\u00e7\u00f5es emitidas durante a fiscaliza\u00e7\u00e3o constam irregularidades em documenta\u00e7\u00f5es, licenciamento e ru\u00eddos de escapamentos acima do permitido.<\/p>\n<p>Segundo Andr\u00e9 Mendes, supervisor das equipes de Opera\u00e7\u00e3o de Tr\u00e2nsito da Semuttran, o m\u00e1ximo de ru\u00eddo permitido para escapamento de motos \u00e9 de 99 decib\u00e9is. Ele explicou que no Artigo 230, Inciso XI, do C\u00f3digo de Tr\u00e2nsito Brasileiro consta que ve\u00edculos que trafegam com descarga livre ou silenciador de motor de explos\u00e3o defeituoso, deficiente ou inoperante comete infra\u00e7\u00e3o considerada grave, acarretando a aplica\u00e7\u00e3o de multa no valor de R$ 195,23 e a perda de cinco pontos na CNH (Carteira Nacional de Habilita\u00e7\u00e3o) do condutor infrator, sendo que as normas de emiss\u00e3o de ru\u00eddos e gases poluentes s\u00e3o estabelecidas pelo Conama (Conselho Nacional do Meio Ambiente) pela resolu\u00e7\u00e3o 418\/2009.<\/p>\n<figure class=\"wp-block-image size-large\"><img data-recalc-dims=\"1\" loading=\"lazy\" data-attachment-id=\"73333\" data-permalink=\"https:\/\/guialimeira.com.br\/news\/como-cientistas-curaram-infectados-com-hiv\/vt_zyka_genoma_sequenciado-jpg\/\" data-orig-file=\"https:\/\/i0.wp.com\/guialimeira.com.br\/news\/wp-content\/uploads\/2026\/07\/vt_zyka_genoma_sequenciado.jpg?fit=1600%2C800&amp;ssl=1\" data-orig-size=\"1600,800\" data-comments-opened=\"0\" data-image-meta=\"{&quot;aperture&quot;:&quot;0&quot;,&quot;credit&quot;:&quot;&quot;,&quot;camera&quot;:&quot;&quot;,&quot;caption&quot;:&quot;&quot;,&quot;created_timestamp&quot;:&quot;0&quot;,&quot;copyright&quot;:&quot;&quot;,&quot;focal_length&quot;:&quot;0&quot;,&quot;iso&quot;:&quot;0&quot;,&quot;shutter_speed&quot;:&quot;0&quot;,&quot;title&quot;:&quot;&quot;,&quot;orientation&quot;:&quot;0&quot;,&quot;alt&quot;:&quot;&quot;}\" data-image-title=\"vt_zyka_genoma_sequenciado.jpg\" data-image-description=\"\" data-image-caption=\"\" data-large-file=\"https:\/\/i0.wp.com\/guialimeira.com.br\/news\/wp-content\/uploads\/2026\/07\/vt_zyka_genoma_sequenciado.jpg?fit=696%2C348&amp;ssl=1\" decoding=\"async\" width=\"696\" height=\"522\" src=\"https:\/\/i0.wp.com\/piracicaba.sp.gov.br\/wp-content\/uploads\/2024\/02\/Acao-aconteceu-nesta-semana-na-avenida-Antonio-Mendes-de-Barros-Filho-1024x768.jpg?resize=696%2C522&#038;ssl=1\" alt=\"carros estacionados em avenida\" class=\"wp-image-73333\" srcset=\"https:\/\/piracicaba.sp.gov.br\/wp-content\/uploads\/2024\/02\/Acao-aconteceu-nesta-semana-na-avenida-Antonio-Mendes-de-Barros-Filho-1024x768.jpg 1024w, https:\/\/piracicaba.sp.gov.br\/wp-content\/uploads\/2024\/02\/Acao-aconteceu-nesta-semana-na-avenida-Antonio-Mendes-de-Barros-Filho-300x225.jpg 300w, https:\/\/piracicaba.sp.gov.br\/wp-content\/uploads\/2024\/02\/Acao-aconteceu-nesta-semana-na-avenida-Antonio-Mendes-de-Barros-Filho-768x576.jpg 768w, https:\/\/piracicaba.sp.gov.br\/wp-content\/uploads\/2024\/02\/Acao-aconteceu-nesta-semana-na-avenida-Antonio-Mendes-de-Barros-Filho.jpg 1152w\" sizes=\"auto, (max-width: 1024px) 100vw, 1024px\"\/><figcaption class=\"wp-element-caption\"><strong><em><sub>A\u00e7\u00e3o aconteceu nesta semana na avenida Ant\u00f4nio Mendes de Barros Filho<\/sub><\/em><\/strong><\/figcaption><\/figure>\n<p>Conforme a titular da Semuttran, Jane Franco Oliveira, a visibilidade das equipes policiais no local \u00e9 eficaz para proporcionar maior sensa\u00e7\u00e3o de seguran\u00e7a \u00e0 popula\u00e7\u00e3o, no intuito de coibir crimes e desobedi\u00eancia \u00e0s leis de tr\u00e2nsito. \u201cA vida sempre deve ser em primeiro lugar. Este \u00e9 o foco do nosso trabalho. Por isso, realizamos campanhas de educa\u00e7\u00e3o no tr\u00e2nsito, fiscaliza\u00e7\u00e3o por videomonitoramento, implanta\u00e7\u00e3o de lombadas, recape e muitas outras, sempre com o objetivo de preservar a vida no tr\u00e2nsito. E essas opera\u00e7\u00f5es especiais, com o comprometimento de todos os envolvidos, equipes da Semuttran, da Guarda Civil e da Pol\u00edcia Militar, s\u00e3o essenciais para promover um tr\u00e2nsito mais seguro.\u201d, falou Jane.<\/p>\n<\/div>\n<\/div>\n<p><br \/>\n<br \/><a href=\"https:\/\/piracicaba.sp.gov.br\/noticias\/semuttran-gcm-e-pm-fiscalizam-51-motos-em-operacao-especial-no-jardim-planalto\/\" rel=\"noopener\">Informa\u00e7\u00f5es PMP <\/a><\/p>\n","protected":false},"excerpt":{"rendered":"<p>A Prefeitura de Piracicaba, por meio da Semuttran (Secretaria Municipal de Mobilidade Urbana, Tr\u00e2nsito e Transportes) e da GCM (Guarda Civil Municipal), e a Pol\u00edcia Militar realizaram ontem, quinta-feira, 22\/02, opera\u00e7\u00e3o conjunta para fiscaliza\u00e7\u00e3o de irregularidades no tr\u00e2nsito, com foco em motocicletas. A a\u00e7\u00e3o foi na avenida Ant\u00f4nio Mendes de Barros Filho, no Jardim Planalto, [&hellip;]<\/p>\n","protected":false},"author":1,"featured_media":496,"comment_status":"open","ping_status":"open","sticky":false,"template":"","format":"standard","meta":{"_jetpack_newsletter_access":"","_jetpack_dont_email_post_to_subs":false,"_jetpack_newsletter_tier_id":0,"_jetpack_memberships_contains_paywalled_content":false,"_mbp_banners":[],"_jetpack_feature_clip_id":0,"_jetpack_memberships_contains_paid_content":false,"footnotes":"","jetpack_publicize_message":"","jetpack_publicize_feature_enabled":true,"jetpack_social_post_already_shared":true,"jetpack_social_options":{"image_generator_settings":{"template":"highway","default_image_id":0,"font":"","enabled":false},"version":2},"jetpack_post_was_ever_published":false},"categories":[20],"tags":[],"class_list":["post-495","post","type-post","status-publish","format-standard","has-post-thumbnail","category-regiao"],"jetpack_publicize_connections":[],"jetpack-related-posts":[],"jetpack_shortlink":"https:\/\/wp.me\/p7Eq1F-7Z","jetpack_sharing_enabled":true,"jetpack_featured_media_url":"https:\/\/i0.wp.com\/guialimeira.com.br\/news\/wp-content\/uploads\/2024\/03\/Visibilidade-das-equipes-policiais-proporciona-maior-sensacao-de-seguranca-a-populacao-1024x768.jpg?fit=1024%2C768&ssl=1","_links":{"self":[{"href":"https:\/\/guialimeira.com.br\/news\/wp-json\/wp\/v2\/posts\/495","targetHints":{"allow":["GET"]}}],"collection":[{"href":"https:\/\/guialimeira.com.br\/news\/wp-json\/wp\/v2\/posts"}],"about":[{"href":"https:\/\/guialimeira.com.br\/news\/wp-json\/wp\/v2\/types\/post"}],"author":[{"embeddable":true,"href":"https:\/\/guialimeira.com.br\/news\/wp-json\/wp\/v2\/users\/1"}],"replies":[{"embeddable":true,"href":"https:\/\/guialimeira.com.br\/news\/wp-json\/wp\/v2\/comments?post=495"}],"version-history":[{"count":0,"href":"https:\/\/guialimeira.com.br\/news\/wp-json\/wp\/v2\/posts\/495\/revisions"}],"wp:featuredmedia":[{"embeddable":true,"href":"https:\/\/guialimeira.com.br\/news\/wp-json\/wp\/v2\/media\/496"}],"wp:attachment":[{"href":"https:\/\/guialimeira.com.br\/news\/wp-json\/wp\/v2\/media?parent=495"}],"wp:term":[{"taxonomy":"category","embeddable":true,"href":"https:\/\/guialimeira.com.br\/news\/wp-json\/wp\/v2\/categories?post=495"},{"taxonomy":"post_tag","embeddable":true,"href":"https:\/\/guialimeira.com.br\/news\/wp-json\/wp\/v2\/tags?post=495"}],"curies":[{"name":"wp","href":"https:\/\/api.w.org\/{rel}","templated":true}]}}