{"id":49499,"date":"2025-11-07T15:25:10","date_gmt":"2025-11-07T18:25:10","guid":{"rendered":"https:\/\/guialimeira.com.br\/?p=49499"},"modified":"2025-11-07T15:25:10","modified_gmt":"2025-11-07T18:25:10","slug":"defesa-civil-alerta-para-ventos-fortes-e-chuvas-intensas-em-cordeiropolis-prefeitura-municipal-de-cordeiropolis","status":"publish","type":"post","link":"https:\/\/guialimeira.com.br\/news\/defesa-civil-alerta-para-ventos-fortes-e-chuvas-intensas-em-cordeiropolis-prefeitura-municipal-de-cordeiropolis\/","title":{"rendered":"Defesa Civil alerta para ventos fortes e chuvas intensas em Cordeir\u00f3polis \u2013 Prefeitura Municipal de Cordeir\u00f3polis"},"content":{"rendered":"<p> <br \/>\n<\/p>\n<div>\n<p>A Defesa Civil de Cordeir\u00f3polis emitiu um alerta preventivo devido \u00e0 forma\u00e7\u00e3o de um sistema meteorol\u00f3gico no Rio Grande do Sul, que j\u00e1 provoca ventos fortes e chuva volumosa no Sul do pa\u00eds. A previs\u00e3o da Defesa Civil do Estado indica que o fen\u00f4meno deve avan\u00e7ar em dire\u00e7\u00e3o ao Sudeste e atingir o territ\u00f3rio paulista ap\u00f3s as 20h desta sexta-feira (7).<\/p>\n<p>Com isso, aumenta o risco de rajadas de vento e precipita\u00e7\u00f5es mais intensas. A Defesa Civil acompanha o avan\u00e7o do sistema e orienta que a popula\u00e7\u00e3o adote medidas de seguran\u00e7a durante o per\u00edodo de instabilidade. \u201cA recomenda\u00e7\u00e3o \u00e9 que moradores evitem \u00e1reas de risco e usem rotas alternativas em casos de alagamento\u201d, explica a coordenadora do \u00f3rg\u00e3o, Alessandra Cantrella.<\/p>\n<p>Ela ainda orienta que a popula\u00e7\u00e3o n\u00e3o se abrigue sob \u00e1rvores, estruturas met\u00e1licas ou coberturas fr\u00e1geis durante rajadas de vento; dirija com cautela em vias com hist\u00f3rico de alagamento; e acompanhe os alertas oficiais emitidos pelos canais da Defesa Civil. Em caso de emerg\u00eancia, a popula\u00e7\u00e3o pode acionar a Defesa Civil pelo telefone 199, a Guarda Civil Municipal pelo 153 ou o Corpo de Bombeiros pelo 193.<\/p>\n<p><strong>Tributo a Raul Seixas<\/strong><\/p>\n<p>Por conta da previs\u00e3o meteorol\u00f3gica, o evento \u201cTributo a Raul Seixas\u201d, que acontece neste s\u00e1bado (8) a partir das 20h, foi transferido da Pra\u00e7a Central para o Sal\u00e3o Social \u201cMaria de Lourdes Arrais\u201d, localizado na Rua Carlos Gomes, 78, no Centro. A programa\u00e7\u00e3o est\u00e1 mantida com show e pra\u00e7a de alimenta\u00e7\u00e3o. A iniciativa \u00e9 gratuita.<\/p>\n<\/p><\/div>\n<p><br \/>\n<br \/><a href=\"https:\/\/www.cordeiropolis.sp.gov.br\/defesa-civil-alerta-para-ventos-fortes-e-chuvas-intensas-em-cordeiropolis\/\" rel=\"noopener\">Informa\u00e7\u00f5es Cordeir\u00f3polis <\/a><\/p>\n","protected":false},"excerpt":{"rendered":"<p>A Defesa Civil de Cordeir\u00f3polis emitiu um alerta preventivo devido \u00e0 forma\u00e7\u00e3o de um sistema meteorol\u00f3gico no Rio Grande do Sul, que j\u00e1 provoca ventos fortes e chuva volumosa no Sul do pa\u00eds. A previs\u00e3o da Defesa Civil do Estado indica que o fen\u00f4meno deve avan\u00e7ar em dire\u00e7\u00e3o ao Sudeste e atingir o territ\u00f3rio paulista [&hellip;]<\/p>\n","protected":false},"author":1,"featured_media":0,"comment_status":"open","ping_status":"open","sticky":false,"template":"","format":"standard","meta":{"_jetpack_newsletter_access":"","_jetpack_dont_email_post_to_subs":false,"_jetpack_newsletter_tier_id":0,"_jetpack_memberships_contains_paywalled_content":false,"_mbp_banners":[],"_jetpack_feature_clip_id":0,"_jetpack_memberships_contains_paid_content":false,"footnotes":"","jetpack_publicize_message":"","jetpack_publicize_feature_enabled":true,"jetpack_social_post_already_shared":true,"jetpack_social_options":{"image_generator_settings":{"template":"highway","default_image_id":0,"font":"","enabled":false},"version":2},"jetpack_post_was_ever_published":false},"categories":[20],"tags":[],"class_list":["post-49499","post","type-post","status-publish","format-standard","category-regiao"],"jetpack_publicize_connections":[],"jetpack-related-posts":[],"jetpack_shortlink":"https:\/\/wp.me\/p7Eq1F-cSn","jetpack_sharing_enabled":true,"jetpack_featured_media_url":"","_links":{"self":[{"href":"https:\/\/guialimeira.com.br\/news\/wp-json\/wp\/v2\/posts\/49499","targetHints":{"allow":["GET"]}}],"collection":[{"href":"https:\/\/guialimeira.com.br\/news\/wp-json\/wp\/v2\/posts"}],"about":[{"href":"https:\/\/guialimeira.com.br\/news\/wp-json\/wp\/v2\/types\/post"}],"author":[{"embeddable":true,"href":"https:\/\/guialimeira.com.br\/news\/wp-json\/wp\/v2\/users\/1"}],"replies":[{"embeddable":true,"href":"https:\/\/guialimeira.com.br\/news\/wp-json\/wp\/v2\/comments?post=49499"}],"version-history":[{"count":1,"href":"https:\/\/guialimeira.com.br\/news\/wp-json\/wp\/v2\/posts\/49499\/revisions"}],"predecessor-version":[{"id":49500,"href":"https:\/\/guialimeira.com.br\/news\/wp-json\/wp\/v2\/posts\/49499\/revisions\/49500"}],"wp:attachment":[{"href":"https:\/\/guialimeira.com.br\/news\/wp-json\/wp\/v2\/media?parent=49499"}],"wp:term":[{"taxonomy":"category","embeddable":true,"href":"https:\/\/guialimeira.com.br\/news\/wp-json\/wp\/v2\/categories?post=49499"},{"taxonomy":"post_tag","embeddable":true,"href":"https:\/\/guialimeira.com.br\/news\/wp-json\/wp\/v2\/tags?post=49499"}],"curies":[{"name":"wp","href":"https:\/\/api.w.org\/{rel}","templated":true}]}}