{"id":49482,"date":"2025-11-07T13:12:56","date_gmt":"2025-11-07T16:12:56","guid":{"rendered":"https:\/\/guialimeira.com.br\/felipe-penedo-propoe-plano-de-erradicacao-e-substituicao-da-planta-exotica-leucena\/"},"modified":"2025-11-07T13:12:56","modified_gmt":"2025-11-07T16:12:56","slug":"felipe-penedo-propoe-plano-de-erradicacao-e-substituicao-da-planta-exotica-leucena","status":"publish","type":"post","link":"https:\/\/guialimeira.com.br\/news\/felipe-penedo-propoe-plano-de-erradicacao-e-substituicao-da-planta-exotica-leucena\/","title":{"rendered":"Felipe Penedo prop\u00f5e Plano de Erradica\u00e7\u00e3o e Substitui\u00e7\u00e3o da planta ex\u00f3tica Leucena"},"content":{"rendered":"<p><img data-recalc-dims=\"1\" decoding=\"async\" src=\"https:\/\/i0.wp.com\/www.limeira.sp.leg.br\/assets\/uploads\/noticia\/2025-11-07_felipe-penedo-propoe-plano-de-erradicacao-e-substituicao-da-planta-exotica-leucena_1.jpg?w=696&#038;ssl=1\" alt=\"Felipe Penedo prop\u00f5e Plano de Erradica\u00e7\u00e3o e Substitui\u00e7\u00e3o da planta ex\u00f3tica Leucena\" \/><\/p>\n<p>Felipe Penedo prop\u00f5e Plano de Erradica\u00e7\u00e3o e Substitui\u00e7\u00e3o da planta ex\u00f3tica Leucena<\/p>\n<p><a href=\"https:\/\/www.limeira.sp.leg.br\/noticias\/view\/2025-11-07_felipe-penedo-propoe-plano-de-erradicacao-e-substituicao-da-planta-exotica-leucena\" rel=\"noopener\">Exibir artigo<\/a><\/p>\n<p><a href=\"https:\/\/www.limeira.sp.leg.br\/noticias\/view\/2025-11-07_felipe-penedo-propoe-plano-de-erradicacao-e-substituicao-da-planta-exotica-leucena\" target=\"_blank\" rel=\"noopener\">Read original article<\/a><\/p>\n","protected":false},"excerpt":{"rendered":"<p><img decoding=\"async\" src=\"https:\/\/www.limeira.sp.leg.br\/assets\/uploads\/noticia\/2025-11-07_felipe-penedo-propoe-plano-de-erradicacao-e-substituicao-da-planta-exotica-leucena_1.jpg\" alt=\"Felipe Penedo prop\u00f5e Plano de Erradica\u00e7\u00e3o e Substitui\u00e7\u00e3o da planta ex\u00f3tica Leucena\" \/><\/p>\n<p>Felipe Penedo prop\u00f5e Plano de Erradica\u00e7\u00e3o e Substitui\u00e7\u00e3o da planta ex\u00f3tica Leucena<\/p>\n<p><a href=\"https:\/\/www.limeira.sp.leg.br\/noticias\/view\/2025-11-07_felipe-penedo-propoe-plano-de-erradicacao-e-substituicao-da-planta-exotica-leucena\">Exibir artigo<\/a><\/p>\n","protected":false},"author":4,"featured_media":0,"comment_status":"open","ping_status":"open","sticky":false,"template":"","format":"standard","meta":{"_jetpack_newsletter_access":"","_jetpack_dont_email_post_to_subs":false,"_jetpack_newsletter_tier_id":0,"_jetpack_memberships_contains_paywalled_content":false,"_mbp_banners":[],"_jetpack_feature_clip_id":0,"_jetpack_memberships_contains_paid_content":false,"footnotes":"","jetpack_publicize_message":"","jetpack_publicize_feature_enabled":true,"jetpack_social_post_already_shared":true,"jetpack_social_options":{"image_generator_settings":{"template":"highway","default_image_id":0,"font":"","enabled":false},"version":2},"jetpack_post_was_ever_published":false},"categories":[1],"tags":[],"class_list":["post-49482","post","type-post","status-publish","format-standard","category-geral"],"jetpack_publicize_connections":[],"jetpack-related-posts":[],"jetpack_shortlink":"https:\/\/wp.me\/p7Eq1F-cS6","jetpack_sharing_enabled":true,"jetpack_featured_media_url":"","_links":{"self":[{"href":"https:\/\/guialimeira.com.br\/news\/wp-json\/wp\/v2\/posts\/49482","targetHints":{"allow":["GET"]}}],"collection":[{"href":"https:\/\/guialimeira.com.br\/news\/wp-json\/wp\/v2\/posts"}],"about":[{"href":"https:\/\/guialimeira.com.br\/news\/wp-json\/wp\/v2\/types\/post"}],"author":[{"embeddable":true,"href":"https:\/\/guialimeira.com.br\/news\/wp-json\/wp\/v2\/users\/4"}],"replies":[{"embeddable":true,"href":"https:\/\/guialimeira.com.br\/news\/wp-json\/wp\/v2\/comments?post=49482"}],"version-history":[{"count":0,"href":"https:\/\/guialimeira.com.br\/news\/wp-json\/wp\/v2\/posts\/49482\/revisions"}],"wp:attachment":[{"href":"https:\/\/guialimeira.com.br\/news\/wp-json\/wp\/v2\/media?parent=49482"}],"wp:term":[{"taxonomy":"category","embeddable":true,"href":"https:\/\/guialimeira.com.br\/news\/wp-json\/wp\/v2\/categories?post=49482"},{"taxonomy":"post_tag","embeddable":true,"href":"https:\/\/guialimeira.com.br\/news\/wp-json\/wp\/v2\/tags?post=49482"}],"curies":[{"name":"wp","href":"https:\/\/api.w.org\/{rel}","templated":true}]}}