{"id":4943,"date":"2024-05-14T12:52:56","date_gmt":"2024-05-14T15:52:56","guid":{"rendered":"https:\/\/guialimeira.com.br\/2024\/05\/14\/vestibular-unicamp-2025-comvest-recebe-pedidos-de-isencao-da-taxa\/"},"modified":"2024-05-14T12:52:56","modified_gmt":"2024-05-14T15:52:56","slug":"vestibular-unicamp-2025-comvest-recebe-pedidos-de-isencao-da-taxa","status":"publish","type":"post","link":"https:\/\/guialimeira.com.br\/news\/vestibular-unicamp-2025-comvest-recebe-pedidos-de-isencao-da-taxa\/","title":{"rendered":"Vestibular Unicamp 2025: Comvest recebe pedidos de isen\u00e7\u00e3o da taxa"},"content":{"rendered":"<p> <br \/>\n<\/p>\n<div id=\"\">&#13;<br \/>\n                                <!-- Title -->&#13;<br \/>\n                                &#13;<br \/>\n&#13;<br \/>\n                                <!-- Excerpt -->&#13;<\/p>\n<p class=\"excerpt\">Solicita\u00e7\u00f5es devem ser realizadas at\u00e9 o dia 7 de junho somente pela internet; resultados ser\u00e3o divulgados em 30 de julho<\/p>\n<p>&#13;<br \/>\n&#13;<br \/>\n                                &#13;\n                            <\/p><\/div>\n<div id=\"\">&#13;<\/p>\n<p>A Comiss\u00e3o Permanente para os Vestibulares da Unicamp (Comvest) abre per\u00edodo para pedidos de isen\u00e7\u00e3o da taxa de inscri\u00e7\u00e3o v\u00e1lidos tanto para o Vestibular Unicamp 2025 quanto para a modalidade Enem-Unicamp do mesmo ano. As solicita\u00e7\u00f5es devem ser realizadas\u00a0at\u00e9 o dia 7 de junho, exclusivamente pela internet, na p\u00e1gina da\u00a0<a href=\"http:\/\/www.comvest.unicamp.br\/\" rel=\"noopener\">Comvest<\/a>, onde \u00e9 poss\u00edvel conferir o edital\u00a0com todos os detalhes. A lista dos estudantes\u00a0contemplados<strong>\u00a0<\/strong>com a isen\u00e7\u00e3o ser\u00e1 divulgada\u00a0em\u00a030 de julho. Quem for escolhido ir\u00e1 receber um comunicado, por e-mail, a respeito do benef\u00edcio.<\/p>\n<p>Candidatos de todo o pa\u00eds podem solicitar a isen\u00e7\u00e3o, desde que observem o\u00a0pr\u00e9-requisito de j\u00e1 ter conclu\u00eddo o ensino m\u00e9dio ou conclu\u00ed-lo em 2024.<\/p>\n<p>As isen\u00e7\u00f5es da taxa de inscri\u00e7\u00e3o s\u00e3o oferecidas em\u00a0quatro\u00a0modalidades: Mod. 1 \u2013 para candidatos provenientes de fam\u00edlias de baixa renda (at\u00e9 um sal\u00e1rio m\u00ednimo e meio bruto mensal por morador do domic\u00edlio) e oriundos de escolas p\u00fablicas;\u00a0Mod.\u00a02 \u2013 funcion\u00e1rios da Unicamp\/Funcamp;\u00a0Mod.\u00a03 \u2013 para aqueles que se candidatarem aos cursos noturnos de Licenciatura em Ci\u00eancias Biol\u00f3gicas, em F\u00edsica, em Letras, em Licenciatura Integrada Qu\u00edmica\/F\u00edsica, em Matem\u00e1tica e em Pedagogia ou de Tecnologia em An\u00e1lise e Desenvolvimento de Sistemas e em Saneamento Ambiental; e\u00a0Mod.\u00a04 \u2013 para candidatos bolsistas (bolsa parcial ou total) de escolas privadas\/particulares.<\/p>\n<p>A Comvest oferece 6.680 isen\u00e7\u00f5es na modalidade 1, um n\u00famero ilimitado de isen\u00e7\u00f5es nas modalidades 2 e 3, e 150 isen\u00e7\u00f5es na modalidade 4.<\/p>\n<p><strong>Documenta\u00e7\u00e3o e regras<\/strong><\/p>\n<p>Os estudantes poder\u00e3o consultar, no edital, a documenta\u00e7\u00e3o necess\u00e1ria, espec\u00edfica a cada modalidade, para comprova\u00e7\u00e3o exigida no ato da solicita\u00e7\u00e3o dos pedidos de isen\u00e7\u00e3o. Os documentos devem ser digitalizados e enviados durante o per\u00edodo de inscri\u00e7\u00e3o, impreterivelmente. Candidatos que tiverem inscri\u00e7\u00e3o indeferida poder\u00e3o impetrar recurso devidamente justificado, por meio da p\u00e1gina eletr\u00f4nica da Comvest, das 9h do dia 30 de julho at\u00e9 as 17h do dia 1\u00ba de agosto. O resultado do recurso ser\u00e1 divulgado no dia 3 de agosto.<\/p>\n<p>Os candidatos contemplados\u00a0n\u00e3o estar\u00e3o automaticamente inscritos no Vestibular Unicamp 2025 e no Enem-Unicamp 2025. \u00c9 preciso, posteriormente, fazer as respectivas inscri\u00e7\u00f5es, utilizando o c\u00f3digo de isento fornecido pela Comvest. O\u00a0<a href=\"https:\/\/www.comvest.unicamp.br\/ingresso-2025\/vestibular-2025\/\" rel=\"noopener\">calend\u00e1rio do Vestibular Unicamp 2025\u00a0j\u00e1 foi divulgado<\/a>\u00a0e as inscri\u00e7\u00f5es ser\u00e3o realizadas de\u00a01\u00ba de agosto at\u00e9 31 de agosto\u00a0de 2024, pela internet. J\u00e1 as inscri\u00e7\u00f5es para a modalidade Enem-Unicamp ser\u00e3o realizadas somente em novembro.<\/p>\n<p><strong>Calend\u00e1rio Vestibular Unicamp 2025<\/strong><\/p>\n<figure class=\"wp-block-table\">\n<table>\n<tbody>\n<tr>\n<td>Solicita\u00e7\u00e3o de Isen\u00e7\u00e3o da Taxa de Inscri\u00e7\u00e3o<\/td>\n<td>13\/05 a 07\/06\/2024<\/td>\n<\/tr>\n<tr>\n<td>Divulga\u00e7\u00e3o dos contemplados com a Isen\u00e7\u00e3o da Taxa<\/td>\n<td>30\/07\/2024<\/td>\n<\/tr>\n<tr>\n<td>Inscri\u00e7\u00f5es Vestibular Unicamp 2025<\/td>\n<td>01\/8 a 31\/08\/2024<\/td>\n<\/tr>\n<tr>\n<td>Prova de Habilidades Espec\u00edficas \u2013 M\u00fasica<\/td>\n<td>Set\/2024<\/td>\n<\/tr>\n<tr>\n<td>1\u00aa fase<\/td>\n<td>20\/10\/2024<\/td>\n<\/tr>\n<tr>\n<td>2\u00aa fase<\/td>\n<td>1 e 02\/12\/2024<\/td>\n<\/tr>\n<tr>\n<td>Provas de Habilidades Espec\u00edficas<\/td>\n<td>Dez\/2024<\/td>\n<\/tr>\n<tr>\n<td>Divulga\u00e7\u00e3o dos aprovados em 1\u00aa chamada<\/td>\n<td>24\/01\/2025<\/td>\n<\/tr>\n<\/tbody>\n<\/table>\n<\/figure><\/div>\n<p><br \/>\n<br \/><a href=\"https:\/\/www.saopaulo.sp.gov.br\/spnoticias\/vestibular-unicamp-2025-comvest-recebe-pedidos-de-isencao-da-taxa\/\" rel=\"noopener\">Informa\u00e7\u00f5es GOV.SP<\/a><\/p>\n","protected":false},"excerpt":{"rendered":"<p>&#13; &#13; &#13; &#13; &#13; Solicita\u00e7\u00f5es devem ser realizadas at\u00e9 o dia 7 de junho somente pela internet; resultados ser\u00e3o divulgados em 30 de julho &#13; &#13; &#13; &#13; A Comiss\u00e3o Permanente para os Vestibulares da Unicamp (Comvest) abre per\u00edodo para pedidos de isen\u00e7\u00e3o da taxa de inscri\u00e7\u00e3o v\u00e1lidos tanto para o Vestibular Unicamp 2025 [&hellip;]<\/p>\n","protected":false},"author":1,"featured_media":238,"comment_status":"open","ping_status":"open","sticky":false,"template":"","format":"standard","meta":{"_jetpack_newsletter_access":"","_jetpack_dont_email_post_to_subs":false,"_jetpack_newsletter_tier_id":0,"_jetpack_memberships_contains_paywalled_content":false,"_mbp_banners":[],"_jetpack_feature_clip_id":0,"_jetpack_memberships_contains_paid_content":false,"footnotes":"","jetpack_publicize_message":"","jetpack_publicize_feature_enabled":true,"jetpack_social_post_already_shared":true,"jetpack_social_options":{"image_generator_settings":{"template":"highway","default_image_id":0,"font":"","enabled":false},"version":2},"jetpack_post_was_ever_published":false},"categories":[21],"tags":[],"class_list":["post-4943","post","type-post","status-publish","format-standard","has-post-thumbnail","category-sp-news"],"jetpack_publicize_connections":[],"jetpack-related-posts":[],"jetpack_shortlink":"https:\/\/wp.me\/p7Eq1F-1hJ","jetpack_sharing_enabled":true,"jetpack_featured_media_url":"https:\/\/i0.wp.com\/guialimeira.com.br\/news\/wp-content\/uploads\/2024\/03\/cover.png?fit=650%2C650&ssl=1","_links":{"self":[{"href":"https:\/\/guialimeira.com.br\/news\/wp-json\/wp\/v2\/posts\/4943","targetHints":{"allow":["GET"]}}],"collection":[{"href":"https:\/\/guialimeira.com.br\/news\/wp-json\/wp\/v2\/posts"}],"about":[{"href":"https:\/\/guialimeira.com.br\/news\/wp-json\/wp\/v2\/types\/post"}],"author":[{"embeddable":true,"href":"https:\/\/guialimeira.com.br\/news\/wp-json\/wp\/v2\/users\/1"}],"replies":[{"embeddable":true,"href":"https:\/\/guialimeira.com.br\/news\/wp-json\/wp\/v2\/comments?post=4943"}],"version-history":[{"count":0,"href":"https:\/\/guialimeira.com.br\/news\/wp-json\/wp\/v2\/posts\/4943\/revisions"}],"wp:featuredmedia":[{"embeddable":true,"href":"https:\/\/guialimeira.com.br\/news\/wp-json\/wp\/v2\/media\/238"}],"wp:attachment":[{"href":"https:\/\/guialimeira.com.br\/news\/wp-json\/wp\/v2\/media?parent=4943"}],"wp:term":[{"taxonomy":"category","embeddable":true,"href":"https:\/\/guialimeira.com.br\/news\/wp-json\/wp\/v2\/categories?post=4943"},{"taxonomy":"post_tag","embeddable":true,"href":"https:\/\/guialimeira.com.br\/news\/wp-json\/wp\/v2\/tags?post=4943"}],"curies":[{"name":"wp","href":"https:\/\/api.w.org\/{rel}","templated":true}]}}