{"id":4934,"date":"2024-05-14T11:51:48","date_gmt":"2024-05-14T14:51:48","guid":{"rendered":"https:\/\/guialimeira.com.br\/2024\/05\/14\/sp-inicia-curso-de-capacitacao-paralimpica-para-profissionais-de-educacao-fisica\/"},"modified":"2024-05-14T11:51:48","modified_gmt":"2024-05-14T14:51:48","slug":"sp-inicia-curso-de-capacitacao-paralimpica-para-profissionais-de-educacao-fisica","status":"publish","type":"post","link":"https:\/\/guialimeira.com.br\/news\/sp-inicia-curso-de-capacitacao-paralimpica-para-profissionais-de-educacao-fisica\/","title":{"rendered":"SP inicia curso de capacita\u00e7\u00e3o paral\u00edmpica para profissionais de educa\u00e7\u00e3o f\u00edsica"},"content":{"rendered":"<p> <br \/>\n<\/p>\n<div id=\"\">&#13;<br \/>\n                                <!-- Title -->&#13;<br \/>\n                                &#13;<br \/>\n&#13;<br \/>\n                                <!-- Excerpt -->&#13;<\/p>\n<p class=\"excerpt\">Forma\u00e7\u00e3o gratuita promove a pr\u00e1tica dos esportes adaptados para a inclus\u00e3o de estudantes com defici\u00eancia<\/p>\n<p>&#13;<br \/>\n&#13;<br \/>\n                                &#13;\n                            <\/p><\/div>\n<div id=\"\">&#13;<\/p>\n<figure id=\"attachment_5884512\" style=\"width: 100%;max-width: 1816px\" class=\"wp-caption alignnone caption-hide\"><img data-recalc-dims=\"1\" decoding=\"async\" loading=\"lazy\" class=\"wp-image-5884512 size-full\" src=\"https:\/\/i0.wp.com\/www.saopaulo.sp.gov.br\/wp-content\/uploads\/2024\/05\/paralimpico.png?resize=696%2C322&#038;ssl=1\" alt=\"\" width=\"696\" height=\"322\" srcset=\"https:\/\/www.saopaulo.sp.gov.br\/wp-content\/uploads\/2024\/05\/paralimpico.png 1816w, https:\/\/www.saopaulo.sp.gov.br\/wp-content\/uploads\/2024\/05\/paralimpico-300x139.png 300w, https:\/\/www.saopaulo.sp.gov.br\/wp-content\/uploads\/2024\/05\/paralimpico-1024x473.png 1024w, https:\/\/www.saopaulo.sp.gov.br\/wp-content\/uploads\/2024\/05\/paralimpico-768x355.png 768w, https:\/\/www.saopaulo.sp.gov.br\/wp-content\/uploads\/2024\/05\/paralimpico-1536x710.png 1536w, https:\/\/www.saopaulo.sp.gov.br\/wp-content\/uploads\/2024\/05\/paralimpico-210x98.png 210w\" sizes=\"auto, (max-width: 1816px) 100vw, 1816px\"\/><\/figure>\n<p>O Governo de S\u00e3o Paulo deu in\u00edcio nesta ter\u00e7a-feira (14) \u00e0s aulas do curso do Programa de Desenvolvimento Paral\u00edmpico no bairro da \u00c1gua Branca, zona oeste do munic\u00edpio de S\u00e3o Paulo. A iniciativa gratuita das secretarias estaduais dos Direitos da Pessoa com Defici\u00eancia e de Esportes disponibiliza 200 vagas para professores de educa\u00e7\u00e3o f\u00edsica das redes p\u00fablica e privada, alunos de gradua\u00e7\u00e3o do \u00faltimo ano de educa\u00e7\u00e3o f\u00edsica, e profissionais envolvidos com atividades esportivas (clubes, entidades e associa\u00e7\u00f5es) para que sejam capacitados tecnicamente em modalidades paral\u00edmpicas, voltadas \u00e0s pessoas com defici\u00eancia.<\/p>\n<p>Durante os quatro dias do programa na cidade, os alunos receber\u00e3o capacita\u00e7\u00e3o t\u00e9cnica te\u00f3rica e pr\u00e1tica do esporte paral\u00edmpico em at\u00e9 oito modalidades: atletismo, futebol de cegos, halterofilismo, parabadminton, jud\u00f4, voleibol sentado, t\u00eanis de mesa e nata\u00e7\u00e3o. As aulas ocorrem de 14 a 17 de maio no Clube Baby Barioni \u2013 Rua Dona Germaine Burchard, 451 \u2013 \u00c1gua Branca \u2013 S\u00e3o Paulo \u2013 SP.<\/p>\n<p>\u201cO Programa de Desenvolvimento Paral\u00edmpico \u00e9 uma das principais iniciativas do governo estadual em prol da inclus\u00e3o de pessoas com defici\u00eancia na sociedade. Ele n\u00e3o apenas tem um impacto transformador ao ensinar professores formas de inclu\u00edrem seus alunos com defici\u00eancia nas atividades f\u00edsicas, mas tamb\u00e9m contribui para a constru\u00e7\u00e3o de uma sociedade mais justa e igualit\u00e1ria\u201d, afirma o secret\u00e1rio de Estado dos Direitos da Pessoa com Defici\u00eancia, Marcos da Costa.<\/p>\n<p>As inscri\u00e7\u00f5es podem ser feitas pelo site <a href=\"http:\/\/paralimpico.com.br\" rel=\"noopener\">paralimpico.com.br<\/a> ou presencialmente no local do curso no decorrer das aulas (sujeito \u00e0 disponibilidade). Os participantes ser\u00e3o certificados ao final da capacita\u00e7\u00e3o.<\/p>\n<p>\u201cQuanto mais o poder p\u00fablico trabalha na propaga\u00e7\u00e3o de conte\u00fado sobre o esporte paral\u00edmpico, maiores ser\u00e3o as chances de construirmos um estado e um pa\u00eds com uma cultura paradesportiva forte. A capacita\u00e7\u00e3o de profissionais de Educa\u00e7\u00e3o F\u00edsica \u00e9 a ponta inicial deste processo\u201d, destaca a secret\u00e1ria de Estado de Esportes, coronel Helena Reis.<\/p>\n<p><strong>Programa de Desenvolvimento Paral\u00edmpico<\/strong><br \/>Criado em 2021, por meio de parceria entre as secretarias estaduais dos Direitos da Pessoa com Defici\u00eancia e de Esportes, o programa j\u00e1 capacitou 7 mil profissionais de educa\u00e7\u00e3o f\u00edsica em mais de 50 cidades do Estado de S\u00e3o Paulo. S\u00f3 no ano passado, foram 3,8 mil. Neste ano, o projeto passar\u00e1 por 36 cidades.<\/p>\n<p><strong>Confira a agenda:<\/strong><br \/>Osasco \u2013 21\/5 a 24\/5<br \/>Ja\u00fa \u2013 11\/6 a 14\/6<br \/>Embu das Artes \u2013 2\/7 a 5\/7<br \/>Tatu\u00ed \u2013 23\/7 a 26\/7<\/p>\n<\/p><\/div>\n<p><br \/>\n<br \/><a href=\"https:\/\/www.saopaulo.sp.gov.br\/spnoticias\/ultimas-noticias\/sp-inicia-curso-de-capacitacao-paralimpica-para-profissionais-de-educacao-fisica\/\" rel=\"noopener\">Informa\u00e7\u00f5es GOV.SP<\/a><\/p>\n","protected":false},"excerpt":{"rendered":"<p>&#13; &#13; &#13; &#13; &#13; Forma\u00e7\u00e3o gratuita promove a pr\u00e1tica dos esportes adaptados para a inclus\u00e3o de estudantes com defici\u00eancia &#13; &#13; &#13; &#13; O Governo de S\u00e3o Paulo deu in\u00edcio nesta ter\u00e7a-feira (14) \u00e0s aulas do curso do Programa de Desenvolvimento Paral\u00edmpico no bairro da \u00c1gua Branca, zona oeste do munic\u00edpio de S\u00e3o Paulo. [&hellip;]<\/p>\n","protected":false},"author":1,"featured_media":4935,"comment_status":"open","ping_status":"open","sticky":false,"template":"","format":"standard","meta":{"_jetpack_newsletter_access":"","_jetpack_dont_email_post_to_subs":false,"_jetpack_newsletter_tier_id":0,"_jetpack_memberships_contains_paywalled_content":false,"_mbp_banners":[],"_jetpack_feature_clip_id":0,"_jetpack_memberships_contains_paid_content":false,"footnotes":"","jetpack_publicize_message":"","jetpack_publicize_feature_enabled":true,"jetpack_social_post_already_shared":true,"jetpack_social_options":{"image_generator_settings":{"template":"highway","default_image_id":0,"font":"","enabled":false},"version":2},"jetpack_post_was_ever_published":false},"categories":[21],"tags":[],"class_list":["post-4934","post","type-post","status-publish","format-standard","has-post-thumbnail","category-sp-news"],"jetpack_publicize_connections":[],"jetpack-related-posts":[],"jetpack_shortlink":"https:\/\/wp.me\/p7Eq1F-1hA","jetpack_sharing_enabled":true,"jetpack_featured_media_url":"https:\/\/i0.wp.com\/guialimeira.com.br\/news\/wp-content\/uploads\/2024\/05\/SP-inicia-curso-de-capacitacao-paralimpica-para-profissionais-de-educacao.png?fit=1816%2C839&ssl=1","_links":{"self":[{"href":"https:\/\/guialimeira.com.br\/news\/wp-json\/wp\/v2\/posts\/4934","targetHints":{"allow":["GET"]}}],"collection":[{"href":"https:\/\/guialimeira.com.br\/news\/wp-json\/wp\/v2\/posts"}],"about":[{"href":"https:\/\/guialimeira.com.br\/news\/wp-json\/wp\/v2\/types\/post"}],"author":[{"embeddable":true,"href":"https:\/\/guialimeira.com.br\/news\/wp-json\/wp\/v2\/users\/1"}],"replies":[{"embeddable":true,"href":"https:\/\/guialimeira.com.br\/news\/wp-json\/wp\/v2\/comments?post=4934"}],"version-history":[{"count":0,"href":"https:\/\/guialimeira.com.br\/news\/wp-json\/wp\/v2\/posts\/4934\/revisions"}],"wp:featuredmedia":[{"embeddable":true,"href":"https:\/\/guialimeira.com.br\/news\/wp-json\/wp\/v2\/media\/4935"}],"wp:attachment":[{"href":"https:\/\/guialimeira.com.br\/news\/wp-json\/wp\/v2\/media?parent=4934"}],"wp:term":[{"taxonomy":"category","embeddable":true,"href":"https:\/\/guialimeira.com.br\/news\/wp-json\/wp\/v2\/categories?post=4934"},{"taxonomy":"post_tag","embeddable":true,"href":"https:\/\/guialimeira.com.br\/news\/wp-json\/wp\/v2\/tags?post=4934"}],"curies":[{"name":"wp","href":"https:\/\/api.w.org\/{rel}","templated":true}]}}