{"id":493,"date":"2024-03-30T04:03:42","date_gmt":"2024-03-30T07:03:42","guid":{"rendered":"https:\/\/guialimeira.com.br\/2024\/03\/30\/comite-contra-dengue-realiza-primeira\/"},"modified":"2024-03-30T04:03:42","modified_gmt":"2024-03-30T07:03:42","slug":"comite-contra-dengue-realiza-primeira","status":"publish","type":"post","link":"https:\/\/guialimeira.com.br\/news\/comite-contra-dengue-realiza-primeira\/","title":{"rendered":"Comit\u00ea contra dengue realiza primeira&#8230;"},"content":{"rendered":"<p> <br \/>\n<br \/><img data-recalc-dims=\"1\" decoding=\"async\" src=\"https:\/\/i0.wp.com\/www.iracemapolis.sp.gov.br\/fotos\/fc9c148761dc85fece102238bcebf6b9.jpg?w=696&#038;ssl=1\" \/><\/p>\n<div>\n<p>A Vigil\u00e2ncia Epidemiol\u00f3gica realizou na \u00faltima sexta-feira, dia 22, o primeiro encontro do Comit\u00ea da Dengue de Iracem\u00e1polis, para analisar a situa\u00e7\u00e3o epidemiol\u00f3gica do munic\u00edpio e discutir estrat\u00e9gias de combate ao Aedes aegypti, transmissor da Zika, Chikungunya e Dengue, com o objetivo de reduzir os casos da doen\u00e7a.<\/p>\n<p>Estiveram presentes representantes das pastas da Sa\u00fade, Planejamento, Guarda Civil, Defesa Civil, Educa\u00e7\u00e3o, Social, Comunica\u00e7\u00e3o, al\u00e9m da Vigil\u00e2ncia Epidemiol\u00f3gica e agentes de combate a endemias.<\/p>\n<p>Durante o encontro, diversos temas foram abordados. A enfermeira da Vigil\u00e2ncia Epidemiol\u00f3gica, Ol\u00edvia, apresentou os dados epidemiol\u00f3gicos do munic\u00edpio, atualmente o munic\u00edpio soma 185 casos confirmados e 354 notifica\u00e7\u00f5es.<\/p>\n<p>Foram apresentadas as a\u00e7\u00f5es que o munic\u00edpio vem realizando desde o in\u00edcio do ano para combater a doen\u00e7a. Foram apresentados os bairros onde se concentram o maior n\u00famero de casos positivos em per\u00edodo de transmiss\u00e3o: L\u00e1zaro Hon\u00f3rio e Morro Azul.<\/p>\n<p>\u201cFoi uma reuni\u00e3o bastante proveitosa onde diversas ideias de como podemos ampliar o combate a dengue foram sugeridas e em breve estar\u00e3o em a\u00e7\u00e3o por toda a cidade\u201d, destacou a diretora de Vigil\u00e2ncias em Sa\u00fade, Vivian Graziela. \u201c\u00c9 necess\u00e1rio unir esfor\u00e7os para proteger a sa\u00fade da popula\u00e7\u00e3o na luta contra a dengue\u201d, encerrou.<\/p>\n<\/p><\/div>\n<p><br \/>\n<br \/><a href=\"https:\/\/www.iracemapolis.sp.gov.br\/portal\/noticias\/0\/3\/2121\/comite-contra-dengue-realiza-primeira-reuniao-de-2024-e-define-estrategias-de-combate-ao-mosquito\/\" rel=\"noopener\">Informa\u00e7\u00f5es PMI<\/a><\/p>\n","protected":false},"excerpt":{"rendered":"<p>A Vigil\u00e2ncia Epidemiol\u00f3gica realizou na \u00faltima sexta-feira, dia 22, o primeiro encontro do Comit\u00ea da Dengue de Iracem\u00e1polis, para analisar a situa\u00e7\u00e3o epidemiol\u00f3gica do munic\u00edpio e discutir estrat\u00e9gias de combate ao Aedes aegypti, transmissor da Zika, Chikungunya e Dengue, com o objetivo de reduzir os casos da doen\u00e7a. Estiveram presentes representantes das pastas da Sa\u00fade, [&hellip;]<\/p>\n","protected":false},"author":1,"featured_media":494,"comment_status":"open","ping_status":"open","sticky":false,"template":"","format":"standard","meta":{"_jetpack_newsletter_access":"","_jetpack_dont_email_post_to_subs":false,"_jetpack_newsletter_tier_id":0,"_jetpack_memberships_contains_paywalled_content":false,"_mbp_banners":[],"_jetpack_feature_clip_id":0,"_jetpack_memberships_contains_paid_content":false,"footnotes":"","jetpack_publicize_message":"","jetpack_publicize_feature_enabled":true,"jetpack_social_post_already_shared":true,"jetpack_social_options":{"image_generator_settings":{"template":"highway","default_image_id":0,"font":"","enabled":false},"version":2},"jetpack_post_was_ever_published":false},"categories":[20],"tags":[],"class_list":["post-493","post","type-post","status-publish","format-standard","has-post-thumbnail","category-regiao"],"jetpack_publicize_connections":[],"jetpack-related-posts":[],"jetpack_shortlink":"https:\/\/wp.me\/p7Eq1F-7X","jetpack_sharing_enabled":true,"jetpack_featured_media_url":"https:\/\/i0.wp.com\/guialimeira.com.br\/news\/wp-content\/uploads\/2024\/03\/fc9c148761dc85fece102238bcebf6b9.jpg?fit=800%2C600&ssl=1","_links":{"self":[{"href":"https:\/\/guialimeira.com.br\/news\/wp-json\/wp\/v2\/posts\/493","targetHints":{"allow":["GET"]}}],"collection":[{"href":"https:\/\/guialimeira.com.br\/news\/wp-json\/wp\/v2\/posts"}],"about":[{"href":"https:\/\/guialimeira.com.br\/news\/wp-json\/wp\/v2\/types\/post"}],"author":[{"embeddable":true,"href":"https:\/\/guialimeira.com.br\/news\/wp-json\/wp\/v2\/users\/1"}],"replies":[{"embeddable":true,"href":"https:\/\/guialimeira.com.br\/news\/wp-json\/wp\/v2\/comments?post=493"}],"version-history":[{"count":0,"href":"https:\/\/guialimeira.com.br\/news\/wp-json\/wp\/v2\/posts\/493\/revisions"}],"wp:featuredmedia":[{"embeddable":true,"href":"https:\/\/guialimeira.com.br\/news\/wp-json\/wp\/v2\/media\/494"}],"wp:attachment":[{"href":"https:\/\/guialimeira.com.br\/news\/wp-json\/wp\/v2\/media?parent=493"}],"wp:term":[{"taxonomy":"category","embeddable":true,"href":"https:\/\/guialimeira.com.br\/news\/wp-json\/wp\/v2\/categories?post=493"},{"taxonomy":"post_tag","embeddable":true,"href":"https:\/\/guialimeira.com.br\/news\/wp-json\/wp\/v2\/tags?post=493"}],"curies":[{"name":"wp","href":"https:\/\/api.w.org\/{rel}","templated":true}]}}