{"id":4927,"date":"2024-05-14T10:50:45","date_gmt":"2024-05-14T13:50:45","guid":{"rendered":"https:\/\/guialimeira.com.br\/2024\/05\/14\/primeiro-trem-da-linha-17-ouro-embarca-na-china-com-destino-ao-brasil\/"},"modified":"2024-05-14T10:50:45","modified_gmt":"2024-05-14T13:50:45","slug":"primeiro-trem-da-linha-17-ouro-embarca-na-china-com-destino-ao-brasil","status":"publish","type":"post","link":"https:\/\/guialimeira.com.br\/news\/primeiro-trem-da-linha-17-ouro-embarca-na-china-com-destino-ao-brasil\/","title":{"rendered":"Primeiro trem da Linha 17-Ouro embarca na China com destino ao Brasil"},"content":{"rendered":"<p> <br \/>\n<\/p>\n<div id=\"\">&#13;<br \/>\n                                <!-- Title -->&#13;<br \/>\n                                &#13;<br \/>\n&#13;<br \/>\n                                <!-- Excerpt -->&#13;<\/p>\n<p class=\"excerpt\">Com previs\u00e3o de chegada em julho, composi\u00e7\u00e3o \u00e9 a primeira de um lote de 14 unidades que atendar\u00e3o a nova linha do Metr\u00f4 de S\u00e3o Paulo<\/p>\n<p>&#13;<br \/>\n&#13;<br \/>\n                                &#13;\n                            <\/p><\/div>\n<div id=\"\">&#13;<\/p>\n<figure id=\"attachment_5870652\" style=\"width: 100%;max-width: 2560px\" class=\"wp-caption alignnone caption-hide\"><img data-recalc-dims=\"1\" decoding=\"async\" loading=\"lazy\" class=\"wp-image-5870652 size-full\" src=\"https:\/\/i0.wp.com\/www.saopaulo.sp.gov.br\/wp-content\/uploads\/2024\/04\/BYD_1882-scaled.jpg?resize=696%2C391&#038;ssl=1\" alt=\"\" width=\"696\" height=\"391\" srcset=\"https:\/\/www.saopaulo.sp.gov.br\/wp-content\/uploads\/2024\/04\/BYD_1882-scaled.jpg 2560w, https:\/\/www.saopaulo.sp.gov.br\/wp-content\/uploads\/2024\/04\/BYD_1882-300x169.jpg 300w, https:\/\/www.saopaulo.sp.gov.br\/wp-content\/uploads\/2024\/04\/BYD_1882-1024x575.jpg 1024w, https:\/\/www.saopaulo.sp.gov.br\/wp-content\/uploads\/2024\/04\/BYD_1882-768x432.jpg 768w, https:\/\/www.saopaulo.sp.gov.br\/wp-content\/uploads\/2024\/04\/BYD_1882-1536x863.jpg 1536w, https:\/\/www.saopaulo.sp.gov.br\/wp-content\/uploads\/2024\/04\/BYD_1882-2048x1151.jpg 2048w\" sizes=\"auto, (max-width: 2560px) 100vw, 2560px\"\/><\/figure>\n<p>O primeiro trem da Linha 17-Ouro do Metr\u00f4 de S\u00e3o Paulo embarca nesta quarta-feira (15) no porto de Zhangjiagang, regi\u00e3o de Shanghai na China, com destino ao Brasil. Projetada especialmente para a nova linha, a nova composi\u00e7\u00e3o dever\u00e1 chegar ao porto de Santos, em S\u00e3o Paulo, no m\u00eas de junho a bordo do navio cargueiro Kong Que Song.<\/p>\n<p>Ap\u00f3s a realiza\u00e7\u00e3o dos procedimentos de libera\u00e7\u00e3o aduaneira, o novo trem ser\u00e1 levado ao P\u00e1tio \u00c1gua Espraiada, onde ser\u00e1 montado e submetido aos testes e protocolos de seguran\u00e7a. Com capacidade total para 616 passageiros, incluindo assentos priorit\u00e1rios e \u00e1reas para deficiente, a composi\u00e7\u00e3o conta com cinco carros equipados com sistema de ar-condicionado, ilumina\u00e7\u00e3o LED, c\u00e2meras de vigil\u00e2ncia, sistema de detec\u00e7\u00e3o e combate a inc\u00eandio, sistema de comunica\u00e7\u00e3o audiovisual aos passageiros, com mapa de linha din\u00e2mico e intercomunicador para contato ao Centro de Controle Operacional (CCO). Al\u00e9m disso, os carros disp\u00f5em de um sistema de bateria que garante autonomia de tra\u00e7\u00e3o entre as esta\u00e7\u00f5es.<\/p>\n<p>O novo trem faz parte de um lote de 14 unidades encomendadas pelo Metr\u00f4 de S\u00e3o Paulo junto \u00e0 BYD. O cronograma estabelecido define a chegada do segundo trem ainda este ano e os demais sendo entregues no Brasil gradativamente em 2025.<\/p>\n<p>A meta da companhia \u00e9 concluir a obra bruta da linha 17-Ouro at\u00e9 o final de 2025, permitindo o avan\u00e7o da instala\u00e7\u00e3o de sistemas para a abertura da linha em 2026, que vai ligar o Aeroporto de Congonhas \u00e0 rede de transporte sobre trilhos e beneficiar a 100 mil pessoas diariamente.<\/p>\n<figure id=\"attachment_5870654\" style=\"width: 100%;max-width: 2560px\" class=\"wp-caption alignnone caption-hide\"><img data-recalc-dims=\"1\" decoding=\"async\" loading=\"lazy\" class=\"wp-image-5870654 size-full\" src=\"https:\/\/i0.wp.com\/www.saopaulo.sp.gov.br\/wp-content\/uploads\/2024\/04\/BYD_1837-scaled.jpg?resize=696%2C391&#038;ssl=1\" alt=\"\" width=\"696\" height=\"391\" srcset=\"https:\/\/www.saopaulo.sp.gov.br\/wp-content\/uploads\/2024\/04\/BYD_1837-scaled.jpg 2560w, https:\/\/www.saopaulo.sp.gov.br\/wp-content\/uploads\/2024\/04\/BYD_1837-300x169.jpg 300w, https:\/\/www.saopaulo.sp.gov.br\/wp-content\/uploads\/2024\/04\/BYD_1837-1024x575.jpg 1024w, https:\/\/www.saopaulo.sp.gov.br\/wp-content\/uploads\/2024\/04\/BYD_1837-768x432.jpg 768w, https:\/\/www.saopaulo.sp.gov.br\/wp-content\/uploads\/2024\/04\/BYD_1837-1536x863.jpg 1536w, https:\/\/www.saopaulo.sp.gov.br\/wp-content\/uploads\/2024\/04\/BYD_1837-2048x1151.jpg 2048w\" sizes=\"auto, (max-width: 2560px) 100vw, 2560px\"\/><\/figure>\n<figure id=\"attachment_5870646\" style=\"width: 100%;max-width: 2560px\" class=\"wp-caption alignnone caption-hide\"><img data-recalc-dims=\"1\" decoding=\"async\" loading=\"lazy\" class=\"wp-image-5870646 size-full\" src=\"https:\/\/i0.wp.com\/www.saopaulo.sp.gov.br\/wp-content\/uploads\/2024\/04\/DJI_0482-scaled.jpg?resize=696%2C464&#038;ssl=1\" alt=\"\" width=\"696\" height=\"464\" srcset=\"https:\/\/www.saopaulo.sp.gov.br\/wp-content\/uploads\/2024\/04\/DJI_0482-scaled.jpg 2560w, https:\/\/www.saopaulo.sp.gov.br\/wp-content\/uploads\/2024\/04\/DJI_0482-300x200.jpg 300w, https:\/\/www.saopaulo.sp.gov.br\/wp-content\/uploads\/2024\/04\/DJI_0482-1024x683.jpg 1024w, https:\/\/www.saopaulo.sp.gov.br\/wp-content\/uploads\/2024\/04\/DJI_0482-768x512.jpg 768w, https:\/\/www.saopaulo.sp.gov.br\/wp-content\/uploads\/2024\/04\/DJI_0482-1536x1024.jpg 1536w, https:\/\/www.saopaulo.sp.gov.br\/wp-content\/uploads\/2024\/04\/DJI_0482-2048x1365.jpg 2048w\" sizes=\"auto, (max-width: 2560px) 100vw, 2560px\"\/><\/figure>\n<\/p><\/div>\n<p><br \/>\n<br \/><a href=\"https:\/\/www.saopaulo.sp.gov.br\/spnoticias\/ultimas-noticias\/primeiro-trem-da-linha-17-ouro-embarca-na-china-com-destino-ao-brasil\/\" rel=\"noopener\">Informa\u00e7\u00f5es GOV.SP<\/a><\/p>\n","protected":false},"excerpt":{"rendered":"<p>&#13; &#13; &#13; &#13; &#13; Com previs\u00e3o de chegada em julho, composi\u00e7\u00e3o \u00e9 a primeira de um lote de 14 unidades que atendar\u00e3o a nova linha do Metr\u00f4 de S\u00e3o Paulo &#13; &#13; &#13; &#13; O primeiro trem da Linha 17-Ouro do Metr\u00f4 de S\u00e3o Paulo embarca nesta quarta-feira (15) no porto de Zhangjiagang, regi\u00e3o [&hellip;]<\/p>\n","protected":false},"author":1,"featured_media":4928,"comment_status":"open","ping_status":"open","sticky":false,"template":"","format":"standard","meta":{"_jetpack_newsletter_access":"","_jetpack_dont_email_post_to_subs":false,"_jetpack_newsletter_tier_id":0,"_jetpack_memberships_contains_paywalled_content":false,"_mbp_banners":[],"_jetpack_feature_clip_id":0,"_jetpack_memberships_contains_paid_content":false,"footnotes":"","jetpack_publicize_message":"","jetpack_publicize_feature_enabled":true,"jetpack_social_post_already_shared":true,"jetpack_social_options":{"image_generator_settings":{"template":"highway","default_image_id":0,"font":"","enabled":false},"version":2},"jetpack_post_was_ever_published":false},"categories":[21],"tags":[],"class_list":["post-4927","post","type-post","status-publish","format-standard","has-post-thumbnail","category-sp-news"],"jetpack_publicize_connections":[],"jetpack-related-posts":[],"jetpack_shortlink":"https:\/\/wp.me\/p7Eq1F-1ht","jetpack_sharing_enabled":true,"jetpack_featured_media_url":"https:\/\/i0.wp.com\/guialimeira.com.br\/news\/wp-content\/uploads\/2024\/05\/Primeiro-trem-da-Linha-17-Ouro-embarca-na-China-com-destino.jpg?fit=2560%2C1438&ssl=1","_links":{"self":[{"href":"https:\/\/guialimeira.com.br\/news\/wp-json\/wp\/v2\/posts\/4927","targetHints":{"allow":["GET"]}}],"collection":[{"href":"https:\/\/guialimeira.com.br\/news\/wp-json\/wp\/v2\/posts"}],"about":[{"href":"https:\/\/guialimeira.com.br\/news\/wp-json\/wp\/v2\/types\/post"}],"author":[{"embeddable":true,"href":"https:\/\/guialimeira.com.br\/news\/wp-json\/wp\/v2\/users\/1"}],"replies":[{"embeddable":true,"href":"https:\/\/guialimeira.com.br\/news\/wp-json\/wp\/v2\/comments?post=4927"}],"version-history":[{"count":0,"href":"https:\/\/guialimeira.com.br\/news\/wp-json\/wp\/v2\/posts\/4927\/revisions"}],"wp:featuredmedia":[{"embeddable":true,"href":"https:\/\/guialimeira.com.br\/news\/wp-json\/wp\/v2\/media\/4928"}],"wp:attachment":[{"href":"https:\/\/guialimeira.com.br\/news\/wp-json\/wp\/v2\/media?parent=4927"}],"wp:term":[{"taxonomy":"category","embeddable":true,"href":"https:\/\/guialimeira.com.br\/news\/wp-json\/wp\/v2\/categories?post=4927"},{"taxonomy":"post_tag","embeddable":true,"href":"https:\/\/guialimeira.com.br\/news\/wp-json\/wp\/v2\/tags?post=4927"}],"curies":[{"name":"wp","href":"https:\/\/api.w.org\/{rel}","templated":true}]}}