{"id":49262,"date":"2025-11-03T17:30:20","date_gmt":"2025-11-03T20:30:20","guid":{"rendered":"https:\/\/guialimeira.com.br\/?p=49262"},"modified":"2025-11-03T17:30:20","modified_gmt":"2025-11-03T20:30:20","slug":"secretaria-da-mulher-e-desenvolvimento-social-recebe-doacao-de-110-cestas-basicas-prefeitura-municipal-de-cordeiropolis","status":"publish","type":"post","link":"https:\/\/guialimeira.com.br\/news\/secretaria-da-mulher-e-desenvolvimento-social-recebe-doacao-de-110-cestas-basicas-prefeitura-municipal-de-cordeiropolis\/","title":{"rendered":"Secretaria da Mulher e Desenvolvimento Social recebe doa\u00e7\u00e3o de 110 cestas b\u00e1sicas \u2013 Prefeitura Municipal de Cordeir\u00f3polis"},"content":{"rendered":"<p> <br \/>\n<\/p>\n<div>\n<p>A Secretaria de Mulher e Desenvolvimento Social de Cordeir\u00f3polis recebeu a doa\u00e7\u00e3o de 110 cestas b\u00e1sicas e mais de 100kg de alimentos, doados pela RGLOG. A empresa realizou uma gincana com colaboradores, que resultou na arrecada\u00e7\u00e3o. As cestas b\u00e1sicas e os alimentos foram encaminhados ao Cras do Jardim Eldorado e s\u00e3o distribu\u00eddos para fam\u00edlias em situa\u00e7\u00e3o de vulnerabilidade social.<\/p>\n<p>\u201cEstou muito feliz e quero agradecer a empresa e todos que cooperaram com essa iniciativa. Fico muito grata de ter parceiros como a RGLOG, que ajudam a levar alimento \u00e0s mesas de quem mais precisa em nossa cidade\u201d, afirmou a respons\u00e1vel pela pasta, Neusa Dam\u00e9lio.<\/p>\n<\/p><\/div>\n<p><br \/>\n<br \/><a href=\"https:\/\/www.cordeiropolis.sp.gov.br\/secretaria-da-mulher-e-desenvolvimento-social-recebe-doacao-de-110-cestas-basicas\/\" rel=\"noopener\">Informa\u00e7\u00f5es Cordeir\u00f3polis <\/a><\/p>\n","protected":false},"excerpt":{"rendered":"<p>A Secretaria de Mulher e Desenvolvimento Social de Cordeir\u00f3polis recebeu a doa\u00e7\u00e3o de 110 cestas b\u00e1sicas e mais de 100kg de alimentos, doados pela RGLOG. A empresa realizou uma gincana com colaboradores, que resultou na arrecada\u00e7\u00e3o. As cestas b\u00e1sicas e os alimentos foram encaminhados ao Cras do Jardim Eldorado e s\u00e3o distribu\u00eddos para fam\u00edlias em [&hellip;]<\/p>\n","protected":false},"author":1,"featured_media":0,"comment_status":"open","ping_status":"open","sticky":false,"template":"","format":"standard","meta":{"_jetpack_newsletter_access":"","_jetpack_dont_email_post_to_subs":false,"_jetpack_newsletter_tier_id":0,"_jetpack_memberships_contains_paywalled_content":false,"_mbp_banners":[],"_jetpack_feature_clip_id":0,"_jetpack_memberships_contains_paid_content":false,"footnotes":"","jetpack_publicize_message":"","jetpack_publicize_feature_enabled":true,"jetpack_social_post_already_shared":true,"jetpack_social_options":{"image_generator_settings":{"template":"highway","default_image_id":0,"font":"","enabled":false},"version":2},"jetpack_post_was_ever_published":false},"categories":[20],"tags":[],"class_list":["post-49262","post","type-post","status-publish","format-standard","category-regiao"],"jetpack_publicize_connections":[],"jetpack-related-posts":[],"jetpack_shortlink":"https:\/\/wp.me\/p7Eq1F-cOy","jetpack_sharing_enabled":true,"jetpack_featured_media_url":"","_links":{"self":[{"href":"https:\/\/guialimeira.com.br\/news\/wp-json\/wp\/v2\/posts\/49262","targetHints":{"allow":["GET"]}}],"collection":[{"href":"https:\/\/guialimeira.com.br\/news\/wp-json\/wp\/v2\/posts"}],"about":[{"href":"https:\/\/guialimeira.com.br\/news\/wp-json\/wp\/v2\/types\/post"}],"author":[{"embeddable":true,"href":"https:\/\/guialimeira.com.br\/news\/wp-json\/wp\/v2\/users\/1"}],"replies":[{"embeddable":true,"href":"https:\/\/guialimeira.com.br\/news\/wp-json\/wp\/v2\/comments?post=49262"}],"version-history":[{"count":1,"href":"https:\/\/guialimeira.com.br\/news\/wp-json\/wp\/v2\/posts\/49262\/revisions"}],"predecessor-version":[{"id":49263,"href":"https:\/\/guialimeira.com.br\/news\/wp-json\/wp\/v2\/posts\/49262\/revisions\/49263"}],"wp:attachment":[{"href":"https:\/\/guialimeira.com.br\/news\/wp-json\/wp\/v2\/media?parent=49262"}],"wp:term":[{"taxonomy":"category","embeddable":true,"href":"https:\/\/guialimeira.com.br\/news\/wp-json\/wp\/v2\/categories?post=49262"},{"taxonomy":"post_tag","embeddable":true,"href":"https:\/\/guialimeira.com.br\/news\/wp-json\/wp\/v2\/tags?post=49262"}],"curies":[{"name":"wp","href":"https:\/\/api.w.org\/{rel}","templated":true}]}}