{"id":49217,"date":"2025-11-03T09:06:11","date_gmt":"2025-11-03T12:06:11","guid":{"rendered":"https:\/\/guialimeira.com.br\/?p=49217"},"modified":"2025-11-03T09:06:13","modified_gmt":"2025-11-03T12:06:13","slug":"suzano-abre-inscricoes-para-jovem-aprendiz-estagio-tecnico-e-estagio-superior","status":"publish","type":"post","link":"https:\/\/guialimeira.com.br\/news\/suzano-abre-inscricoes-para-jovem-aprendiz-estagio-tecnico-e-estagio-superior\/","title":{"rendered":"Suzano abre inscri\u00e7\u00f5es para Jovem Aprendiz, Est\u00e1gio T\u00e9cnico e Est\u00e1gio Superior"},"content":{"rendered":"\n<p class=\"wp-block-paragraph\"><em>Iniciativas contemplam diferentes n\u00edveis de forma\u00e7\u00e3o e contam com vagas abertas na regi\u00e3o de Americana e Limeira<\/em><\/p>\n\n\n\n<p class=\"wp-block-paragraph\">A Suzano, maior produtora mundial de celulose e refer\u00eancia global na fabrica\u00e7\u00e3o de bioprodutos desenvolvidos a partir do eucalipto, est\u00e1 com inscri\u00e7\u00f5es abertas para Jovem Aprendiz, Est\u00e1gio T\u00e9cnico e Est\u00e1gio Superior, que visam promover a forma\u00e7\u00e3o e o desenvolvimento de novos talentos em suas unidades.<\/p>\n\n\n\n<p class=\"wp-block-paragraph\">A empresa busca candidatos(as) que compartilhem do ideal de gerar um impacto positivo no mundo, possuam o mesmo prop\u00f3sito de renovar a vida a partir da \u00e1rvore e almejam construir uma carreira promissora de maneira grande e global. A previs\u00e3o \u00e9 que os selecionados(as) iniciem as atividades entre fevereiro e mar\u00e7o de 2026.<\/p>\n\n\n\n<p class=\"wp-block-paragraph\">\u201cAcreditamos em gente que inspira e transforma. Por isso, abrimos oportunidades para novos talentos por meio dos nossos programas de Est\u00e1gio T\u00e9cnico, Est\u00e1gio Superior e Jovem Aprendiz, valorizando pessoas que queiram construir uma carreira s\u00f3lida e contribuir para desenvolver solu\u00e7\u00f5es que impactam positivamente a vida de bilh\u00f5es de pessoas no mundo. Nosso objetivo \u00e9 atrair talentos da regi\u00e3o que queiram aprender, se desenvolver e fazer parte de uma empresa que h\u00e1 mais de 100 anos atua com inova\u00e7\u00e3o e sustentabilidade\u201d, destaca Reiner Santos, gerente de Gente e Gest\u00e3o da Suzano.<\/p>\n\n\n\n<p class=\"wp-block-paragraph\"><strong>Jovem Aprendiz<\/strong><\/p>\n\n\n\n<p class=\"wp-block-paragraph\">Na f\u00e1brica de Limeira, a Suzano oferece vagas para Jovem Aprendiz, que visa qualificar jovens para atua\u00e7\u00e3o em suas \u00e1reas industriais.<\/p>\n\n\n\n<p class=\"wp-block-paragraph\">Em parceria com o Senai (Servi\u00e7o Nacional de Aprendizagem Industrial), s\u00e3o disponibilizadas 20 vagas para o&nbsp;Curso de Aprendizagem Industrial (CAI) \u2013 Auxiliar de Linha de Produ\u00e7\u00e3o. As inscri\u00e7\u00f5es s\u00e3o gratuitas e podem ser realizadas at\u00e9 o dia 17 de novembro, por meio do link&nbsp;<a href=\"https:\/\/suzano.gupy.io\/jobs\/10213548?jobBoardSource=gupy_public_page\" target=\"_blank\" rel=\"noreferrer noopener\">P\u00e1gina da Vaga | APRENDIZ PRODUCAO<\/a>.<\/p>\n\n\n\n<p class=\"wp-block-paragraph\">Requisitos: ter idade entre 18 e 23 anos; Ensino M\u00e9dio completo; residir em Americana (SP); disponibilidade para trabalhar entre 8h e 17h.&nbsp;<\/p>\n\n\n\n<p class=\"wp-block-paragraph\"><strong>Est\u00e1gio T\u00e9cnico<\/strong><\/p>\n\n\n\n<p class=\"wp-block-paragraph\">As inscri\u00e7\u00f5es para o Programa de Est\u00e1gio T\u00e9cnico 2026 podem ser realizadas gratuitamente at\u00e9 o dia 2 de novembro, pela plataforma Gupy, no link:&nbsp;<a href=\"https:\/\/suzanoestagiotecnico.gupy.io\/\" target=\"_blank\" rel=\"noreferrer noopener\">https:\/\/suzanoestagiotecnico.gupy.io\/<\/a>.<\/p>\n\n\n\n<p class=\"wp-block-paragraph\">O programa oferece 70 vagas, em diversas localidades do Brasil. Na regi\u00e3o de Americana e Limeira, h\u00e1 oportunidades para estudantes dos cursos t\u00e9cnicos de El\u00e9trica, Mec\u00e2nica, Mecatr\u00f4nica, Meio Ambiente, Papel e Celulose, Qu\u00edmica e Seguran\u00e7a do Trabalho.<\/p>\n\n\n\n<p class=\"wp-block-paragraph\">Requisitos: ter 18 anos ou mais; estar cursando o n\u00edvel t\u00e9cnico no per\u00edodo noturno, EAD ou aos s\u00e1bados; forma\u00e7\u00e3o prevista para fevereiro de 2027 ou posterior; manter v\u00ednculo com a institui\u00e7\u00e3o de ensino por pelo menos um ano letivo ap\u00f3s a admiss\u00e3o; ter acesso e\/ou mobilidade aos locais de trabalho; e disponibilidade para estagiar seis horas por dia.<\/p>\n\n\n\n<p class=\"wp-block-paragraph\"><strong>Est\u00e1gio Superior<\/strong><\/p>\n\n\n\n<p class=\"wp-block-paragraph\">J\u00e1 as inscri\u00e7\u00f5es para o Programa de Est\u00e1gio Superior 2026 est\u00e3o abertas at\u00e9 o dia 27 de novembro, pelo site:&nbsp;<a href=\"https:\/\/estagiosuperiorsuzano.com.br\/\" target=\"_blank\" rel=\"noreferrer noopener\">https:\/\/estagiosuperiorsuzano.com.br\/<\/a>.<\/p>\n\n\n\n<p class=\"wp-block-paragraph\">S\u00e3o mais de 100 vagas em todo o Brasil, incluindo a regi\u00e3o de Americana e Limeira, com oportunidades para estudantes de cursos superiores de Engenharias, Administra\u00e7\u00e3o, Psicologia, Biologia, Geografia, Estat\u00edstica, Ci\u00eancia de Dados, Jornalismo, Publicidade e Propaganda, Marketing e Rela\u00e7\u00f5es P\u00fablicas. S\u00e3o aceitas todas as modalidades de gradua\u00e7\u00f5es: Bacharelado, Licenciatura ou Tecn\u00f3logo.<\/p>\n\n\n\n<p class=\"wp-block-paragraph\">Requisitos: estar cursando o Ensino Superior com forma\u00e7\u00e3o prevista entre julho de 2027 e julho de 2028; disponibilidade para atuar presencialmente, em hor\u00e1rio comercial, nas localidades e continuar os estudos; est\u00e1gio de 6 a 8 horas di\u00e1rias, dependendo da posi\u00e7\u00e3o; conhecimento de um segundo idioma, como o ingl\u00eas, n\u00e3o \u00e9 obrigat\u00f3rio.<\/p>\n\n\n\n<p class=\"wp-block-paragraph\">A Suzano acredita que a diversidade fortalece. Por isso, todas as pessoas que atendam aos requisitos s\u00e3o bem-vindas, independentemente de g\u00eanero, origem, etnia, defici\u00eancia ou orienta\u00e7\u00e3o sexual.<\/p>\n\n\n\n<p class=\"wp-block-paragraph\"><strong>Sobre\u202fa Suzano<\/strong><\/p>\n\n\n\n<p class=\"wp-block-paragraph\">A Suzano \u00e9 a maior produtora mundial de celulose, uma das maiores fabricantes de pap\u00e9is da Am\u00e9rica Latina e l\u00edder no segmento de papel higi\u00eanico no Brasil. A companhia adota as melhores pr\u00e1ticas de inova\u00e7\u00e3o e sustentabilidade para desenvolver produtos e solu\u00e7\u00f5es a partir de mat\u00e9ria-prima renov\u00e1vel. Os produtos da Suzano est\u00e3o presentes na vida de mais de 2 bilh\u00f5es de pessoas, cerca de 25% da popula\u00e7\u00e3o mundial, e incluem celulose; itens para higiene pessoal como papel higi\u00eanico e guardanapos; pap\u00e9is para embalagens, copos e canudos; pap\u00e9is para imprimir e escrever, entre outros produtos desenvolvidos para atender \u00e0 crescente necessidade do planeta por itens mais sustent\u00e1veis. Entre suas marcas no Brasil est\u00e3o Neve\u00ae, P\u00f3len\u00ae, Suzano Report\u00ae, Mimmo\u00ae, entre outras. Com sede no Brasil e opera\u00e7\u00f5es na Am\u00e9rica Latina, Am\u00e9rica do Norte, Europa e \u00c1sia, a empresa tem mais de 100 anos de hist\u00f3ria e a\u00e7\u00f5es negociadas nas bolsas do Brasil (SUZB3) e dos Estados Unidos (SUZ). Saiba mais em:&nbsp;<a href=\"http:\/\/www.suzano.com.br\/\" target=\"_blank\" rel=\"noreferrer noopener\">www.suzano.com.br<\/a>.<\/p>\n","protected":false},"excerpt":{"rendered":"<p>Iniciativas contemplam diferentes n\u00edveis de forma\u00e7\u00e3o e contam com vagas abertas na regi\u00e3o de Americana e Limeira A Suzano, maior produtora mundial de celulose e refer\u00eancia global na fabrica\u00e7\u00e3o de bioprodutos desenvolvidos a partir do eucalipto, est\u00e1 com inscri\u00e7\u00f5es abertas para Jovem Aprendiz, Est\u00e1gio T\u00e9cnico e Est\u00e1gio Superior, que visam promover a forma\u00e7\u00e3o e o [&hellip;]<\/p>\n","protected":false},"author":2,"featured_media":49219,"comment_status":"open","ping_status":"open","sticky":false,"template":"","format":"standard","meta":{"_jetpack_newsletter_access":"","_jetpack_dont_email_post_to_subs":false,"_jetpack_newsletter_tier_id":0,"_jetpack_memberships_contains_paywalled_content":false,"_mbp_banners":[],"_jetpack_feature_clip_id":0,"_jetpack_memberships_contains_paid_content":false,"footnotes":"","jetpack_publicize_message":"","jetpack_publicize_feature_enabled":true,"jetpack_social_post_already_shared":true,"jetpack_social_options":{"image_generator_settings":{"template":"highway","default_image_id":0,"font":"","enabled":false},"version":2},"jetpack_post_was_ever_published":false},"categories":[16],"tags":[],"class_list":["post-49217","post","type-post","status-publish","format-standard","has-post-thumbnail","category-local"],"jetpack_publicize_connections":[],"jetpack-related-posts":[],"jetpack_shortlink":"https:\/\/wp.me\/p7Eq1F-cNP","jetpack_sharing_enabled":true,"jetpack_featured_media_url":"https:\/\/i0.wp.com\/guialimeira.com.br\/news\/wp-content\/uploads\/2025\/11\/Estagio-Suzano-1.jpg?fit=854%2C789&ssl=1","_links":{"self":[{"href":"https:\/\/guialimeira.com.br\/news\/wp-json\/wp\/v2\/posts\/49217","targetHints":{"allow":["GET"]}}],"collection":[{"href":"https:\/\/guialimeira.com.br\/news\/wp-json\/wp\/v2\/posts"}],"about":[{"href":"https:\/\/guialimeira.com.br\/news\/wp-json\/wp\/v2\/types\/post"}],"author":[{"embeddable":true,"href":"https:\/\/guialimeira.com.br\/news\/wp-json\/wp\/v2\/users\/2"}],"replies":[{"embeddable":true,"href":"https:\/\/guialimeira.com.br\/news\/wp-json\/wp\/v2\/comments?post=49217"}],"version-history":[{"count":1,"href":"https:\/\/guialimeira.com.br\/news\/wp-json\/wp\/v2\/posts\/49217\/revisions"}],"predecessor-version":[{"id":49220,"href":"https:\/\/guialimeira.com.br\/news\/wp-json\/wp\/v2\/posts\/49217\/revisions\/49220"}],"wp:featuredmedia":[{"embeddable":true,"href":"https:\/\/guialimeira.com.br\/news\/wp-json\/wp\/v2\/media\/49219"}],"wp:attachment":[{"href":"https:\/\/guialimeira.com.br\/news\/wp-json\/wp\/v2\/media?parent=49217"}],"wp:term":[{"taxonomy":"category","embeddable":true,"href":"https:\/\/guialimeira.com.br\/news\/wp-json\/wp\/v2\/categories?post=49217"},{"taxonomy":"post_tag","embeddable":true,"href":"https:\/\/guialimeira.com.br\/news\/wp-json\/wp\/v2\/tags?post=49217"}],"curies":[{"name":"wp","href":"https:\/\/api.w.org\/{rel}","templated":true}]}}