{"id":4919,"date":"2024-05-14T08:48:45","date_gmt":"2024-05-14T11:48:45","guid":{"rendered":"https:\/\/guialimeira.com.br\/2024\/05\/14\/esporte-para-pessoas-com-deficiencia-promovem-qualidade-de-vida\/"},"modified":"2024-05-14T08:48:45","modified_gmt":"2024-05-14T11:48:45","slug":"esporte-para-pessoas-com-deficiencia-promovem-qualidade-de-vida","status":"publish","type":"post","link":"https:\/\/guialimeira.com.br\/news\/esporte-para-pessoas-com-deficiencia-promovem-qualidade-de-vida\/","title":{"rendered":"Esporte para pessoas com defici\u00eancia promovem qualidade de vida"},"content":{"rendered":"<p> <br \/>\n<\/p>\n<div id=\"\">&#13;<\/p>\n<figure id=\"attachment_5882399\" style=\"width: 100%;max-width: 756px\" class=\"wp-caption alignnone\"><img data-recalc-dims=\"1\" decoding=\"async\" loading=\"lazy\" class=\" wp-image-5882399\" src=\"https:\/\/i0.wp.com\/www.saopaulo.sp.gov.br\/wp-content\/uploads\/2024\/05\/20240509_esportes-pcd-abre-2048x1362-1-300x200.jpg?resize=696%2C464&#038;ssl=1\" alt=\"\" width=\"696\" height=\"464\" srcset=\"https:\/\/www.saopaulo.sp.gov.br\/wp-content\/uploads\/2024\/05\/20240509_esportes-pcd-abre-2048x1362-1-300x200.jpg 300w, https:\/\/www.saopaulo.sp.gov.br\/wp-content\/uploads\/2024\/05\/20240509_esportes-pcd-abre-2048x1362-1-1024x681.jpg 1024w, https:\/\/www.saopaulo.sp.gov.br\/wp-content\/uploads\/2024\/05\/20240509_esportes-pcd-abre-2048x1362-1-768x511.jpg 768w, https:\/\/www.saopaulo.sp.gov.br\/wp-content\/uploads\/2024\/05\/20240509_esportes-pcd-abre-2048x1362-1-1536x1022.jpg 1536w, https:\/\/www.saopaulo.sp.gov.br\/wp-content\/uploads\/2024\/05\/20240509_esportes-pcd-abre-2048x1362-1.jpg 2048w\" sizes=\"auto, (max-width: 756px) 100vw, 756px\"\/><figcaption class=\"wp-caption-text\">O esporte adaptado garante sa\u00fade e inclus\u00e3o social para pessoas com defici\u00eancia<\/figcaption><\/figure>\n<p>As modalidades esportivas adaptadas para pessoas com defici\u00eancia (PCDs) s\u00e3o pr\u00e1ticas realizadas desde o meio do s\u00e9culo XX. A primeira edi\u00e7\u00e3o das Paralimp\u00edadas aconteceu em 1960, sediada em Roma, na It\u00e1lia; al\u00e9m dos jogos Parapan-Americanos, que tiveram in\u00edcio em 1967. Ambos seguem acontecendo a cada quatro anos, assim como as Olimp\u00edadas de ver\u00e3o e de inverno.<\/p>\n<p>No Brasil, o esporte adaptado \u00e9 um segmento que segue em constante crescimento. Na \u00faltima edi\u00e7\u00e3o do Parapan, em 2023, a delega\u00e7\u00e3o brasileira estabeleceu um recorde hist\u00f3rico voltando para casa com 343 medalhas, sendo 156 ouros, permanecendo na lideran\u00e7a panamericana, que mant\u00e9m desde os Jogos do Rio de Janeiro, em 2007.<\/p>\n<p>As modalidades comp\u00f5em tamb\u00e9m os cursos esportivos oferecidos pela USP. O Centro de Pr\u00e1ticas Esportivas da USP (Cepeusp) disponibiliza semestralmente cursos adaptados para a comunidade interna de estudantes, professores e funcion\u00e1rios, al\u00e9m do p\u00fablico externo \u00e0 Universidade, que tamb\u00e9m pode ter acesso.<\/p>\n<p>Com aulas destinadas ao p\u00fablico PCD, como T\u00eanis de Mesa para pessoas com Parkinson, Futebol e Capoeira para pessoas com Defici\u00eancia Intelectual (DI), e o Remo para pacientes de c\u00e2ncer de mama; tamb\u00e9m s\u00e3o oferecidas outras atividades adaptadas, como alongamento e atividade f\u00edsica para pessoas com defici\u00eancia, altera\u00e7\u00f5es ou les\u00f5es na coluna e joelho, atividade f\u00edsica para gestantes, al\u00e9m de uma variedade de op\u00e7\u00f5es para o p\u00fablico 60+, como caminhada, gin\u00e1stica, muscula\u00e7\u00e3o, capoeira e yoga.<\/p>\n<p>Todos os cursos est\u00e3o dispon\u00edveis no\u00a0<a href=\"https:\/\/cepe.usp.br\/cursos\/\" target=\"_blank\" rel=\"noopener noreferrer\">site da institui\u00e7\u00e3o<\/a>. O\u00a0Jornal da USP\u00a0acompanhou tr\u00eas dos cursos adaptados: a capoeira e o futebol para pessoas com DI e o Programa Remama, que viabiliza a pr\u00e1tica de remo orientado e adaptado a mulheres com c\u00e2ncer de mama tratadas pelo Instituto de C\u00e2ncer do Estado de S\u00e3o Paulo (Icesp).<\/p>\n<p><strong>PCD<\/strong><\/p>\n<p>A sigla PCD significa Pessoa com Defici\u00eancia. Trata-se daqueles que convivem com impedimentos permanentes ou de longo prazo, de natureza f\u00edsica, mental, intelectual ou sensorial, como pessoas com paraplegia, esquizofrenia, s\u00edndrome de down, cegueira, surdez, entre outros exemplos.<\/p>\n<p>A\u00a0<a href=\"https:\/\/www.gov.br\/mdh\/pt-br\/navegue-por-temas\/pessoa-com-deficiencia\/acoes-e-programas\/regulamentacao-de-artigos-da-lei-brasileira-de-inclusao-da-pessoa-com-deficiencia#:~:text=A%20Lei%20Brasileira%20de%20Inclus%C3%A3o,visando%20a%20sua%20inclus%C3%A3o%20social\" target=\"_blank\" rel=\"noopener noreferrer\">Lei Brasileira de Inclus\u00e3o da Pessoa com Defici\u00eancia<\/a>\u00a0(Lei n\u00ba 13.146) foi criada em 2015 e garante, em igualdade de condi\u00e7\u00f5es com as demais pessoas, o exerc\u00edcio dos direitos e liberdades fundamentais para pessoas com defici\u00eancia, visando a sua inclus\u00e3o social. Estas pessoas, por\u00e9m, continuam a conviver com barreiras que v\u00e3o al\u00e9m da pr\u00f3pria defici\u00eancia, como a falta de acessibilidade e o capacitismo.<\/p>\n<p>Pacientes de c\u00e2ncer que, por laudo m\u00e9dico, apresentam defici\u00eancia f\u00edsica nos membros superiores ou inferiores, como pacientes que passaram por mastectomia (cirurgia de retirada parcial ou total da mama), tamb\u00e9m se enquadram no grupo de pessoas com defici\u00eancia.<\/p>\n<p><strong>Ginga e drible: defici\u00eancia intelectual no futebol e capoeira<\/strong><\/p>\n<p>A pr\u00e1tica esportiva \u00e9 uma recomenda\u00e7\u00e3o m\u00e9dica para qualquer pessoa. Manter o corpo ativo \u00e9 essencial para se manter saud\u00e1vel. Alguns dos benef\u00edcios de se exercitar que podem ser citados s\u00e3o a manuten\u00e7\u00e3o e melhora da resist\u00eancia cardiovascular, o desenvolvimento do aparelho respirat\u00f3rio, redu\u00e7\u00e3o do colesterol e dos triglicer\u00eddeos e controle da press\u00e3o arterial.<\/p>\n<p>Por\u00e9m, para um grupo de pessoas com defici\u00eancia intelectual, os benef\u00edcios v\u00e3o al\u00e9m dos citados, como o desenvolvimento motor e cognitivo, aprendendo n\u00e3o apenas a praticar a modalidade, mas tamb\u00e9m a seguir as regras do jogo.<\/p>\n<p>Fora da esfera da sa\u00fade, o principal ponto que o esporte proporciona a esse p\u00fablico \u00e9 a intera\u00e7\u00e3o social. A pessoa com defici\u00eancia convive diariamente com o preconceito e exclus\u00e3o, e o esporte, principalmente o coletivo, exerce um papel fundamental na constru\u00e7\u00e3o de rela\u00e7\u00f5es sociais destas pessoas.<\/p>\n<p>\u201c\u00c9 claro que existe um desenvolvimento motor e intelectual, mas o maior ganho mesmo \u00e9 o social, \u00e9 a intera\u00e7\u00e3o com os colegas\u201d, comenta Maykell Carvalho, educador f\u00edsico formado pela Escola de Educa\u00e7\u00e3o F\u00edsica e Esportes (EEFE) da USP, atualmente leciona as aulas de futebol.<\/p>\n<p>O curso de futebol para pessoas com DI tem suas aulas praticadas no m\u00f3dulo 3 do Cepe, \u00e0s segundas e quartas-feiras, das 15h \u00e0s 16h30.<\/p>\n<p>\u00c0s quartas-feiras, saindo do m\u00f3dulo \u00e0s 16h30, ap\u00f3s o futsal, o mesmo grupo segue para o espa\u00e7o multiuso do Cepe, para ent\u00e3o praticar uma hora de capoeira, com as aulas do professor Vinicius Heine.<\/p>\n<p>Al\u00e9m dos benef\u00edcios que os esportes em geral trazem a esse p\u00fablico, Heine comenta sobre alguns diferenciais que a pr\u00e1tica da capoeira proporciona. \u201cA capoeira, al\u00e9m de uma arte marcial, conta tamb\u00e9m com a parte musical. Ent\u00e3o eles tocam os instrumentos e tamb\u00e9m cantam as m\u00fasicas, e isso \u00e9 algo que ajuda muito com o desenvolvimento da comunica\u00e7\u00e3o\u201d, explica o mestre de capoeira.<\/p>\n<p>Uma das principais caracter\u00edsticas das pessoas com defici\u00eancia intelectual \u00e9 a restri\u00e7\u00e3o de comunica\u00e7\u00e3o. O conv\u00edvio com a musicalidade e com o componente r\u00edtmico da pr\u00e1tica pode ajudar no desenvolvimento dessas habilidades.<\/p>\n<p>\u201cOutro diferencial da capoeira \u00e9 que, al\u00e9m dos movimentos, existe toda uma parte hist\u00f3rica que envolve esse esporte, e \u00e9 algo que n\u00f3s fazemos quest\u00e3o de passar. Ent\u00e3o, eu falo com eles sobre a hist\u00f3ria da capoeira, sobre os antigos mestres, porque, afinal de contas, a capoeira \u00e9 uma pr\u00e1tica cultural\u201c, comenta o professor.<\/p>\n<p>Tudo aquilo que os professores reiteram sobre a import\u00e2ncia dos esportes na integra\u00e7\u00e3o social dessas pessoas, na constru\u00e7\u00e3o de rela\u00e7\u00f5es e no desenvolvimento da comunica\u00e7\u00e3o s\u00e3o fatores observados dentro de casa.<\/p>\n<p>M\u00e1rcia, m\u00e3e de Gustavo que tem paralisia cerebral, e Lilian, m\u00e3e de Leandro que \u00e9 autista, comentam que as diferen\u00e7as s\u00e3o muito percept\u00edveis ap\u00f3s os filhos come\u00e7arem a participar das aulas. Ambos integram tanto as aulas de futebol, quanto a de capoeira.<\/p>\n<p>\u201cO Gustavo hoje \u00e9 muito mais feliz, porque ele sempre gostou muito de futebol. Por\u00e9m, na escola, os meninos sempre querem jogar mais \u2018s\u00e9rio\u2019, ent\u00e3o nunca o chamavam, e ele acabava ficando sem conseguir brincar. Ent\u00e3o, ele ficou muito feliz depois que entrou no futebol no Cepe\u201d, comenta M\u00e1rcia.<\/p>\n<p>Lilian tamb\u00e9m fala sobre a diferen\u00e7a quanto \u00e0 realidade das escolas. \u201cO Leandro n\u00e3o tem amigos na escola, e essa foi a principal diferen\u00e7a de ter come\u00e7ado nas aulas. Foi aqui que ele fez amizades e, participando das aulas, hoje ele fala que o sonho dele \u00e9\u00a0ser jogador\u201d.<\/p>\n<p><strong>Defici\u00eancia Intelectual x Transtorno Mental<\/strong><\/p>\n<p>Por muito tempo, permaneceu na sociedade um entendimento de que defici\u00eancias intelectuais e transtornos mentais eram sin\u00f4nimos, revelando n\u00e3o apenas a ignor\u00e2ncia no assunto, mas tamb\u00e9m gerando estigmatiza\u00e7\u00e3o e preconceitos contra essas pessoas.<\/p>\n<p>Defici\u00eancias intelectuais s\u00e3o especificidades relacionadas ao desenvolvimento que ocorreu de maneira diferente do convencional, diferen\u00e7as essas que se manifestam, necessariamente, antes dos 18 anos de idade. Apesar de n\u00e3o apresentarem condi\u00e7\u00f5es est\u00e1ticas, pessoas com DI demonstram desenvolvimento abaixo da m\u00e9dia por faixa et\u00e1ria em \u00e1reas como comunica\u00e7\u00e3o, comportamento, racioc\u00ednio, sa\u00fade, aprendizagem, entre outras.<\/p>\n<p>Alguns exemplos de Defici\u00eancias Intelectuais s\u00e3o o Transtorno do Espectro Autista (TEA), que \u00e9 um dist\u00farbio do neurodesenvolvimento; e a S\u00edndrome de Down, que \u00e9 uma condi\u00e7\u00e3o gen\u00e9tica causada pela presen\u00e7a de tr\u00eas cromossomos 21 nas c\u00e9lulas dos indiv\u00edduos, ao inv\u00e9s de dois.<\/p>\n<p>J\u00e1 os transtornos mentais, mesmo os que tenham influ\u00eancia gen\u00e9tica, n\u00e3o s\u00e3o causados pela constitui\u00e7\u00e3o ou desenvolvimento do indiv\u00edduo. Tanto que, n\u00e3o raramente, se manifestam em pessoas j\u00e1 adultas e podem ser causadas por fatores externos, como o estresse intenso. O dist\u00farbio mental apresenta altera\u00e7\u00f5es, de ordem psicol\u00f3gica e\/ou mental, na personalidade e no comportamento do indiv\u00edduo, impactando seu pleno desenvolvimento nos campos interpessoal, laboral e social.<\/p>\n<p>Depress\u00e3o, Ansiedade, Bipolaridade e Dem\u00eancia s\u00e3o alguns exemplos de transtornos que podem acometer qualquer pessoa.<\/p>\n<p><strong>Programa Remama<\/strong><\/p>\n<figure id=\"attachment_5882398\" style=\"width: 100%;max-width: 769px\" class=\"wp-caption alignnone\"><img data-recalc-dims=\"1\" decoding=\"async\" loading=\"lazy\" class=\" wp-image-5882398\" src=\"https:\/\/i0.wp.com\/www.saopaulo.sp.gov.br\/wp-content\/uploads\/2024\/05\/20240509_esportes-300x158.jpg?resize=696%2C367&#038;ssl=1\" alt=\"\" width=\"696\" height=\"367\" srcset=\"https:\/\/www.saopaulo.sp.gov.br\/wp-content\/uploads\/2024\/05\/20240509_esportes-300x158.jpg 300w, https:\/\/www.saopaulo.sp.gov.br\/wp-content\/uploads\/2024\/05\/20240509_esportes-1024x538.jpg 1024w, https:\/\/www.saopaulo.sp.gov.br\/wp-content\/uploads\/2024\/05\/20240509_esportes-768x403.jpg 768w, https:\/\/www.saopaulo.sp.gov.br\/wp-content\/uploads\/2024\/05\/20240509_esportes.jpg 1200w\" sizes=\"auto, (max-width: 769px) 100vw, 769px\"\/><figcaption class=\"wp-caption-text\">Embarca\u00e7\u00e3o Dragon Boat com as integrantes do Programa Remama na Raia Ol\u00edmpica da USP<\/figcaption><\/figure>\n<p>Outro curso que o Cepeusp oferece seguindo a linha\u00a0 de acessibilidade e esportes adaptados \u00e9 o remo para pacientes de c\u00e2ncer de mama. O curso \u00e9 oferecido desde 2013, e foi elaborado em parceria com o Icesp para atender pacientes do instituto que estejam em etapa de reabilita\u00e7\u00e3o, ap\u00f3s tratamentos de quimioterapia e mastectomia.<\/p>\n<p>O programa conta, tamb\u00e9m, com as parcerias da Rede Lucy Montoro de Reabilita\u00e7\u00e3o, da Escola de Educa\u00e7\u00e3o F\u00edsica e Esporte (EEFE) da USP e do Hospital das Cl\u00ednicas da Faculdade de Medicina (FM) da USP. A iniciativa busca minimizar a reincid\u00eancia da doen\u00e7a, com o aumento da resist\u00eancia f\u00edsica e melhora do sistema imunol\u00f3gico.<\/p>\n<p>O exerc\u00edcio f\u00edsico melhora a capacidade funcional, a composi\u00e7\u00e3o corporal, a atividade das c\u00e9lulas, o estado de humor e a qualidade de vida de pacientes com c\u00e2ncer. No caso espec\u00edfico das pacientes que passaram por mastectomia, o remo, por trabalhar principalmente a musculatura superior, ajuda no fortalecimento das \u00e1reas afetadas pela cirurgia. A indica\u00e7\u00e3o \u00e9 feita pois o c\u00e2ncer de mama n\u00e3o atinge exclusivamente os seios, mas toda a regi\u00e3o tor\u00e1cica.<\/p>\n<p>\u201cAl\u00e9m dos benef\u00edcios convencionais, o exerc\u00edcio para esses grupos em espec\u00edfico ainda est\u00e1 em estudo. Eu, por exemplo, terminei agora um p\u00f3s-doutorado que avalia a resposta imunol\u00f3gica desses acidentes ao est\u00edmulo do exerc\u00edcio. Atualmente estou fazendo outro p\u00f3s-doc para estudar a resposta cardiovascular, a press\u00e3o arterial por exemplo, pois \u00e9 muito comum que pacientes de c\u00e2ncer desenvolvem hipertens\u00e3o ap\u00f3s o tratamento\u201d, explica a coordenadora Aline Gurgel, formada em enfermagem em 2011 pela Universidade Federal do Rio Grande do Norte (UFRN) e Doutora pela Universidade de Glasgow (Esc\u00f3cia).<\/p>\n<p>Assim como nos demais esportes adaptados, os benef\u00edcios \u00e0 sa\u00fade s\u00e3o grandes protagonistas nas vidas das pessoas que participam, estimulando-as a buscar h\u00e1bitos de vida mais saud\u00e1veis e costume de praticar exerc\u00edcios f\u00edsicos. Por\u00e9m, o maior dos impactos \u00e9 na vida social e pessoal, o resgate e o desenvolvimento da autoestima, do censo de pertencimento e a eleva\u00e7\u00e3o da autoestima s\u00e3o os grandes aliados do Programa Remama, e de qualquer outro esporte coletivo.<\/p>\n<p>\u00c9 isso que algumas das participantes do programa fazem quest\u00e3o de relatar:<\/p>\n<p>\u201cO projeto mudou minha vida. A princ\u00edpio a doen\u00e7a era uma coisa terr\u00edvel, mas que agora se transformou em uma alegria, n\u00f3s criamos uma nova fam\u00edlia aqui, um novo v\u00ednculo\u201d. Rosangela Roman, integrante do projeto h\u00e1 quatro anos.<\/p>\n<p>\u201cPara mim est\u00e1 sendo sensacional, a minha vida mudou muito atrav\u00e9s do projeto. Eu sentia muita dorm\u00eancia e a partir do momento que eu comecei a remar tudo melhorou. Melhorou o sono, melhorou o meu humor e eu amo estar aqui\u201d. Rosalina Pereira, no projeto h\u00e1 dois anos.<\/p>\n<p>\u201cAqui eu descobri uma felicidade que estava dentro de mim e n\u00e3o sabia. Conheci essas mulheres maravilhosas e os professores, pessoas que me encantaram e que me fazem feliz\u201d. Leila Maria Pinheiro, no projeto h\u00e1 um ano e meio.<\/p>\n<p>Siga o canal \u201cGoverno de S\u00e3o Paulo\u201d no WhatsApp:<br \/><a href=\"https:\/\/bit.ly\/govspnozap\" target=\"_blank\" rel=\"noopener noreferrer\">https:\/\/bit.ly\/govspnozap<\/a><\/p>\n<\/p><\/div>\n<p><br \/>\n<br \/><a href=\"https:\/\/www.saopaulo.sp.gov.br\/spnoticias\/ultimas-noticias\/esportes-voltados-para-pessoas-com-deficiencia-promovem-integracao-e-qualidade-de-vida\/\" rel=\"noopener\">Informa\u00e7\u00f5es GOV.SP<\/a><\/p>\n","protected":false},"excerpt":{"rendered":"<p>&#13; O esporte adaptado garante sa\u00fade e inclus\u00e3o social para pessoas com defici\u00eancia As modalidades esportivas adaptadas para pessoas com defici\u00eancia (PCDs) s\u00e3o pr\u00e1ticas realizadas desde o meio do s\u00e9culo XX. A primeira edi\u00e7\u00e3o das Paralimp\u00edadas aconteceu em 1960, sediada em Roma, na It\u00e1lia; al\u00e9m dos jogos Parapan-Americanos, que tiveram in\u00edcio em 1967. Ambos seguem [&hellip;]<\/p>\n","protected":false},"author":1,"featured_media":4920,"comment_status":"open","ping_status":"open","sticky":false,"template":"","format":"standard","meta":{"_jetpack_newsletter_access":"","_jetpack_dont_email_post_to_subs":false,"_jetpack_newsletter_tier_id":0,"_jetpack_memberships_contains_paywalled_content":false,"_mbp_banners":[],"_jetpack_feature_clip_id":0,"_jetpack_memberships_contains_paid_content":false,"footnotes":"","jetpack_publicize_message":"","jetpack_publicize_feature_enabled":true,"jetpack_social_post_already_shared":true,"jetpack_social_options":{"image_generator_settings":{"template":"highway","default_image_id":0,"font":"","enabled":false},"version":2},"jetpack_post_was_ever_published":false},"categories":[21],"tags":[],"class_list":["post-4919","post","type-post","status-publish","format-standard","has-post-thumbnail","category-sp-news"],"jetpack_publicize_connections":[],"jetpack-related-posts":[],"jetpack_shortlink":"https:\/\/wp.me\/p7Eq1F-1hl","jetpack_sharing_enabled":true,"jetpack_featured_media_url":"https:\/\/i0.wp.com\/guialimeira.com.br\/news\/wp-content\/uploads\/2024\/05\/Esporte-para-pessoas-com-deficiencia-promovem-qualidade-de-vida.jpg?fit=300%2C200&ssl=1","_links":{"self":[{"href":"https:\/\/guialimeira.com.br\/news\/wp-json\/wp\/v2\/posts\/4919","targetHints":{"allow":["GET"]}}],"collection":[{"href":"https:\/\/guialimeira.com.br\/news\/wp-json\/wp\/v2\/posts"}],"about":[{"href":"https:\/\/guialimeira.com.br\/news\/wp-json\/wp\/v2\/types\/post"}],"author":[{"embeddable":true,"href":"https:\/\/guialimeira.com.br\/news\/wp-json\/wp\/v2\/users\/1"}],"replies":[{"embeddable":true,"href":"https:\/\/guialimeira.com.br\/news\/wp-json\/wp\/v2\/comments?post=4919"}],"version-history":[{"count":0,"href":"https:\/\/guialimeira.com.br\/news\/wp-json\/wp\/v2\/posts\/4919\/revisions"}],"wp:featuredmedia":[{"embeddable":true,"href":"https:\/\/guialimeira.com.br\/news\/wp-json\/wp\/v2\/media\/4920"}],"wp:attachment":[{"href":"https:\/\/guialimeira.com.br\/news\/wp-json\/wp\/v2\/media?parent=4919"}],"wp:term":[{"taxonomy":"category","embeddable":true,"href":"https:\/\/guialimeira.com.br\/news\/wp-json\/wp\/v2\/categories?post=4919"},{"taxonomy":"post_tag","embeddable":true,"href":"https:\/\/guialimeira.com.br\/news\/wp-json\/wp\/v2\/tags?post=4919"}],"curies":[{"name":"wp","href":"https:\/\/api.w.org\/{rel}","templated":true}]}}