{"id":49139,"date":"2025-10-31T17:01:55","date_gmt":"2025-10-31T20:01:55","guid":{"rendered":"https:\/\/guialimeira.com.br\/?p=49139"},"modified":"2025-10-31T17:01:55","modified_gmt":"2025-10-31T20:01:55","slug":"cordeiropolis-inicia-campanha-novembro-azul-com-exames-para-rastreio-do-cancer-de-prostata-prefeitura-municipal-de-cordeiropolis","status":"publish","type":"post","link":"https:\/\/guialimeira.com.br\/news\/cordeiropolis-inicia-campanha-novembro-azul-com-exames-para-rastreio-do-cancer-de-prostata-prefeitura-municipal-de-cordeiropolis\/","title":{"rendered":"Cordeir\u00f3polis inicia campanha Novembro Azul com exames para rastreio do c\u00e2ncer de pr\u00f3stata \u2013 Prefeitura Municipal de Cordeir\u00f3polis"},"content":{"rendered":"<p> <br \/>\n<\/p>\n<div>\n<p>A Prefeitura de Cordeir\u00f3polis, por meio da Secretaria de Sa\u00fade, inicia na segunda-feira (3) a campanha Novembro Azul, dedicada ao rastreio e \u00e0 preven\u00e7\u00e3o do c\u00e2ncer de pr\u00f3stata, uma das doen\u00e7as que mais afetam a sa\u00fade masculina no Brasil.<\/p>\n<p>A campanha \u00e9 destinada a homens com 50 anos ou mais, que poder\u00e3o realizar exames laboratoriais gratuitos at\u00e9 28 de novembro. Para participar, os interessados devem fazer a inscri\u00e7\u00e3o diretamente na unidade de sa\u00fade mais pr\u00f3xima, onde receber\u00e3o as orienta\u00e7\u00f5es necess\u00e1rias.<\/p>\n<p>\u201cCom essa campanha, buscamos conscientizar a popula\u00e7\u00e3o de que cuidar de sa\u00fade tamb\u00e9m \u00e9 coisa de homem. O objetivo \u00e9 refor\u00e7ar a import\u00e2ncia do diagn\u00f3stico precoce, da preven\u00e7\u00e3o e do cuidado cont\u00ednuo\u201d, ressalta a secret\u00e1ria de Sa\u00fade, Regiane Portes Mendes.<\/p>\n<\/p><\/div>\n<p><br \/>\n<br \/><a href=\"https:\/\/www.cordeiropolis.sp.gov.br\/cordeiropolis-inicia-campanha-novembro-azul-com-exames-para-rastreio-do-cancer-de-prostata\/\" rel=\"noopener\">Informa\u00e7\u00f5es Cordeir\u00f3polis <\/a><\/p>\n","protected":false},"excerpt":{"rendered":"<p>A Prefeitura de Cordeir\u00f3polis, por meio da Secretaria de Sa\u00fade, inicia na segunda-feira (3) a campanha Novembro Azul, dedicada ao rastreio e \u00e0 preven\u00e7\u00e3o do c\u00e2ncer de pr\u00f3stata, uma das doen\u00e7as que mais afetam a sa\u00fade masculina no Brasil. A campanha \u00e9 destinada a homens com 50 anos ou mais, que poder\u00e3o realizar exames laboratoriais [&hellip;]<\/p>\n","protected":false},"author":1,"featured_media":0,"comment_status":"open","ping_status":"open","sticky":false,"template":"","format":"standard","meta":{"_jetpack_newsletter_access":"","_jetpack_dont_email_post_to_subs":false,"_jetpack_newsletter_tier_id":0,"_jetpack_memberships_contains_paywalled_content":false,"_mbp_banners":[],"_jetpack_feature_clip_id":0,"_jetpack_memberships_contains_paid_content":false,"footnotes":"","jetpack_publicize_message":"","jetpack_publicize_feature_enabled":true,"jetpack_social_post_already_shared":true,"jetpack_social_options":{"image_generator_settings":{"template":"highway","default_image_id":0,"font":"","enabled":false},"version":2},"jetpack_post_was_ever_published":false},"categories":[20],"tags":[],"class_list":["post-49139","post","type-post","status-publish","format-standard","category-regiao"],"jetpack_publicize_connections":[],"jetpack-related-posts":[],"jetpack_shortlink":"https:\/\/wp.me\/p7Eq1F-cMz","jetpack_sharing_enabled":true,"jetpack_featured_media_url":"","_links":{"self":[{"href":"https:\/\/guialimeira.com.br\/news\/wp-json\/wp\/v2\/posts\/49139","targetHints":{"allow":["GET"]}}],"collection":[{"href":"https:\/\/guialimeira.com.br\/news\/wp-json\/wp\/v2\/posts"}],"about":[{"href":"https:\/\/guialimeira.com.br\/news\/wp-json\/wp\/v2\/types\/post"}],"author":[{"embeddable":true,"href":"https:\/\/guialimeira.com.br\/news\/wp-json\/wp\/v2\/users\/1"}],"replies":[{"embeddable":true,"href":"https:\/\/guialimeira.com.br\/news\/wp-json\/wp\/v2\/comments?post=49139"}],"version-history":[{"count":1,"href":"https:\/\/guialimeira.com.br\/news\/wp-json\/wp\/v2\/posts\/49139\/revisions"}],"predecessor-version":[{"id":49140,"href":"https:\/\/guialimeira.com.br\/news\/wp-json\/wp\/v2\/posts\/49139\/revisions\/49140"}],"wp:attachment":[{"href":"https:\/\/guialimeira.com.br\/news\/wp-json\/wp\/v2\/media?parent=49139"}],"wp:term":[{"taxonomy":"category","embeddable":true,"href":"https:\/\/guialimeira.com.br\/news\/wp-json\/wp\/v2\/categories?post=49139"},{"taxonomy":"post_tag","embeddable":true,"href":"https:\/\/guialimeira.com.br\/news\/wp-json\/wp\/v2\/tags?post=49139"}],"curies":[{"name":"wp","href":"https:\/\/api.w.org\/{rel}","templated":true}]}}