{"id":49087,"date":"2025-10-30T17:30:18","date_gmt":"2025-10-30T20:30:18","guid":{"rendered":"https:\/\/guialimeira.com.br\/?p=49087"},"modified":"2025-10-30T17:30:18","modified_gmt":"2025-10-30T20:30:18","slug":"capela-do-cemiterio-municipal-passa-por-revitalizacao-e-recebera-missa-no-finados-prefeitura-municipal-de-cordeiropolis","status":"publish","type":"post","link":"https:\/\/guialimeira.com.br\/news\/capela-do-cemiterio-municipal-passa-por-revitalizacao-e-recebera-missa-no-finados-prefeitura-municipal-de-cordeiropolis\/","title":{"rendered":"Capela do cemit\u00e9rio municipal passa por revitaliza\u00e7\u00e3o e receber\u00e1 missa no Finados \u2013 Prefeitura Municipal de Cordeir\u00f3polis"},"content":{"rendered":"<p> <br \/>\n<\/p>\n<div>\n<p>A capela localizada no Cemit\u00e9rio Municipal de Cordeir\u00f3polis foi revitalizada pela prefeitura. O trabalho foi executado pela Secretaria de Servi\u00e7os P\u00fablicos com materiais doados ou reaproveitados. A capela recebeu pintura da parte interna, externa, do telhado, do port\u00e3o e dos bancos; reparo e pintura no piso externo; troca de fechaduras; troca de vidros; e conserto dos ventiladores.<\/p>\n<p>Com a reforma, a capela receber\u00e1 missas no Dia de Finados, celebrado neste domingo (2). As missas ser\u00e3o \u00e0s 10h e \u00e0s 16h. Ainda no domingo, acontecem missas \u00e0s 7h, na Matriz de Santo Ant\u00f4nio; \u00e0s 8h, no Cemit\u00e9rio de Cascalho; e \u00e0s 18h, na Comunidade Nossa Senhora Aparecida.<\/p>\n<p>Ainda em prepara\u00e7\u00e3o para o Finados, toda a \u00e1rea do cemit\u00e9rio tamb\u00e9m passou por melhorias pela Secretaria de Servi\u00e7os P\u00fablicos, como pintura de guias e do muro e zeladoria das ruas internas.<\/p>\n<figure class=\"wp-block-image size-large\"><\/figure>\n<\/p><\/div>\n<p><br \/>\n<br \/><a href=\"https:\/\/www.cordeiropolis.sp.gov.br\/capela-do-cemiterio-municipal-passa-por-revitalizacao-e-recebera-missa-no-finados\/\" rel=\"noopener\">Informa\u00e7\u00f5es Cordeir\u00f3polis <\/a><\/p>\n","protected":false},"excerpt":{"rendered":"<p>A capela localizada no Cemit\u00e9rio Municipal de Cordeir\u00f3polis foi revitalizada pela prefeitura. O trabalho foi executado pela Secretaria de Servi\u00e7os P\u00fablicos com materiais doados ou reaproveitados. A capela recebeu pintura da parte interna, externa, do telhado, do port\u00e3o e dos bancos; reparo e pintura no piso externo; troca de fechaduras; troca de vidros; e conserto [&hellip;]<\/p>\n","protected":false},"author":1,"featured_media":49088,"comment_status":"open","ping_status":"open","sticky":false,"template":"","format":"standard","meta":{"_jetpack_newsletter_access":"","_jetpack_dont_email_post_to_subs":false,"_jetpack_newsletter_tier_id":0,"_jetpack_memberships_contains_paywalled_content":false,"_mbp_banners":[],"_jetpack_feature_clip_id":0,"_jetpack_memberships_contains_paid_content":false,"footnotes":"","jetpack_publicize_message":"","jetpack_publicize_feature_enabled":true,"jetpack_social_post_already_shared":true,"jetpack_social_options":{"image_generator_settings":{"template":"highway","default_image_id":0,"font":"","enabled":false},"version":2},"jetpack_post_was_ever_published":false},"categories":[20],"tags":[],"class_list":["post-49087","post","type-post","status-publish","format-standard","has-post-thumbnail","category-regiao"],"jetpack_publicize_connections":[],"jetpack-related-posts":[],"jetpack_shortlink":"https:\/\/wp.me\/p7Eq1F-cLJ","jetpack_sharing_enabled":true,"jetpack_featured_media_url":"https:\/\/i0.wp.com\/guialimeira.com.br\/news\/wp-content\/uploads\/2025\/10\/Capela-do-cemiterio-municipal-passa-por-revitalizacao-e-recebera-missa.jpg?fit=1024%2C577&ssl=1","_links":{"self":[{"href":"https:\/\/guialimeira.com.br\/news\/wp-json\/wp\/v2\/posts\/49087","targetHints":{"allow":["GET"]}}],"collection":[{"href":"https:\/\/guialimeira.com.br\/news\/wp-json\/wp\/v2\/posts"}],"about":[{"href":"https:\/\/guialimeira.com.br\/news\/wp-json\/wp\/v2\/types\/post"}],"author":[{"embeddable":true,"href":"https:\/\/guialimeira.com.br\/news\/wp-json\/wp\/v2\/users\/1"}],"replies":[{"embeddable":true,"href":"https:\/\/guialimeira.com.br\/news\/wp-json\/wp\/v2\/comments?post=49087"}],"version-history":[{"count":1,"href":"https:\/\/guialimeira.com.br\/news\/wp-json\/wp\/v2\/posts\/49087\/revisions"}],"predecessor-version":[{"id":49089,"href":"https:\/\/guialimeira.com.br\/news\/wp-json\/wp\/v2\/posts\/49087\/revisions\/49089"}],"wp:featuredmedia":[{"embeddable":true,"href":"https:\/\/guialimeira.com.br\/news\/wp-json\/wp\/v2\/media\/49088"}],"wp:attachment":[{"href":"https:\/\/guialimeira.com.br\/news\/wp-json\/wp\/v2\/media?parent=49087"}],"wp:term":[{"taxonomy":"category","embeddable":true,"href":"https:\/\/guialimeira.com.br\/news\/wp-json\/wp\/v2\/categories?post=49087"},{"taxonomy":"post_tag","embeddable":true,"href":"https:\/\/guialimeira.com.br\/news\/wp-json\/wp\/v2\/tags?post=49087"}],"curies":[{"name":"wp","href":"https:\/\/api.w.org\/{rel}","templated":true}]}}