{"id":49020,"date":"2025-10-29T17:55:49","date_gmt":"2025-10-29T20:55:49","guid":{"rendered":"https:\/\/guialimeira.com.br\/?p=49020"},"modified":"2025-10-29T17:55:49","modified_gmt":"2025-10-29T20:55:49","slug":"prefeitura-de-cordeiropolis-antecipa-primeira-parcela-do-13o-salario-aos-servidores-prefeitura-municipal-de-cordeiropolis","status":"publish","type":"post","link":"https:\/\/guialimeira.com.br\/news\/prefeitura-de-cordeiropolis-antecipa-primeira-parcela-do-13o-salario-aos-servidores-prefeitura-municipal-de-cordeiropolis\/","title":{"rendered":"Prefeitura de Cordeir\u00f3polis antecipa primeira parcela do 13\u00ba sal\u00e1rio aos servidores \u2013 Prefeitura Municipal de Cordeir\u00f3polis"},"content":{"rendered":"<p> <br \/>\n<\/p>\n<div>\n<p>A Prefeitura de Cordeir\u00f3polis realizar\u00e1 no dia 4 de novembro o pagamento antecipado da primeira parcela do 13\u00ba sal\u00e1rio aos servidores efetivos e comissionados. A medida foi anunciada pela prefeita Cristina Saad e pelo vice-prefeito Anderson Hespanhol Pique. A segunda parcela do 13\u00ba sal\u00e1rio est\u00e1 prevista para 10 de dezembro.<\/p>\n<p>\u201cS\u00f3 com a primeira parcela, vamos injetar quase R$ 2 milh\u00f5es na economia local, contribuindo diretamente para o aquecimento do com\u00e9rcio do munic\u00edpio\u201d, afirmaram Cristina e Pique. \u201c\u00c9 o reconhecimento ao trabalho de cada servidor que cuida da nossa cidade com dedica\u00e7\u00e3o, esfor\u00e7o e carinho. Nossa gratid\u00e3o a todos que fazem a diferen\u00e7a na vida da nossa popula\u00e7\u00e3o\u201d, destacaram.<\/p>\n<p>A antecipa\u00e7\u00e3o do 13\u00ba \u00e9 v\u00e1lida apenas para os servidores concursados e comissionados da prefeitura. No caso de terceirizados, o pagamento seguir\u00e1 o cronograma das empresas prestadoras de servi\u00e7o.<\/p>\n<\/p><\/div>\n<p><br \/>\n<br \/><a href=\"https:\/\/www.cordeiropolis.sp.gov.br\/prefeitura-de-cordeiropolis-antecipa-primeira-parcela-do-13o-salario-aos-servidores\/\" rel=\"noopener\">Informa\u00e7\u00f5es Cordeir\u00f3polis <\/a><\/p>\n","protected":false},"excerpt":{"rendered":"<p>A Prefeitura de Cordeir\u00f3polis realizar\u00e1 no dia 4 de novembro o pagamento antecipado da primeira parcela do 13\u00ba sal\u00e1rio aos servidores efetivos e comissionados. A medida foi anunciada pela prefeita Cristina Saad e pelo vice-prefeito Anderson Hespanhol Pique. A segunda parcela do 13\u00ba sal\u00e1rio est\u00e1 prevista para 10 de dezembro. \u201cS\u00f3 com a primeira parcela, [&hellip;]<\/p>\n","protected":false},"author":1,"featured_media":0,"comment_status":"open","ping_status":"open","sticky":false,"template":"","format":"standard","meta":{"_jetpack_newsletter_access":"","_jetpack_dont_email_post_to_subs":false,"_jetpack_newsletter_tier_id":0,"_jetpack_memberships_contains_paywalled_content":false,"_mbp_banners":[],"_jetpack_feature_clip_id":0,"_jetpack_memberships_contains_paid_content":false,"footnotes":"","jetpack_publicize_message":"","jetpack_publicize_feature_enabled":true,"jetpack_social_post_already_shared":true,"jetpack_social_options":{"image_generator_settings":{"template":"highway","default_image_id":0,"font":"","enabled":false},"version":2},"jetpack_post_was_ever_published":false},"categories":[20],"tags":[],"class_list":["post-49020","post","type-post","status-publish","format-standard","category-regiao"],"jetpack_publicize_connections":[],"jetpack-related-posts":[],"jetpack_shortlink":"https:\/\/wp.me\/p7Eq1F-cKE","jetpack_sharing_enabled":true,"jetpack_featured_media_url":"","_links":{"self":[{"href":"https:\/\/guialimeira.com.br\/news\/wp-json\/wp\/v2\/posts\/49020","targetHints":{"allow":["GET"]}}],"collection":[{"href":"https:\/\/guialimeira.com.br\/news\/wp-json\/wp\/v2\/posts"}],"about":[{"href":"https:\/\/guialimeira.com.br\/news\/wp-json\/wp\/v2\/types\/post"}],"author":[{"embeddable":true,"href":"https:\/\/guialimeira.com.br\/news\/wp-json\/wp\/v2\/users\/1"}],"replies":[{"embeddable":true,"href":"https:\/\/guialimeira.com.br\/news\/wp-json\/wp\/v2\/comments?post=49020"}],"version-history":[{"count":1,"href":"https:\/\/guialimeira.com.br\/news\/wp-json\/wp\/v2\/posts\/49020\/revisions"}],"predecessor-version":[{"id":49021,"href":"https:\/\/guialimeira.com.br\/news\/wp-json\/wp\/v2\/posts\/49020\/revisions\/49021"}],"wp:attachment":[{"href":"https:\/\/guialimeira.com.br\/news\/wp-json\/wp\/v2\/media?parent=49020"}],"wp:term":[{"taxonomy":"category","embeddable":true,"href":"https:\/\/guialimeira.com.br\/news\/wp-json\/wp\/v2\/categories?post=49020"},{"taxonomy":"post_tag","embeddable":true,"href":"https:\/\/guialimeira.com.br\/news\/wp-json\/wp\/v2\/tags?post=49020"}],"curies":[{"name":"wp","href":"https:\/\/api.w.org\/{rel}","templated":true}]}}