{"id":48999,"date":"2025-10-29T14:57:57","date_gmt":"2025-10-29T17:57:57","guid":{"rendered":"https:\/\/guialimeira.com.br\/camara-realiza-palestra-sobre-prevencao-a-quedas-para-grupo-esperanca-e-vida-na-paroquia-nossa-senhora-de-lourdes\/"},"modified":"2025-10-29T14:57:57","modified_gmt":"2025-10-29T17:57:57","slug":"camara-realiza-palestra-sobre-prevencao-a-quedas-para-grupo-esperanca-e-vida-na-paroquia-nossa-senhora-de-lourdes","status":"publish","type":"post","link":"https:\/\/guialimeira.com.br\/news\/camara-realiza-palestra-sobre-prevencao-a-quedas-para-grupo-esperanca-e-vida-na-paroquia-nossa-senhora-de-lourdes\/","title":{"rendered":"C\u00e2mara realiza palestra sobre preven\u00e7\u00e3o a quedas para grupo \u2018\u2019Esperan\u00e7a e Vida\u2019\u2019 na Par\u00f3quia Nossa Senhora de Lourdes"},"content":{"rendered":"<p><img data-recalc-dims=\"1\" decoding=\"async\" src=\"https:\/\/i0.wp.com\/www.limeira.sp.leg.br\/assets\/uploads\/noticia\/2025-10-29_camara-realiza-palestra-sobre-prevencao-a-quedas-para-grupo-esperanca-e-vida-na-paroquia-nossa-senhora-de-lourdes_1.jpg?w=696&#038;ssl=1\" alt=\"C\u00e2mara realiza palestra sobre preven\u00e7\u00e3o a quedas para grupo \u2018\u2019Esperan\u00e7a e Vida\u2019\u2019 na Par\u00f3quia Nossa Senhora de Lourdes\" \/><\/p>\n<p>C\u00e2mara realiza palestra sobre preven\u00e7\u00e3o a quedas para grupo \u2018\u2019Esperan\u00e7a e Vida\u2019\u2019 na Par\u00f3quia Nossa Senhora de Lourdes<\/p>\n<p><a href=\"https:\/\/www.limeira.sp.leg.br\/noticias\/view\/2025-10-29_camara-realiza-palestra-sobre-prevencao-a-quedas-para-grupo-esperanca-e-vida-na-paroquia-nossa-senhora-de-lourdes\" rel=\"noopener\">Exibir artigo<\/a><\/p>\n<p><a href=\"https:\/\/www.limeira.sp.leg.br\/noticias\/view\/2025-10-29_camara-realiza-palestra-sobre-prevencao-a-quedas-para-grupo-esperanca-e-vida-na-paroquia-nossa-senhora-de-lourdes\" target=\"_blank\" rel=\"noopener\">Read original article<\/a><\/p>\n","protected":false},"excerpt":{"rendered":"<p><img decoding=\"async\" src=\"https:\/\/www.limeira.sp.leg.br\/assets\/uploads\/noticia\/2025-10-29_camara-realiza-palestra-sobre-prevencao-a-quedas-para-grupo-esperanca-e-vida-na-paroquia-nossa-senhora-de-lourdes_1.jpg\" alt=\"C\u00e2mara realiza palestra sobre preven\u00e7\u00e3o a quedas para grupo \u2018\u2019Esperan\u00e7a e Vida\u2019\u2019 na Par\u00f3quia Nossa Senhora de Lourdes\" \/><\/p>\n<p>C\u00e2mara realiza palestra sobre preven\u00e7\u00e3o a quedas para grupo \u2018\u2019Esperan\u00e7a e Vida\u2019\u2019 na Par\u00f3quia Nossa Senhora de Lourdes<\/p>\n<p><a href=\"https:\/\/www.limeira.sp.leg.br\/noticias\/view\/2025-10-29_camara-realiza-palestra-sobre-prevencao-a-quedas-para-grupo-esperanca-e-vida-na-paroquia-nossa-senhora-de-lourdes\">Exibir artigo<\/a><\/p>\n","protected":false},"author":4,"featured_media":0,"comment_status":"open","ping_status":"open","sticky":false,"template":"","format":"standard","meta":{"_jetpack_newsletter_access":"","_jetpack_dont_email_post_to_subs":false,"_jetpack_newsletter_tier_id":0,"_jetpack_memberships_contains_paywalled_content":false,"_mbp_banners":[],"_jetpack_feature_clip_id":0,"_jetpack_memberships_contains_paid_content":false,"footnotes":"","jetpack_publicize_message":"","jetpack_publicize_feature_enabled":true,"jetpack_social_post_already_shared":true,"jetpack_social_options":{"image_generator_settings":{"template":"highway","default_image_id":0,"font":"","enabled":false},"version":2},"jetpack_post_was_ever_published":false},"categories":[1],"tags":[],"class_list":["post-48999","post","type-post","status-publish","format-standard","category-geral"],"jetpack_publicize_connections":[],"jetpack-related-posts":[],"jetpack_shortlink":"https:\/\/wp.me\/p7Eq1F-cKj","jetpack_sharing_enabled":true,"jetpack_featured_media_url":"","_links":{"self":[{"href":"https:\/\/guialimeira.com.br\/news\/wp-json\/wp\/v2\/posts\/48999","targetHints":{"allow":["GET"]}}],"collection":[{"href":"https:\/\/guialimeira.com.br\/news\/wp-json\/wp\/v2\/posts"}],"about":[{"href":"https:\/\/guialimeira.com.br\/news\/wp-json\/wp\/v2\/types\/post"}],"author":[{"embeddable":true,"href":"https:\/\/guialimeira.com.br\/news\/wp-json\/wp\/v2\/users\/4"}],"replies":[{"embeddable":true,"href":"https:\/\/guialimeira.com.br\/news\/wp-json\/wp\/v2\/comments?post=48999"}],"version-history":[{"count":0,"href":"https:\/\/guialimeira.com.br\/news\/wp-json\/wp\/v2\/posts\/48999\/revisions"}],"wp:attachment":[{"href":"https:\/\/guialimeira.com.br\/news\/wp-json\/wp\/v2\/media?parent=48999"}],"wp:term":[{"taxonomy":"category","embeddable":true,"href":"https:\/\/guialimeira.com.br\/news\/wp-json\/wp\/v2\/categories?post=48999"},{"taxonomy":"post_tag","embeddable":true,"href":"https:\/\/guialimeira.com.br\/news\/wp-json\/wp\/v2\/tags?post=48999"}],"curies":[{"name":"wp","href":"https:\/\/api.w.org\/{rel}","templated":true}]}}