{"id":48989,"date":"2025-10-29T12:48:45","date_gmt":"2025-10-29T15:48:45","guid":{"rendered":"https:\/\/guialimeira.com.br\/?p=48989"},"modified":"2025-10-29T12:48:45","modified_gmt":"2025-10-29T15:48:45","slug":"bairros-de-cordeiropolis-recebem-dedetizacao-na-rede-de-esgoto-prefeitura-municipal-de-cordeiropolis","status":"publish","type":"post","link":"https:\/\/guialimeira.com.br\/news\/bairros-de-cordeiropolis-recebem-dedetizacao-na-rede-de-esgoto-prefeitura-municipal-de-cordeiropolis\/","title":{"rendered":"Bairros de Cordeir\u00f3polis recebem dedetiza\u00e7\u00e3o na rede de esgoto \u2013 Prefeitura Municipal de Cordeir\u00f3polis"},"content":{"rendered":"<p> <br \/>\n<\/p>\n<div>\n<p>A Prefeitura de Cordeir\u00f3polis informa que a cidade receber\u00e1 nos pr\u00f3ximos dias a dedetiza\u00e7\u00e3o (termonebuliza\u00e7\u00e3o) na rede de esgoto. O objetivo \u00e9 controlar pragas urbanas, como baratas e ratos. Durante o processo, a orienta\u00e7\u00e3o \u00e9 que as pessoas mantenham ralos fechados. O cuidado deve ser redobrado em caso de animais na resid\u00eancia.<\/p>\n<p>Um carro de som passa por toda a cidade para avisar sobre o cronograma. Confira:<\/p>\n<p>15\/10\/2025: Jardim Eldorado \/ Jardim Cordeiro<\/p>\n<p>16\/10\/2025: Jd. Cordeiro II \/ Lot. Industrial e Comercial Faliminio Levy \/ Distrito Industrial<\/p>\n<p>17\/10\/2025: Jd. Paraty \/ C.H S\u00e3o Jos\u00e9 \/ S\u00e3o Jos\u00e9 II \/ V;. Dona Loni Levy \/ Vila S\u00e3o Jos\u00e9 \/ Jd. Bela Vista<\/p>\n<p>20\/10\/2025: S\u00e3o Jos\u00e9 \/ Jardim Bela Vista \/ C.H Sta Luzia \/ Jardim Lise<\/p>\n<p>21\/10\/2025: Jardim Progresso \/ Jardim S\u00e3o Francisco<\/p>\n<p>22\/10\/2025: Jardim S\u00e3o Luiz \/ V. Botion<\/p>\n<p>23\/10\/2025: Jardim Floren\u00e7a \/ jardim S\u00e3o Pedro \/ Jardim S\u00e3o Paulo \/ Jardim Modulo<\/p>\n<p>24\/10\/2025: Centro \/ Desm. Fernando Barros Ratto\/V. Lidia \/ Desm. Odecio Roland \/ Desm. Jafet \/ V. Sto Antonio<\/p>\n<p>27\/10\/2025: V. dos Pinheiros \/ Desm. Leandro Boteon \/ Vila Nova Brasilia<\/p>\n<p>28\/10\/2025: Res. Santa Rita \/ Jd. Jos\u00e9 Corte \/ Jd. Juventude \/ V. Olympia \/ V. N. Senhora Aparecida \/ Jd. Planalto \/ Desm. Mendes<\/p>\n<p>29\/10\/2025: V. dos Pinheiros \/ V. Primavera \/ V. Pereira \/ Jd. Residencial do Bosque<\/p>\n<p>30\/10\/2025: V. Barbosa \/ Jd. Paraiso \/ Portal das Torres \/ Assentamento Sta. Rita<\/p>\n<p>31\/10\/2025: Cascalho \/ Eng\u00ba Velho \/ Desm. Agostinho Trindade da Silva \/ Loteamento Industrial Pedro Boldrini<\/p>\n<\/p><\/div>\n<p><br \/>\n<br \/><a href=\"https:\/\/www.cordeiropolis.sp.gov.br\/bairros-de-cordeiropolis-recebem-dedetizacao-na-rede-de-esgoto\/\" rel=\"noopener\">Informa\u00e7\u00f5es Cordeir\u00f3polis <\/a><\/p>\n","protected":false},"excerpt":{"rendered":"<p>A Prefeitura de Cordeir\u00f3polis informa que a cidade receber\u00e1 nos pr\u00f3ximos dias a dedetiza\u00e7\u00e3o (termonebuliza\u00e7\u00e3o) na rede de esgoto. O objetivo \u00e9 controlar pragas urbanas, como baratas e ratos. Durante o processo, a orienta\u00e7\u00e3o \u00e9 que as pessoas mantenham ralos fechados. O cuidado deve ser redobrado em caso de animais na resid\u00eancia. Um carro de [&hellip;]<\/p>\n","protected":false},"author":1,"featured_media":0,"comment_status":"open","ping_status":"open","sticky":false,"template":"","format":"standard","meta":{"_jetpack_newsletter_access":"","_jetpack_dont_email_post_to_subs":false,"_jetpack_newsletter_tier_id":0,"_jetpack_memberships_contains_paywalled_content":false,"_mbp_banners":[],"_jetpack_feature_clip_id":0,"_jetpack_memberships_contains_paid_content":false,"footnotes":"","jetpack_publicize_message":"","jetpack_publicize_feature_enabled":true,"jetpack_social_post_already_shared":true,"jetpack_social_options":{"image_generator_settings":{"template":"highway","default_image_id":0,"font":"","enabled":false},"version":2},"jetpack_post_was_ever_published":false},"categories":[20],"tags":[],"class_list":["post-48989","post","type-post","status-publish","format-standard","category-regiao"],"jetpack_publicize_connections":[],"jetpack-related-posts":[],"jetpack_shortlink":"https:\/\/wp.me\/p7Eq1F-cK9","jetpack_sharing_enabled":true,"jetpack_featured_media_url":"","_links":{"self":[{"href":"https:\/\/guialimeira.com.br\/news\/wp-json\/wp\/v2\/posts\/48989","targetHints":{"allow":["GET"]}}],"collection":[{"href":"https:\/\/guialimeira.com.br\/news\/wp-json\/wp\/v2\/posts"}],"about":[{"href":"https:\/\/guialimeira.com.br\/news\/wp-json\/wp\/v2\/types\/post"}],"author":[{"embeddable":true,"href":"https:\/\/guialimeira.com.br\/news\/wp-json\/wp\/v2\/users\/1"}],"replies":[{"embeddable":true,"href":"https:\/\/guialimeira.com.br\/news\/wp-json\/wp\/v2\/comments?post=48989"}],"version-history":[{"count":1,"href":"https:\/\/guialimeira.com.br\/news\/wp-json\/wp\/v2\/posts\/48989\/revisions"}],"predecessor-version":[{"id":48990,"href":"https:\/\/guialimeira.com.br\/news\/wp-json\/wp\/v2\/posts\/48989\/revisions\/48990"}],"wp:attachment":[{"href":"https:\/\/guialimeira.com.br\/news\/wp-json\/wp\/v2\/media?parent=48989"}],"wp:term":[{"taxonomy":"category","embeddable":true,"href":"https:\/\/guialimeira.com.br\/news\/wp-json\/wp\/v2\/categories?post=48989"},{"taxonomy":"post_tag","embeddable":true,"href":"https:\/\/guialimeira.com.br\/news\/wp-json\/wp\/v2\/tags?post=48989"}],"curies":[{"name":"wp","href":"https:\/\/api.w.org\/{rel}","templated":true}]}}