{"id":48984,"date":"2025-10-29T11:46:44","date_gmt":"2025-10-29T14:46:44","guid":{"rendered":"https:\/\/guialimeira.com.br\/?p=48984"},"modified":"2025-10-29T11:46:44","modified_gmt":"2025-10-29T14:46:44","slug":"quadras-do-jardim-cordeiro-comecam-a-ganhar-forma-prefeitura-municipal-de-cordeiropolis","status":"publish","type":"post","link":"https:\/\/guialimeira.com.br\/news\/quadras-do-jardim-cordeiro-comecam-a-ganhar-forma-prefeitura-municipal-de-cordeiropolis\/","title":{"rendered":"Quadras do Jardim Cordeiro come\u00e7am a ganhar forma \u2013 Prefeitura Municipal de Cordeir\u00f3polis"},"content":{"rendered":"<p> <br \/>\n<\/p>\n<div>\n<p>As quadras poliesportiva e de areia do Jardim Cordeiro come\u00e7aram a ser constru\u00eddas. No in\u00edcio do m\u00eas, a Secretaria de Servi\u00e7os P\u00fablicos realizou a terraplenagem do espa\u00e7o \u2013 um investimento de, aproximadamente, R$ 63 mil. Na \u00faltima semana, a empresa respons\u00e1vel pelas obras realizou a constru\u00e7\u00e3o do contrapiso da quadra. As pr\u00f3ximas etapas s\u00e3o drenagem e pintura do espa\u00e7o.<\/p>\n<p>\u201cA popula\u00e7\u00e3o pediu muito que olh\u00e1ssemos para esse bairro. E foi pensando nisso que tiramos do papel mais essa obra, que vai garantir um espa\u00e7o de qualidade para os moradores aqui do Jd. Cordeiro e de toda a regi\u00e3o para a pr\u00e1tica de esporte e de lazer\u201d, afirmou a prefeita Cristina Saad. O prazo da obra \u00e9 de 90 dias. A Secretaria de Obras e Planejamento fiscaliza os trabalhos.<\/p>\n<p>O investimento na constru\u00e7\u00e3o do espa\u00e7o esportivo \u00e9 de R$ 208,9 mil. Uma parte \u00e9 de contrapartida do munic\u00edpio, enquanto outra parte dos recursos \u00e9 de uma emenda parlamentar, que foram direcionadas para a quadra ap\u00f3s tratativa do vereador Diego Fabiano. As quadras ter\u00e3o espa\u00e7o para v\u00f4lei, futsal, basquete e futev\u00f4lei.<\/p>\n<figure class=\"wp-block-gallery has-nested-images columns-default is-cropped wp-block-gallery-1 is-layout-flex wp-block-gallery-is-layout-flex\">\n<figure class=\"wp-block-image size-large\"><\/figure>\n<\/figure><\/div>\n<p><br \/>\n<br \/><a href=\"https:\/\/www.cordeiropolis.sp.gov.br\/quadras-do-jardim-cordeiro-comecam-a-ganhar-forma\/\" rel=\"noopener\">Informa\u00e7\u00f5es Cordeir\u00f3polis <\/a><\/p>\n","protected":false},"excerpt":{"rendered":"<p>As quadras poliesportiva e de areia do Jardim Cordeiro come\u00e7aram a ser constru\u00eddas. No in\u00edcio do m\u00eas, a Secretaria de Servi\u00e7os P\u00fablicos realizou a terraplenagem do espa\u00e7o \u2013 um investimento de, aproximadamente, R$ 63 mil. Na \u00faltima semana, a empresa respons\u00e1vel pelas obras realizou a constru\u00e7\u00e3o do contrapiso da quadra. As pr\u00f3ximas etapas s\u00e3o drenagem [&hellip;]<\/p>\n","protected":false},"author":1,"featured_media":48985,"comment_status":"open","ping_status":"open","sticky":false,"template":"","format":"standard","meta":{"_jetpack_newsletter_access":"","_jetpack_dont_email_post_to_subs":false,"_jetpack_newsletter_tier_id":0,"_jetpack_memberships_contains_paywalled_content":false,"_mbp_banners":[],"_jetpack_feature_clip_id":0,"_jetpack_memberships_contains_paid_content":false,"footnotes":"","jetpack_publicize_message":"","jetpack_publicize_feature_enabled":true,"jetpack_social_post_already_shared":true,"jetpack_social_options":{"image_generator_settings":{"template":"highway","default_image_id":0,"font":"","enabled":false},"version":2},"jetpack_post_was_ever_published":false},"categories":[20],"tags":[],"class_list":["post-48984","post","type-post","status-publish","format-standard","has-post-thumbnail","category-regiao"],"jetpack_publicize_connections":[],"jetpack-related-posts":[],"jetpack_shortlink":"https:\/\/wp.me\/p7Eq1F-cK4","jetpack_sharing_enabled":true,"jetpack_featured_media_url":"https:\/\/i0.wp.com\/guialimeira.com.br\/news\/wp-content\/uploads\/2025\/10\/Quadras-do-Jardim-Cordeiro-comecam-a-ganhar-forma-%E2%80%93-Prefeitura.jpg?fit=1024%2C576&ssl=1","_links":{"self":[{"href":"https:\/\/guialimeira.com.br\/news\/wp-json\/wp\/v2\/posts\/48984","targetHints":{"allow":["GET"]}}],"collection":[{"href":"https:\/\/guialimeira.com.br\/news\/wp-json\/wp\/v2\/posts"}],"about":[{"href":"https:\/\/guialimeira.com.br\/news\/wp-json\/wp\/v2\/types\/post"}],"author":[{"embeddable":true,"href":"https:\/\/guialimeira.com.br\/news\/wp-json\/wp\/v2\/users\/1"}],"replies":[{"embeddable":true,"href":"https:\/\/guialimeira.com.br\/news\/wp-json\/wp\/v2\/comments?post=48984"}],"version-history":[{"count":1,"href":"https:\/\/guialimeira.com.br\/news\/wp-json\/wp\/v2\/posts\/48984\/revisions"}],"predecessor-version":[{"id":48986,"href":"https:\/\/guialimeira.com.br\/news\/wp-json\/wp\/v2\/posts\/48984\/revisions\/48986"}],"wp:featuredmedia":[{"embeddable":true,"href":"https:\/\/guialimeira.com.br\/news\/wp-json\/wp\/v2\/media\/48985"}],"wp:attachment":[{"href":"https:\/\/guialimeira.com.br\/news\/wp-json\/wp\/v2\/media?parent=48984"}],"wp:term":[{"taxonomy":"category","embeddable":true,"href":"https:\/\/guialimeira.com.br\/news\/wp-json\/wp\/v2\/categories?post=48984"},{"taxonomy":"post_tag","embeddable":true,"href":"https:\/\/guialimeira.com.br\/news\/wp-json\/wp\/v2\/tags?post=48984"}],"curies":[{"name":"wp","href":"https:\/\/api.w.org\/{rel}","templated":true}]}}