{"id":48781,"date":"2025-10-23T16:53:37","date_gmt":"2025-10-23T19:53:37","guid":{"rendered":"https:\/\/guialimeira.com.br\/?p=48781"},"modified":"2025-10-23T16:53:37","modified_gmt":"2025-10-23T19:53:37","slug":"tardezinha-no-centro-de-lazer-e-neste-sabado-com-pagode-e-piscina-prefeitura-municipal-de-cordeiropolis","status":"publish","type":"post","link":"https:\/\/guialimeira.com.br\/news\/tardezinha-no-centro-de-lazer-e-neste-sabado-com-pagode-e-piscina-prefeitura-municipal-de-cordeiropolis\/","title":{"rendered":"\u201cTardezinha no Centro de Lazer\u201d \u00e9 neste s\u00e1bado com pagode e piscina \u2013 Prefeitura Municipal de Cordeir\u00f3polis"},"content":{"rendered":"<p> <br \/>\n<\/p>\n<div>\n<p>Acontece neste s\u00e1bado (25) a \u201cTardezinha no Centro de Lazer\u201d, em Cordeir\u00f3polis. Promovida pela Secretaria de Esporte e Lazer, em parceria com a Secretaria de Cultura, Turismo e Eventos, a inciativa ser\u00e1 das 16h \u00e0s 21h e receber\u00e1 os shows Pagode do Paulinho e DJ Vall. A entrada \u00e9 a doa\u00e7\u00e3o de um produto de limpeza. N\u00e3o \u00e9 permitida acessar com coolers no local.<\/p>\n<p>A Secretaria de Esporte e Lazer explica que a piscina poder\u00e1 ser utilizada por associados do Centro de Lazer e por quem pagar a di\u00e1ria e fizer exame m\u00e9dico. A di\u00e1ria custa R$ 50 e o exame m\u00e9dico, R$ 15. No s\u00e1bado, quem quiser, poder\u00e1 fazer o exame m\u00e9dico das 10h \u00e0s 12h ou das 13h \u00e0s 15h.<\/p>\n<p><strong>SERVI\u00c7O<\/strong><\/p>\n<p><strong>Tardezinha no Centro de Lazer<\/strong><\/p>\n<p>Local: Centro de Lazer do Trabalhador<\/p>\n<p>Data: s\u00e1bado (25)<\/p>\n<p>Hor\u00e1rio: das 16h \u00e0s 21h<\/p>\n<p>Entrada: 1 produto de limpeza<\/p>\n<p>Proibida a entrada de cooler<\/p>\n<\/p><\/div>\n<p><br \/>\n<br \/><a href=\"https:\/\/www.cordeiropolis.sp.gov.br\/tardezinha-no-centro-de-lazer-e-neste-sabado-com-pagode-e-piscina\/\" rel=\"noopener\">Informa\u00e7\u00f5es Cordeir\u00f3polis <\/a><\/p>\n","protected":false},"excerpt":{"rendered":"<p>Acontece neste s\u00e1bado (25) a \u201cTardezinha no Centro de Lazer\u201d, em Cordeir\u00f3polis. Promovida pela Secretaria de Esporte e Lazer, em parceria com a Secretaria de Cultura, Turismo e Eventos, a inciativa ser\u00e1 das 16h \u00e0s 21h e receber\u00e1 os shows Pagode do Paulinho e DJ Vall. A entrada \u00e9 a doa\u00e7\u00e3o de um produto de [&hellip;]<\/p>\n","protected":false},"author":1,"featured_media":0,"comment_status":"open","ping_status":"open","sticky":false,"template":"","format":"standard","meta":{"_jetpack_newsletter_access":"","_jetpack_dont_email_post_to_subs":false,"_jetpack_newsletter_tier_id":0,"_jetpack_memberships_contains_paywalled_content":false,"_mbp_banners":[],"_jetpack_feature_clip_id":0,"_jetpack_memberships_contains_paid_content":false,"footnotes":"","jetpack_publicize_message":"","jetpack_publicize_feature_enabled":true,"jetpack_social_post_already_shared":true,"jetpack_social_options":{"image_generator_settings":{"template":"highway","default_image_id":0,"font":"","enabled":false},"version":2},"jetpack_post_was_ever_published":false},"categories":[20],"tags":[],"class_list":["post-48781","post","type-post","status-publish","format-standard","category-regiao"],"jetpack_publicize_connections":[],"jetpack-related-posts":[],"jetpack_shortlink":"https:\/\/wp.me\/p7Eq1F-cGN","jetpack_sharing_enabled":true,"jetpack_featured_media_url":"","_links":{"self":[{"href":"https:\/\/guialimeira.com.br\/news\/wp-json\/wp\/v2\/posts\/48781","targetHints":{"allow":["GET"]}}],"collection":[{"href":"https:\/\/guialimeira.com.br\/news\/wp-json\/wp\/v2\/posts"}],"about":[{"href":"https:\/\/guialimeira.com.br\/news\/wp-json\/wp\/v2\/types\/post"}],"author":[{"embeddable":true,"href":"https:\/\/guialimeira.com.br\/news\/wp-json\/wp\/v2\/users\/1"}],"replies":[{"embeddable":true,"href":"https:\/\/guialimeira.com.br\/news\/wp-json\/wp\/v2\/comments?post=48781"}],"version-history":[{"count":1,"href":"https:\/\/guialimeira.com.br\/news\/wp-json\/wp\/v2\/posts\/48781\/revisions"}],"predecessor-version":[{"id":48782,"href":"https:\/\/guialimeira.com.br\/news\/wp-json\/wp\/v2\/posts\/48781\/revisions\/48782"}],"wp:attachment":[{"href":"https:\/\/guialimeira.com.br\/news\/wp-json\/wp\/v2\/media?parent=48781"}],"wp:term":[{"taxonomy":"category","embeddable":true,"href":"https:\/\/guialimeira.com.br\/news\/wp-json\/wp\/v2\/categories?post=48781"},{"taxonomy":"post_tag","embeddable":true,"href":"https:\/\/guialimeira.com.br\/news\/wp-json\/wp\/v2\/tags?post=48781"}],"curies":[{"name":"wp","href":"https:\/\/api.w.org\/{rel}","templated":true}]}}