{"id":48643,"date":"2025-10-21T18:53:41","date_gmt":"2025-10-21T21:53:41","guid":{"rendered":"https:\/\/guialimeira.com.br\/?p=48643"},"modified":"2025-10-21T18:53:41","modified_gmt":"2025-10-21T21:53:41","slug":"obras-da-nova-ubs-da-vila-paraiso-avancam-com-concretagem-da-fundacao-prefeitura-municipal-de-cordeiropolis","status":"publish","type":"post","link":"https:\/\/guialimeira.com.br\/news\/obras-da-nova-ubs-da-vila-paraiso-avancam-com-concretagem-da-fundacao-prefeitura-municipal-de-cordeiropolis\/","title":{"rendered":"Obras da nova UBS da Vila Para\u00edso avan\u00e7am com concretagem da funda\u00e7\u00e3o \u2013 Prefeitura Municipal de Cordeir\u00f3polis"},"content":{"rendered":"<p> <br \/>\n<\/p>\n<div>\n<p>As obras da nova Unidade B\u00e1sica de Sa\u00fade (UBS) da Vila Para\u00edso avan\u00e7aram. Nesta etapa, a equipe realiza a concretagem da funda\u00e7\u00e3o do pr\u00e9dio. Os trabalhos devem ser conclu\u00eddos ainda nesta semana para dar in\u00edcio \u00e0 alvenaria, que \u00e9 a constru\u00e7\u00e3o das paredes da unidade. O investimento \u00e9 de R$ 1.781.999,99, recursos do Programa de Acelera\u00e7\u00e3o do Crescimento (PAC).<\/p>\n<p>A prefeita Cristina Saad visitou as obras nesta ter\u00e7a-feira (21) ao lado dos secret\u00e1rios Le\u00f4nidas Siqueira (Obras e Planejamento) e Regiane Portes Mendes (Sa\u00fade), al\u00e9m dos vereadores Paulo C\u00e9sar Morais, Vilson Caleffi, Valmir Sanches, C\u00edcero da Silva, Deize Bettin e Sidnei Gambaro. Eles acompanharam o in\u00edcio da concretagem pela manh\u00e3.<\/p>\n<p>\u201cEstamos levando a sa\u00fade para mais perto da popula\u00e7\u00e3o. Tiramos do papel essa UBS, zeramos a contrapartida, reduzindo os custos da obra, e vamos entreg\u00e1-la em breve. A unidade beneficiar\u00e1 toda essa regi\u00e3o da Vila Para\u00edso, Vila Barbosa e Villagio Corte\u201d, afirmou a prefeita Cristina Saad. O prazo de execu\u00e7\u00e3o da obra, iniciada em junho, \u00e9 de 18 meses.<\/p>\n<figure class=\"wp-block-gallery has-nested-images columns-default is-cropped wp-block-gallery-1 is-layout-flex wp-block-gallery-is-layout-flex\">\n<figure class=\"wp-block-image size-large\"><\/figure>\n<\/figure><\/div>\n<p><br \/>\n<br \/><a href=\"https:\/\/www.cordeiropolis.sp.gov.br\/obras-da-nova-ubs-da-vila-paraiso-avancam-com-concretagem-da-fundacao\/\" rel=\"noopener\">Informa\u00e7\u00f5es Cordeir\u00f3polis <\/a><\/p>\n","protected":false},"excerpt":{"rendered":"<p>As obras da nova Unidade B\u00e1sica de Sa\u00fade (UBS) da Vila Para\u00edso avan\u00e7aram. Nesta etapa, a equipe realiza a concretagem da funda\u00e7\u00e3o do pr\u00e9dio. Os trabalhos devem ser conclu\u00eddos ainda nesta semana para dar in\u00edcio \u00e0 alvenaria, que \u00e9 a constru\u00e7\u00e3o das paredes da unidade. O investimento \u00e9 de R$ 1.781.999,99, recursos do Programa de [&hellip;]<\/p>\n","protected":false},"author":1,"featured_media":48644,"comment_status":"open","ping_status":"open","sticky":false,"template":"","format":"standard","meta":{"_jetpack_newsletter_access":"","_jetpack_dont_email_post_to_subs":false,"_jetpack_newsletter_tier_id":0,"_jetpack_memberships_contains_paywalled_content":false,"_mbp_banners":[],"_jetpack_feature_clip_id":0,"_jetpack_memberships_contains_paid_content":false,"footnotes":"","jetpack_publicize_message":"","jetpack_publicize_feature_enabled":true,"jetpack_social_post_already_shared":true,"jetpack_social_options":{"image_generator_settings":{"template":"highway","default_image_id":0,"font":"","enabled":false},"version":2},"jetpack_post_was_ever_published":false},"categories":[20],"tags":[],"class_list":["post-48643","post","type-post","status-publish","format-standard","has-post-thumbnail","category-regiao"],"jetpack_publicize_connections":[],"jetpack-related-posts":[],"jetpack_shortlink":"https:\/\/wp.me\/p7Eq1F-cEz","jetpack_sharing_enabled":true,"jetpack_featured_media_url":"https:\/\/i0.wp.com\/guialimeira.com.br\/news\/wp-content\/uploads\/2025\/10\/Obras-da-nova-UBS-da-Vila-Paraiso-avancam-com-concretagem.jpg?fit=1024%2C576&ssl=1","_links":{"self":[{"href":"https:\/\/guialimeira.com.br\/news\/wp-json\/wp\/v2\/posts\/48643","targetHints":{"allow":["GET"]}}],"collection":[{"href":"https:\/\/guialimeira.com.br\/news\/wp-json\/wp\/v2\/posts"}],"about":[{"href":"https:\/\/guialimeira.com.br\/news\/wp-json\/wp\/v2\/types\/post"}],"author":[{"embeddable":true,"href":"https:\/\/guialimeira.com.br\/news\/wp-json\/wp\/v2\/users\/1"}],"replies":[{"embeddable":true,"href":"https:\/\/guialimeira.com.br\/news\/wp-json\/wp\/v2\/comments?post=48643"}],"version-history":[{"count":1,"href":"https:\/\/guialimeira.com.br\/news\/wp-json\/wp\/v2\/posts\/48643\/revisions"}],"predecessor-version":[{"id":48645,"href":"https:\/\/guialimeira.com.br\/news\/wp-json\/wp\/v2\/posts\/48643\/revisions\/48645"}],"wp:featuredmedia":[{"embeddable":true,"href":"https:\/\/guialimeira.com.br\/news\/wp-json\/wp\/v2\/media\/48644"}],"wp:attachment":[{"href":"https:\/\/guialimeira.com.br\/news\/wp-json\/wp\/v2\/media?parent=48643"}],"wp:term":[{"taxonomy":"category","embeddable":true,"href":"https:\/\/guialimeira.com.br\/news\/wp-json\/wp\/v2\/categories?post=48643"},{"taxonomy":"post_tag","embeddable":true,"href":"https:\/\/guialimeira.com.br\/news\/wp-json\/wp\/v2\/tags?post=48643"}],"curies":[{"name":"wp","href":"https:\/\/api.w.org\/{rel}","templated":true}]}}