{"id":486,"date":"2024-03-30T03:03:50","date_gmt":"2024-03-30T06:03:50","guid":{"rendered":"https:\/\/guialimeira.com.br\/2024\/03\/30\/boletim-da-dengue-23-02-24-portal-do-municipio-de-piracicaba\/"},"modified":"2024-03-30T03:03:50","modified_gmt":"2024-03-30T06:03:50","slug":"boletim-da-dengue-23-02-24-portal-do-municipio-de-piracicaba","status":"publish","type":"post","link":"https:\/\/guialimeira.com.br\/news\/boletim-da-dengue-23-02-24-portal-do-municipio-de-piracicaba\/","title":{"rendered":"Boletim da Dengue \u2013 23\/02\/24 \u2013 Portal do Munic\u00edpio de Piracicaba"},"content":{"rendered":"<p> <br \/>\n<\/p>\n<div itemprop=\"articleBody\">\n<div class=\"m-auto col-lg-8\">\n<figure class=\"text-center\">\n<img data-recalc-dims=\"1\" width=\"696\" height=\"870\" src=\"https:\/\/i0.wp.com\/piracicaba.sp.gov.br\/wp-content\/uploads\/2024\/02\/Boletim-da-Dengue-03-%E2%80%93-230224-819x1024.jpeg?resize=696%2C870&#038;ssl=1\" class=\"img-fluid img-thumbnail border-1 wp-post-image\" alt=\"\" itemprop=\"image\" decoding=\"async\" fetchpriority=\"high\" srcset=\"https:\/\/piracicaba.sp.gov.br\/wp-content\/uploads\/2024\/02\/Boletim-da-Dengue-03-\u2013-230224-819x1024.jpeg 819w, https:\/\/piracicaba.sp.gov.br\/wp-content\/uploads\/2024\/02\/Boletim-da-Dengue-03-\u2013-230224-240x300.jpeg 240w, https:\/\/piracicaba.sp.gov.br\/wp-content\/uploads\/2024\/02\/Boletim-da-Dengue-03-\u2013-230224-768x960.jpeg 768w, https:\/\/piracicaba.sp.gov.br\/wp-content\/uploads\/2024\/02\/Boletim-da-Dengue-03-\u2013-230224.jpeg 1080w\" sizes=\"(max-width: 819px) 100vw, 819px\"\/><\/figure>\n<p>De 01\/01 a 23\/02 de 2024, a Secretaria da Sa\u00fade n\u00e3o registrou \u00f3bitos pela doen\u00e7a.<\/p>\n<p>No per\u00edodo, foram:<\/p>\n<p>3.481 notifica\u00e7\u00f5es<\/p>\n<p>1.397 confirma\u00e7\u00f5es<\/p>\n<p>Zero \u00f3bitos<\/p>\n<p><strong>Casos por regi\u00e3o<\/strong><\/p>\n<p>Norte: 172<\/p>\n<p>Sul: 200<\/p>\n<p>Leste: 727<\/p>\n<p>Oeste: 91<\/p>\n<p>Centro: 102<\/p>\n<p>Rural: 100<\/p>\n<p>Ignorado: 05<\/p>\n<p>TOTAL: 1.397<\/p>\n<p><em>Fontes:<\/em><\/p>\n<p><em>Banco de Dados Vigil\u00e2ncia Epidemiol\u00f3gica de Piracicaba \/ Sinan online \/ Sinan NET<\/em><\/p>\n<p><strong>A\u00e7\u00f5es* de combate ao mosquito Aedes aegypti<\/strong><\/p>\n<p>Mutir\u00e3o da Dengue \u2013 24\/02 \u2013 Oeste<\/p>\n<p>Bairros: Jaragu\u00e1\/Castelinho<\/p>\n<p>Ponto de encontro: Av. 9 de Julho, 823 \u2013 PSF Jaragu\u00e1 II<\/p>\n<p>Das 8h \u00e0s 13h<\/p>\n<p>Arrast\u00e3o da Dengue \u2013 24\/02 \u2013 Leste<\/p>\n<p>Bairros: Pomp\u00e9ia, Sol Nascente, Chapad\u00e3o, Alvorada, Jardim Itamarac\u00e1 e Jardim Itaber\u00e1<\/p>\n<p>Ponto de encontro: em frente ao Clube do Sindicato dos Metal\u00fargicos, na Av. Dois C\u00f3rregos.<\/p>\n<p>Das 8h \u00e0s 14h<\/p>\n<p><em>*Programa\u00e7\u00e3o sujeita a altera\u00e7\u00f5es<\/em><\/p>\n<\/div>\n<\/div>\n<p><br \/>\n<br \/><a href=\"https:\/\/piracicaba.sp.gov.br\/noticias\/boletim-da-dengue-23-02-24\/\" rel=\"noopener\">Informa\u00e7\u00f5es PMP <\/a><\/p>\n","protected":false},"excerpt":{"rendered":"<p>De 01\/01 a 23\/02 de 2024, a Secretaria da Sa\u00fade n\u00e3o registrou \u00f3bitos pela doen\u00e7a. No per\u00edodo, foram: 3.481 notifica\u00e7\u00f5es 1.397 confirma\u00e7\u00f5es Zero \u00f3bitos Casos por regi\u00e3o Norte: 172 Sul: 200 Leste: 727 Oeste: 91 Centro: 102 Rural: 100 Ignorado: 05 TOTAL: 1.397 Fontes: Banco de Dados Vigil\u00e2ncia Epidemiol\u00f3gica de Piracicaba \/ Sinan online \/ [&hellip;]<\/p>\n","protected":false},"author":1,"featured_media":487,"comment_status":"open","ping_status":"open","sticky":false,"template":"","format":"standard","meta":{"_jetpack_newsletter_access":"","_jetpack_dont_email_post_to_subs":false,"_jetpack_newsletter_tier_id":0,"_jetpack_memberships_contains_paywalled_content":false,"_mbp_banners":[],"_jetpack_feature_clip_id":0,"_jetpack_memberships_contains_paid_content":false,"footnotes":"","jetpack_publicize_message":"","jetpack_publicize_feature_enabled":true,"jetpack_social_post_already_shared":true,"jetpack_social_options":{"image_generator_settings":{"template":"highway","default_image_id":0,"font":"","enabled":false},"version":2},"jetpack_post_was_ever_published":false},"categories":[20],"tags":[],"class_list":["post-486","post","type-post","status-publish","format-standard","has-post-thumbnail","category-regiao"],"jetpack_publicize_connections":[],"jetpack-related-posts":[],"jetpack_shortlink":"https:\/\/wp.me\/p7Eq1F-7Q","jetpack_sharing_enabled":true,"jetpack_featured_media_url":"https:\/\/i0.wp.com\/guialimeira.com.br\/news\/wp-content\/uploads\/2024\/03\/Boletim-da-Dengue-03-%E2%80%93-230224.jpeg?fit=1080%2C1350&ssl=1","_links":{"self":[{"href":"https:\/\/guialimeira.com.br\/news\/wp-json\/wp\/v2\/posts\/486","targetHints":{"allow":["GET"]}}],"collection":[{"href":"https:\/\/guialimeira.com.br\/news\/wp-json\/wp\/v2\/posts"}],"about":[{"href":"https:\/\/guialimeira.com.br\/news\/wp-json\/wp\/v2\/types\/post"}],"author":[{"embeddable":true,"href":"https:\/\/guialimeira.com.br\/news\/wp-json\/wp\/v2\/users\/1"}],"replies":[{"embeddable":true,"href":"https:\/\/guialimeira.com.br\/news\/wp-json\/wp\/v2\/comments?post=486"}],"version-history":[{"count":0,"href":"https:\/\/guialimeira.com.br\/news\/wp-json\/wp\/v2\/posts\/486\/revisions"}],"wp:featuredmedia":[{"embeddable":true,"href":"https:\/\/guialimeira.com.br\/news\/wp-json\/wp\/v2\/media\/487"}],"wp:attachment":[{"href":"https:\/\/guialimeira.com.br\/news\/wp-json\/wp\/v2\/media?parent=486"}],"wp:term":[{"taxonomy":"category","embeddable":true,"href":"https:\/\/guialimeira.com.br\/news\/wp-json\/wp\/v2\/categories?post=486"},{"taxonomy":"post_tag","embeddable":true,"href":"https:\/\/guialimeira.com.br\/news\/wp-json\/wp\/v2\/tags?post=486"}],"curies":[{"name":"wp","href":"https:\/\/api.w.org\/{rel}","templated":true}]}}