{"id":4857,"date":"2024-05-13T19:46:47","date_gmt":"2024-05-13T22:46:47","guid":{"rendered":"https:\/\/guialimeira.com.br\/2024\/05\/13\/treinamento-garante-ampliacao-de-tecnologia-de-traducao-de-libras-a-rede-socioassistencial\/"},"modified":"2024-05-13T19:46:47","modified_gmt":"2024-05-13T22:46:47","slug":"treinamento-garante-ampliacao-de-tecnologia-de-traducao-de-libras-a-rede-socioassistencial","status":"publish","type":"post","link":"https:\/\/guialimeira.com.br\/news\/treinamento-garante-ampliacao-de-tecnologia-de-traducao-de-libras-a-rede-socioassistencial\/","title":{"rendered":"Treinamento garante amplia\u00e7\u00e3o de tecnologia de tradu\u00e7\u00e3o de Libras \u00e0 rede socioassistencial"},"content":{"rendered":"<p> <br \/>\n<\/p>\n<div>\n            <main class=\"\">&#13;<br \/>\n                &#13;<br \/>\n&#13;<br \/>\n&#13;<br \/>\n&#13;<br \/>\n    <img data-recalc-dims=\"1\" decoding=\"async\" src=\"https:\/\/i0.wp.com\/ecrie.com.br\/sistema\/conteudos\/imagem\/m_137_0_1_13052024165126.png?w=696&#038;ssl=1\" alt=\"Treinamento garante amplia\u00e7\u00e3o de tecnologia de tradu\u00e7\u00e3o de Libras \u00e0 rede socioassistencial\"\/>&#13;<br \/>\n&#13;<\/p>\n<p><span style=\"box-sizing: border-box; font-size: 16px; font-family: Arial; color: #000000;\">Servidores do Ceprosom participaram nesta segunda-feira (13), no N\u00facleo de Atendimento ao Cidad\u00e3o (NAC),\u00a0de treinamento sobre a plataforma Icom.\u00a0O sistema permite a tradu\u00e7\u00e3o simult\u00e2nea da\u00a0L\u00edngua Brasileira de Sinais\u00a0(Libras), promovendo a intermedia\u00e7\u00e3o entre\u00a0a popula\u00e7\u00e3o surda e servidores.\u00a0Implantado h\u00e1 quase 1 ano no NAC, o servi\u00e7o\u00a0ser\u00e1 expandido\u00a0para\u00a026\u00a0pontos da rede de atendimento socioassistencial.\u00a0A vice-prefeita Erika Tank e a presidente do Ceprosom,\u00a0Maria\u00a0Auc\u00e9lia Damaceno,\u00a0acompanharam\u00a0a abertura dos trabalhos.<\/span><\/p>\n<p>&#13;<\/p>\n<p>\u00a0<\/p>\n<p>&#13;<\/p>\n<p><span style=\"box-sizing: border-box; font-size: 16px; font-family: Arial; color: #000000;\">A presidente do Ceprosom falou positivamente a respeito da tecnologia, sobretudo pela facilidade de acesso. Para funcionar, basta apontar o celular para o QR Code gravado em placas sinalizadoras que ser\u00e3o instaladas nas unidades de atendimento. \u201cEstamos escrevendo hoje um novo cap\u00edtulo da nossa hist\u00f3ria\u201d, destacou Maria Auc\u00e9lia.\u00a0<\/span><\/p>\n<p>&#13;<\/p>\n<p><span style=\"box-sizing: border-box; font-size: 16px; font-family: Arial; color: #000000;\">\u00a0<\/span><\/p>\n<p>&#13;<\/p>\n<p><span style=\"box-sizing: border-box; font-size: 16px; font-family: Arial; color: #000000;\">Ela tamb\u00e9m ressaltou que a plataforma estar\u00e1 dispon\u00edvel 24 horas em todos os servi\u00e7os assistenciais da esfera municipal, como Centro de Acolhida, Centro Educacional Jo\u00e3o Fischer Sobrinho, Casa da Mulher V\u00edtima de Viol\u00eancia, Centro POP, Casa de Conviv\u00eancia, Cras, Creas, Centros Comunit\u00e1rios, Casa dos Conselhos e Conselhos Tutelares.\u00a0<\/span><\/p>\n<p>&#13;<\/p>\n<p><span style=\"box-sizing: border-box; font-size: 16px; font-family: Arial; color: #000000;\">\u00a0<\/span><\/p>\n<p>&#13;<\/p>\n<p><span style=\"box-sizing: border-box; font-size: 16px; font-family: Arial; color: #000000;\">Erika Tank enfatizou a import\u00e2ncia da amplia\u00e7\u00e3o da Icom a outros equipamentos assistenciais. \u201cExpandir essa tecnologia que veio no NAC e agora alcan\u00e7a os demais equipamentos do Ceprosom, por meio de todo Sistema \u00danico de Assist\u00eancia Social (Suas), far\u00e1 a diferen\u00e7a na garantia de direitos da comunidade surda\u201d, frisou a vice-prefeita.\u00a0<\/span><\/p>\n<p>&#13;<\/p>\n<p><span style=\"box-sizing: border-box; font-size: 16px; font-family: Arial; color: #000000;\">\u00a0<\/span><\/p>\n<p>&#13;<\/p>\n<p><span style=\"box-sizing: border-box; font-size: 16px; font-family: Arial; color: #000000;\">O treinamento foi ministrado pela representante da Icom, Edy Pereira. \u201cO objetivo do sistema \u00e9 empoderar e dar autonomia \u00e0s pessoas surdas, e ao mesmo tempo, facilitar o trabalho do servidor\u201d, mencionou. Ela informou, ainda, que h\u00e1 3 milh\u00f5es de pessoas com surdez profunda no Brasil, segundo dados do Censo do IBGE de 2010.<\/span><\/p>\n<p>&#13;<br \/>\n&#13;<br \/>\n&#13;<br \/>\n&#13;<\/p>\n<aside class=\"list-related no-print\">&#13;<br \/>\n        &#13;<br \/>\n&#13;<\/p>\n<article class=\"list-item noticias \">&#13;<br \/>\n                    <a class=\"list-item__img\" href=\"https:\/\/limeira.sp.gov.br\/imprensa\/noticias\/gabinete-do-prefeito\/doacoes-para-rs-continuam-no-drive-na-praca-toledo-barros\" tabindex=\"-1\" aria-hidden=\"true\" rel=\"noopener\">&#13;<br \/>\n                        <img data-recalc-dims=\"1\" decoding=\"async\" src=\"https:\/\/i0.wp.com\/ecrie.com.br\/sistema\/conteudos\/imagem\/m_137_0_1_13052024175653.jpg?w=696&#038;ssl=1\" alt=\"Doa\u00e7\u00f5es para RS continuam no drive na Pra\u00e7a Toledo Barros\"\/>&#13;<br \/>\n                    <\/a>&#13;<br \/>\n&#13;<br \/>\n                &#13;<br \/>\n            <\/article>\n<p>&#13;<\/p>\n<article class=\"list-item noticias \">&#13;<br \/>\n                    <a class=\"list-item__img\" href=\"https:\/\/limeira.sp.gov.br\/imprensa\/noticias\/gabinete-do-prefeito\/com-investimento-que-ultrapassa-r-48-milhoes-prefeitura-anuncia-pacote-de-obras\" tabindex=\"-1\" aria-hidden=\"true\" rel=\"noopener\">&#13;<br \/>\n                        <img data-recalc-dims=\"1\" decoding=\"async\" src=\"https:\/\/i0.wp.com\/ecrie.com.br\/sistema\/conteudos\/imagem\/m_137_3_2_10052024165829.jpg?w=696&#038;ssl=1\" alt=\"Com investimento que ultrapassa R$ 48 milh\u00f5es, Prefeitura anuncia pacote de obras\"\/>&#13;<br \/>\n                    <\/a>&#13;<br \/>\n&#13;<br \/>\n                &#13;<br \/>\n            <\/article>\n<p>&#13;<\/p>\n<article class=\"list-item noticias \">&#13;<br \/>\n                    <a class=\"list-item__img\" href=\"https:\/\/limeira.sp.gov.br\/imprensa\/noticias\/gabinete-do-prefeito\/com-260-inscritos-jogos-adaptados-sao-abertos-no-vo-lucato\" tabindex=\"-1\" aria-hidden=\"true\" rel=\"noopener\">&#13;<br \/>\n                        <img data-recalc-dims=\"1\" decoding=\"async\" src=\"https:\/\/i0.wp.com\/ecrie.com.br\/sistema\/conteudos\/imagem\/m_137_0_1_10052024153345.jpg?w=696&#038;ssl=1\" alt=\"Com 260 inscritos, Jogos Adaptados s\u00e3o abertos no V\u00f4 Lucato\"\/>&#13;<br \/>\n                    <\/a>&#13;<br \/>\n&#13;<br \/>\n                &#13;<br \/>\n            <\/article>\n<p>&#13;<br \/>\n    <\/aside>\n<p>&#13;<br \/>\n&#13;<br \/>\n            <\/main><\/p><\/div>\n<p><br \/>\n<br \/><a href=\"https:\/\/limeira.sp.gov.br\/treinamento-garante-ampliacao-de-tecnologia-de-traducao-de-libras-a-rede-socioassistencial\" rel=\"noopener\">Informa\u00e7\u00f5es da PML <\/a><\/p>\n","protected":false},"excerpt":{"rendered":"<p>&#13; &#13; &#13; &#13; &#13; &#13; &#13; Servidores do Ceprosom participaram nesta segunda-feira (13), no N\u00facleo de Atendimento ao Cidad\u00e3o (NAC),\u00a0de treinamento sobre a plataforma Icom.\u00a0O sistema permite a tradu\u00e7\u00e3o simult\u00e2nea da\u00a0L\u00edngua Brasileira de Sinais\u00a0(Libras), promovendo a intermedia\u00e7\u00e3o entre\u00a0a popula\u00e7\u00e3o surda e servidores.\u00a0Implantado h\u00e1 quase 1 ano no NAC, o servi\u00e7o\u00a0ser\u00e1 expandido\u00a0para\u00a026\u00a0pontos da rede de [&hellip;]<\/p>\n","protected":false},"author":1,"featured_media":4858,"comment_status":"open","ping_status":"open","sticky":false,"template":"","format":"standard","meta":{"_jetpack_newsletter_access":"","_jetpack_dont_email_post_to_subs":false,"_jetpack_newsletter_tier_id":0,"_jetpack_memberships_contains_paywalled_content":false,"_mbp_banners":[],"_jetpack_feature_clip_id":0,"_jetpack_memberships_contains_paid_content":false,"footnotes":"","jetpack_publicize_message":"","jetpack_publicize_feature_enabled":true,"jetpack_social_post_already_shared":true,"jetpack_social_options":{"image_generator_settings":{"template":"highway","default_image_id":0,"font":"","enabled":false},"version":2},"jetpack_post_was_ever_published":false},"categories":[16],"tags":[],"class_list":["post-4857","post","type-post","status-publish","format-standard","has-post-thumbnail","category-local"],"jetpack_publicize_connections":[],"jetpack-related-posts":[],"jetpack_shortlink":"https:\/\/wp.me\/p7Eq1F-1gl","jetpack_sharing_enabled":true,"jetpack_featured_media_url":"https:\/\/i0.wp.com\/guialimeira.com.br\/news\/wp-content\/uploads\/2024\/05\/m_137_0_1_13052024165126.png?fit=1280%2C852&ssl=1","_links":{"self":[{"href":"https:\/\/guialimeira.com.br\/news\/wp-json\/wp\/v2\/posts\/4857","targetHints":{"allow":["GET"]}}],"collection":[{"href":"https:\/\/guialimeira.com.br\/news\/wp-json\/wp\/v2\/posts"}],"about":[{"href":"https:\/\/guialimeira.com.br\/news\/wp-json\/wp\/v2\/types\/post"}],"author":[{"embeddable":true,"href":"https:\/\/guialimeira.com.br\/news\/wp-json\/wp\/v2\/users\/1"}],"replies":[{"embeddable":true,"href":"https:\/\/guialimeira.com.br\/news\/wp-json\/wp\/v2\/comments?post=4857"}],"version-history":[{"count":0,"href":"https:\/\/guialimeira.com.br\/news\/wp-json\/wp\/v2\/posts\/4857\/revisions"}],"wp:featuredmedia":[{"embeddable":true,"href":"https:\/\/guialimeira.com.br\/news\/wp-json\/wp\/v2\/media\/4858"}],"wp:attachment":[{"href":"https:\/\/guialimeira.com.br\/news\/wp-json\/wp\/v2\/media?parent=4857"}],"wp:term":[{"taxonomy":"category","embeddable":true,"href":"https:\/\/guialimeira.com.br\/news\/wp-json\/wp\/v2\/categories?post=4857"},{"taxonomy":"post_tag","embeddable":true,"href":"https:\/\/guialimeira.com.br\/news\/wp-json\/wp\/v2\/tags?post=4857"}],"curies":[{"name":"wp","href":"https:\/\/api.w.org\/{rel}","templated":true}]}}