{"id":4848,"date":"2024-05-13T18:45:44","date_gmt":"2024-05-13T21:45:44","guid":{"rendered":"https:\/\/guialimeira.com.br\/2024\/05\/13\/doacoes-para-rs-continuam-no-drive-na-praca-toledo-barros\/"},"modified":"2024-05-13T18:45:44","modified_gmt":"2024-05-13T21:45:44","slug":"doacoes-para-rs-continuam-no-drive-na-praca-toledo-barros","status":"publish","type":"post","link":"https:\/\/guialimeira.com.br\/news\/doacoes-para-rs-continuam-no-drive-na-praca-toledo-barros\/","title":{"rendered":"Doa\u00e7\u00f5es para RS continuam no drive na Pra\u00e7a Toledo Barros"},"content":{"rendered":"<p> <br \/>\n<\/p>\n<div>\n            <main class=\"\">&#13;<br \/>\n                &#13;<br \/>\n&#13;<br \/>\n&#13;<br \/>\n&#13;<br \/>\n    <img data-recalc-dims=\"1\" decoding=\"async\" src=\"https:\/\/i0.wp.com\/ecrie.com.br\/sistema\/conteudos\/imagem\/m_137_0_1_13052024175653.jpg?w=696&#038;ssl=1\" alt=\"Doa\u00e7\u00f5es para RS continuam no drive na Pra\u00e7a Toledo Barros\"\/>&#13;<br \/>\n&#13;<\/p>\n<p style=\"text-align: justify;\" align=\"justify\">A campanha \u201cLimeira Solid\u00e1ria \u2013 Solidariedade Sem Fronteiras\u201d continua com arrecada\u00e7\u00e3o no drive-thru da Pra\u00e7a Toledo Barros. Nesta segunda-feira (13), a primeira-dama e presidente do Fundo Social, Roberta Botion, e a vice-prefeita Erika Tank receberam diversas doa\u00e7\u00f5es arrecadadas pela Associa\u00e7\u00e3o dos Feirantes de Limeira (Asfel) para atender as v\u00edtimas das enchentes do Rio Grande do Sul.<\/p>\n<p>&#13;<\/p>\n<p style=\"text-align: justify;\" align=\"justify\">\u201cQuero agradecer a Associa\u00e7\u00e3o dos Feirantes e as empresas Auto El\u00e9trica Elias e a Sassi Im\u00f3veis por mais esse gesto de solidariedade com o povo do Rio Grande do Sul\u201d, destacou a vice-prefeita Erika Tank. \u201cDurante toda a semana, vamos continuar recebendo doa\u00e7\u00f5es de \u00e1gua, itens de higiene pessoal e limpeza, entre outros produtos essenciais para as v\u00edtimas das enchentes\u201d, enfatizou Roberta Botion.<\/p>\n<p>&#13;<\/p>\n<p style=\"text-align: justify;\" align=\"justify\">Todas as doa\u00e7\u00f5es arrecadadas pela campanha ser\u00e3o encaminhadas ao Fundo Social do Estado de S\u00e3o Paulo, que far\u00e1 o correto direcionamento para o Rio Grande do Sul.<\/p>\n<p>&#13;<br \/>\n&#13;<br \/>\n&#13;<br \/>\n&#13;<\/p>\n<aside class=\"list-related no-print\">&#13;<br \/>\n        &#13;<br \/>\n&#13;<\/p>\n<article class=\"list-item noticias \">&#13;<br \/>\n                    <a class=\"list-item__img\" href=\"https:\/\/limeira.sp.gov.br\/imprensa\/noticias\/gabinete-do-prefeito\/treinamento-garante-ampliacao-de-tecnologia-de-traducao-de-libras-a-rede-socioassistencial\" tabindex=\"-1\" aria-hidden=\"true\" rel=\"noopener\">&#13;<br \/>\n                        <img data-recalc-dims=\"1\" decoding=\"async\" src=\"https:\/\/i0.wp.com\/ecrie.com.br\/sistema\/conteudos\/imagem\/m_137_0_1_13052024165126.png?w=696&#038;ssl=1\" alt=\"Treinamento garante amplia\u00e7\u00e3o de tecnologia de tradu\u00e7\u00e3o de Libras \u00e0 rede socioassistencial\"\/>&#13;<br \/>\n                    <\/a>&#13;<br \/>\n&#13;<br \/>\n                &#13;<br \/>\n            <\/article>\n<p>&#13;<\/p>\n<article class=\"list-item noticias \">&#13;<br \/>\n                    <a class=\"list-item__img\" href=\"https:\/\/limeira.sp.gov.br\/imprensa\/noticias\/fundo-social-de-limeira\/drive-recebe-neste-sabado-doacoes-para-rs-primeira-carreta-com-12-toneladas-de-produtos-ja-foi-encaminhada\" tabindex=\"-1\" aria-hidden=\"true\" rel=\"noopener\">&#13;<br \/>\n                        <img data-recalc-dims=\"1\" decoding=\"async\" src=\"https:\/\/i0.wp.com\/ecrie.com.br\/sistema\/conteudos\/imagem\/m_137_0_1_04052024143014.jpg?w=696&#038;ssl=1\" alt=\"Drive recebe neste s\u00e1bado doa\u00e7\u00f5es para RS; primeira carreta com 12 toneladas de produtos j\u00e1 foi encaminhada\"\/>&#13;<br \/>\n                    <\/a>&#13;<br \/>\n&#13;<br \/>\n                &#13;<br \/>\n            <\/article>\n<p>&#13;<\/p>\n<article class=\"list-item noticias \">&#13;<br \/>\n                    <a class=\"list-item__img\" href=\"https:\/\/limeira.sp.gov.br\/imprensa\/noticias\/gabinete-do-prefeito\/com-investimento-que-ultrapassa-r-48-milhoes-prefeitura-anuncia-pacote-de-obras\" tabindex=\"-1\" aria-hidden=\"true\" rel=\"noopener\">&#13;<br \/>\n                        <img data-recalc-dims=\"1\" decoding=\"async\" src=\"https:\/\/i0.wp.com\/ecrie.com.br\/sistema\/conteudos\/imagem\/m_137_3_2_10052024165829.jpg?w=696&#038;ssl=1\" alt=\"Com investimento que ultrapassa R$ 48 milh\u00f5es, Prefeitura anuncia pacote de obras\"\/>&#13;<br \/>\n                    <\/a>&#13;<br \/>\n&#13;<br \/>\n                &#13;<br \/>\n            <\/article>\n<p>&#13;<br \/>\n    <\/aside>\n<p>&#13;<br \/>\n&#13;<br \/>\n            <\/main><\/p><\/div>\n<p><br \/>\n<br \/><a href=\"https:\/\/limeira.sp.gov.br\/doacoes-para-rs-continuam-no-drive-na-praca-toledo-barros\" rel=\"noopener\">Informa\u00e7\u00f5es da PML <\/a><\/p>\n","protected":false},"excerpt":{"rendered":"<p>&#13; &#13; &#13; &#13; &#13; &#13; &#13; A campanha \u201cLimeira Solid\u00e1ria \u2013 Solidariedade Sem Fronteiras\u201d continua com arrecada\u00e7\u00e3o no drive-thru da Pra\u00e7a Toledo Barros. Nesta segunda-feira (13), a primeira-dama e presidente do Fundo Social, Roberta Botion, e a vice-prefeita Erika Tank receberam diversas doa\u00e7\u00f5es arrecadadas pela Associa\u00e7\u00e3o dos Feirantes de Limeira (Asfel) para atender as [&hellip;]<\/p>\n","protected":false},"author":1,"featured_media":4849,"comment_status":"open","ping_status":"open","sticky":false,"template":"","format":"standard","meta":{"_jetpack_newsletter_access":"","_jetpack_dont_email_post_to_subs":false,"_jetpack_newsletter_tier_id":0,"_jetpack_memberships_contains_paywalled_content":false,"_mbp_banners":[],"_jetpack_feature_clip_id":0,"_jetpack_memberships_contains_paid_content":false,"footnotes":"","jetpack_publicize_message":"","jetpack_publicize_feature_enabled":true,"jetpack_social_post_already_shared":true,"jetpack_social_options":{"image_generator_settings":{"template":"highway","default_image_id":0,"font":"","enabled":false},"version":2},"jetpack_post_was_ever_published":false},"categories":[16],"tags":[],"class_list":["post-4848","post","type-post","status-publish","format-standard","has-post-thumbnail","category-local"],"jetpack_publicize_connections":[],"jetpack-related-posts":[],"jetpack_shortlink":"https:\/\/wp.me\/p7Eq1F-1gc","jetpack_sharing_enabled":true,"jetpack_featured_media_url":"https:\/\/i0.wp.com\/guialimeira.com.br\/news\/wp-content\/uploads\/2024\/05\/m_137_0_1_13052024175653.jpg?fit=1280%2C852&ssl=1","_links":{"self":[{"href":"https:\/\/guialimeira.com.br\/news\/wp-json\/wp\/v2\/posts\/4848","targetHints":{"allow":["GET"]}}],"collection":[{"href":"https:\/\/guialimeira.com.br\/news\/wp-json\/wp\/v2\/posts"}],"about":[{"href":"https:\/\/guialimeira.com.br\/news\/wp-json\/wp\/v2\/types\/post"}],"author":[{"embeddable":true,"href":"https:\/\/guialimeira.com.br\/news\/wp-json\/wp\/v2\/users\/1"}],"replies":[{"embeddable":true,"href":"https:\/\/guialimeira.com.br\/news\/wp-json\/wp\/v2\/comments?post=4848"}],"version-history":[{"count":0,"href":"https:\/\/guialimeira.com.br\/news\/wp-json\/wp\/v2\/posts\/4848\/revisions"}],"wp:featuredmedia":[{"embeddable":true,"href":"https:\/\/guialimeira.com.br\/news\/wp-json\/wp\/v2\/media\/4849"}],"wp:attachment":[{"href":"https:\/\/guialimeira.com.br\/news\/wp-json\/wp\/v2\/media?parent=4848"}],"wp:term":[{"taxonomy":"category","embeddable":true,"href":"https:\/\/guialimeira.com.br\/news\/wp-json\/wp\/v2\/categories?post=4848"},{"taxonomy":"post_tag","embeddable":true,"href":"https:\/\/guialimeira.com.br\/news\/wp-json\/wp\/v2\/tags?post=4848"}],"curies":[{"name":"wp","href":"https:\/\/api.w.org\/{rel}","templated":true}]}}