{"id":4847,"date":"2024-05-13T18:34:02","date_gmt":"2024-05-13T21:34:02","guid":{"rendered":"https:\/\/guialimeira.com.br\/2024\/05\/13\/desenvolve-agro-gestores-de-fundos-de-investimento-podem-participar-do-programa\/"},"modified":"2024-05-13T18:34:02","modified_gmt":"2024-05-13T21:34:02","slug":"desenvolve-agro-gestores-de-fundos-de-investimento-podem-participar-do-programa","status":"publish","type":"post","link":"https:\/\/guialimeira.com.br\/news\/desenvolve-agro-gestores-de-fundos-de-investimento-podem-participar-do-programa\/","title":{"rendered":"Desenvolve Agro: gestores de fundos de investimento podem participar do programa"},"content":{"rendered":"<p> <br \/>\n<\/p>\n<div id=\"\">&#13;<br \/>\n                                <!-- Title -->&#13;<br \/>\n                                &#13;<br \/>\n&#13;<br \/>\n                                <!-- Excerpt -->&#13;<\/p>\n<p class=\"excerpt\">Programa lan\u00e7ado em 29 de abril dever\u00e1 disponibilizar mais de R$ 2,5 bilh\u00f5es a pequenos e m\u00e9dios produtores rurais do Estado de S\u00e3o Paulo<\/p>\n<p>&#13;<br \/>\n&#13;<br \/>\n                                &#13;\n                            <\/p><\/div>\n<div id=\"\">&#13;<\/p>\n<p>Os prestadores de servi\u00e7o devem enviar por meio do site da Desenvolve SP a0 documenta\u00e7\u00e3o de identifica\u00e7\u00e3o e de comprova\u00e7\u00e3o da capacidade para prestar o servi\u00e7o, conforme regras para elegibilidade dispon\u00edveis no edital.<\/p>\n<p>A Desenvolve SP vai disponibilizar Fundos de Investimento nas Cadeias Produtivas Agroindustriais (Fiagro) e de Investimento em Direitos Credit\u00f3rios Agro (Fidc Agro) que somam, inicialmente, R$ 500 milh\u00f5es da ag\u00eancia de fomento destinados ao setor. O prop\u00f3sito \u00e9 incentivar o desenvolvimento sustent\u00e1vel do agroneg\u00f3cio paulista.<\/p>\n<p>Ao valor aportado pelo Governo de S\u00e3o Paulo, por meio da\u00a0Secretaria de Desenvolvimento Econ\u00f4mico\u00a0\u2013 \u00f3rg\u00e3o ao qual a\u00a0Desenvolve SP\u00a0est\u00e1 vinculada \u2013, ser\u00e3o acrescidos recursos oriundos da iniciativa privada. A proje\u00e7\u00e3o \u00e9 que o programa\u00a0Desenvolve Agro\u00a0supere a marca dos R$ 2,5 bilh\u00f5es.<\/p>\n<p>Os fundos devem financiar projetos de apoio \u00e0 inova\u00e7\u00e3o e ao empreendedorismo, bem como de investimentos em infraestrutura e sustentabilidade, al\u00e9m de facilitar o acesso ao cr\u00e9dito para pequenos e m\u00e9dios produtores rurais.<\/p>\n<p>A aplica\u00e7\u00e3o dos recursos ser\u00e1 regulada pelas normas da Comiss\u00e3o de Valores Mobili\u00e1rios (Cvm). A sele\u00e7\u00e3o dos prestadores de servi\u00e7o de gest\u00e3o de fundos ser\u00e1 feita por meio de carta-consulta para a comprova\u00e7\u00e3o dos requisitos estabelecidos no edital. O modelo de carta-consulta para envio de propostas tamb\u00e9m est\u00e1 <a href=\"https:\/\/www.desenvolvesp.com.br\/institucional\/sobre-a-desenvolve-sp\/participacoes\/cadastro-dos-fundos-de-investimentos-fip-fidic-e-fiagro\/\" rel=\"noopener\">dispon\u00edvel aqui<\/a>.<\/p>\n<p>Siga o canal \u201cGoverno de S\u00e3o Paulo\u201d no WhatsApp:<br \/><a href=\"https:\/\/bit.ly\/govspnozap\" target=\"_blank\" rel=\"noopener noreferrer\">https:\/\/bit.ly\/govspnozap<\/a><\/p>\n<\/p><\/div>\n<p><br \/>\n<br \/><a href=\"https:\/\/www.saopaulo.sp.gov.br\/spnoticias\/ultimas-noticias\/desenvolve-agro-gestores-de-fundos-de-investimento-podem-participar-do-programa\/\" rel=\"noopener\">Informa\u00e7\u00f5es GOV.SP<\/a><\/p>\n","protected":false},"excerpt":{"rendered":"<p>&#13; &#13; &#13; &#13; &#13; Programa lan\u00e7ado em 29 de abril dever\u00e1 disponibilizar mais de R$ 2,5 bilh\u00f5es a pequenos e m\u00e9dios produtores rurais do Estado de S\u00e3o Paulo &#13; &#13; &#13; &#13; Os prestadores de servi\u00e7o devem enviar por meio do site da Desenvolve SP a0 documenta\u00e7\u00e3o de identifica\u00e7\u00e3o e de comprova\u00e7\u00e3o da capacidade [&hellip;]<\/p>\n","protected":false},"author":1,"featured_media":238,"comment_status":"open","ping_status":"open","sticky":false,"template":"","format":"standard","meta":{"_jetpack_newsletter_access":"","_jetpack_dont_email_post_to_subs":false,"_jetpack_newsletter_tier_id":0,"_jetpack_memberships_contains_paywalled_content":false,"_mbp_banners":[],"_jetpack_feature_clip_id":0,"_jetpack_memberships_contains_paid_content":false,"footnotes":"","jetpack_publicize_message":"","jetpack_publicize_feature_enabled":true,"jetpack_social_post_already_shared":true,"jetpack_social_options":{"image_generator_settings":{"template":"highway","default_image_id":0,"font":"","enabled":false},"version":2},"jetpack_post_was_ever_published":false},"categories":[21],"tags":[],"class_list":["post-4847","post","type-post","status-publish","format-standard","has-post-thumbnail","category-sp-news"],"jetpack_publicize_connections":[],"jetpack-related-posts":[],"jetpack_shortlink":"https:\/\/wp.me\/p7Eq1F-1gb","jetpack_sharing_enabled":true,"jetpack_featured_media_url":"https:\/\/i0.wp.com\/guialimeira.com.br\/news\/wp-content\/uploads\/2024\/03\/cover.png?fit=650%2C650&ssl=1","_links":{"self":[{"href":"https:\/\/guialimeira.com.br\/news\/wp-json\/wp\/v2\/posts\/4847","targetHints":{"allow":["GET"]}}],"collection":[{"href":"https:\/\/guialimeira.com.br\/news\/wp-json\/wp\/v2\/posts"}],"about":[{"href":"https:\/\/guialimeira.com.br\/news\/wp-json\/wp\/v2\/types\/post"}],"author":[{"embeddable":true,"href":"https:\/\/guialimeira.com.br\/news\/wp-json\/wp\/v2\/users\/1"}],"replies":[{"embeddable":true,"href":"https:\/\/guialimeira.com.br\/news\/wp-json\/wp\/v2\/comments?post=4847"}],"version-history":[{"count":0,"href":"https:\/\/guialimeira.com.br\/news\/wp-json\/wp\/v2\/posts\/4847\/revisions"}],"wp:featuredmedia":[{"embeddable":true,"href":"https:\/\/guialimeira.com.br\/news\/wp-json\/wp\/v2\/media\/238"}],"wp:attachment":[{"href":"https:\/\/guialimeira.com.br\/news\/wp-json\/wp\/v2\/media?parent=4847"}],"wp:term":[{"taxonomy":"category","embeddable":true,"href":"https:\/\/guialimeira.com.br\/news\/wp-json\/wp\/v2\/categories?post=4847"},{"taxonomy":"post_tag","embeddable":true,"href":"https:\/\/guialimeira.com.br\/news\/wp-json\/wp\/v2\/tags?post=4847"}],"curies":[{"name":"wp","href":"https:\/\/api.w.org\/{rel}","templated":true}]}}