{"id":48440,"date":"2025-10-17T17:15:53","date_gmt":"2025-10-17T20:15:53","guid":{"rendered":"https:\/\/guialimeira.com.br\/?p=48440"},"modified":"2025-10-17T17:15:53","modified_gmt":"2025-10-17T20:15:53","slug":"tardezinha-no-centro-de-lazer-promete-pagode-com-piscina-em-cordeiropolis-prefeitura-municipal-de-cordeiropolis","status":"publish","type":"post","link":"https:\/\/guialimeira.com.br\/news\/tardezinha-no-centro-de-lazer-promete-pagode-com-piscina-em-cordeiropolis-prefeitura-municipal-de-cordeiropolis\/","title":{"rendered":"\u201cTardezinha no Centro de Lazer\u201d promete pagode com piscina em Cordeir\u00f3polis \u2013 Prefeitura Municipal de Cordeir\u00f3polis"},"content":{"rendered":"<p> <br \/>\n<\/p>\n<div>\n<p>O Centro de Lazer de Cordeir\u00f3polis ser\u00e1 palco de uma programa\u00e7\u00e3o especial no dia 25 (s\u00e1bado). Das 16h \u00e0s 21h, acontece a \u201cTardezinha no Centro de Lazer\u201d, evento promovido pela Secretaria de Esporte e Lazer em parceria com a Secretaria de Cultura, Turismo e Eventos.<\/p>\n<p>A iniciativa marca a reabertura das piscinas para o uso da popula\u00e7\u00e3o, ap\u00f3s o per\u00edodo de inverno, e receber\u00e1 os shows Pagode do Paulinho e DJ Vall. A entrada \u00e9 a doa\u00e7\u00e3o de um produto de limpeza. N\u00e3o \u00e9 permitida a entrada de coolers no local.<\/p>\n<p>\u201cO Centro de Lazer do Trabalhador \u00e9 um espa\u00e7o que vem se consolidando como ponto de encontro para atividades esportivas, culturais e de lazer. Queremos proporcionar um momento de alegria para as fam\u00edlias cordeiropolenses com um bom show de pagode e a reabertura das piscinas\u201d, destacou a respons\u00e1vel pela pasta, Layla Pennas.<\/p>\n<p><strong>SERVI\u00c7O<\/strong><\/p>\n<p><strong>Tardezinha no Centro de Lazer<\/strong><\/p>\n<p>Local: Centro de Lazer do Trabalhador<\/p>\n<p>Data: s\u00e1bado, 25 de outubro<\/p>\n<p>Hor\u00e1rio: das 16h \u00e0s 21h<\/p>\n<p>Entrada: 1 produto de limpeza<\/p>\n<p>Proibida a entrada de cooler<\/p>\n<\/p><\/div>\n<p><br \/>\n<br \/><a href=\"https:\/\/www.cordeiropolis.sp.gov.br\/tardezinha-no-centro-de-lazer-promete-pagode-com-piscina-em-cordeiropolis\/\" rel=\"noopener\">Informa\u00e7\u00f5es Cordeir\u00f3polis <\/a><\/p>\n","protected":false},"excerpt":{"rendered":"<p>O Centro de Lazer de Cordeir\u00f3polis ser\u00e1 palco de uma programa\u00e7\u00e3o especial no dia 25 (s\u00e1bado). Das 16h \u00e0s 21h, acontece a \u201cTardezinha no Centro de Lazer\u201d, evento promovido pela Secretaria de Esporte e Lazer em parceria com a Secretaria de Cultura, Turismo e Eventos. A iniciativa marca a reabertura das piscinas para o uso [&hellip;]<\/p>\n","protected":false},"author":1,"featured_media":0,"comment_status":"open","ping_status":"open","sticky":false,"template":"","format":"standard","meta":{"_jetpack_newsletter_access":"","_jetpack_dont_email_post_to_subs":false,"_jetpack_newsletter_tier_id":0,"_jetpack_memberships_contains_paywalled_content":false,"_mbp_banners":[],"_jetpack_feature_clip_id":0,"_jetpack_memberships_contains_paid_content":false,"footnotes":"","jetpack_publicize_message":"","jetpack_publicize_feature_enabled":true,"jetpack_social_post_already_shared":true,"jetpack_social_options":{"image_generator_settings":{"template":"highway","default_image_id":0,"font":"","enabled":false},"version":2},"jetpack_post_was_ever_published":false},"categories":[20],"tags":[],"class_list":["post-48440","post","type-post","status-publish","format-standard","category-regiao"],"jetpack_publicize_connections":[],"jetpack-related-posts":[],"jetpack_shortlink":"https:\/\/wp.me\/p7Eq1F-cBi","jetpack_sharing_enabled":true,"jetpack_featured_media_url":"","_links":{"self":[{"href":"https:\/\/guialimeira.com.br\/news\/wp-json\/wp\/v2\/posts\/48440","targetHints":{"allow":["GET"]}}],"collection":[{"href":"https:\/\/guialimeira.com.br\/news\/wp-json\/wp\/v2\/posts"}],"about":[{"href":"https:\/\/guialimeira.com.br\/news\/wp-json\/wp\/v2\/types\/post"}],"author":[{"embeddable":true,"href":"https:\/\/guialimeira.com.br\/news\/wp-json\/wp\/v2\/users\/1"}],"replies":[{"embeddable":true,"href":"https:\/\/guialimeira.com.br\/news\/wp-json\/wp\/v2\/comments?post=48440"}],"version-history":[{"count":1,"href":"https:\/\/guialimeira.com.br\/news\/wp-json\/wp\/v2\/posts\/48440\/revisions"}],"predecessor-version":[{"id":48441,"href":"https:\/\/guialimeira.com.br\/news\/wp-json\/wp\/v2\/posts\/48440\/revisions\/48441"}],"wp:attachment":[{"href":"https:\/\/guialimeira.com.br\/news\/wp-json\/wp\/v2\/media?parent=48440"}],"wp:term":[{"taxonomy":"category","embeddable":true,"href":"https:\/\/guialimeira.com.br\/news\/wp-json\/wp\/v2\/categories?post=48440"},{"taxonomy":"post_tag","embeddable":true,"href":"https:\/\/guialimeira.com.br\/news\/wp-json\/wp\/v2\/tags?post=48440"}],"curies":[{"name":"wp","href":"https:\/\/api.w.org\/{rel}","templated":true}]}}