{"id":4840,"date":"2024-05-13T17:44:47","date_gmt":"2024-05-13T20:44:47","guid":{"rendered":"https:\/\/guialimeira.com.br\/2024\/05\/13\/barao-de-campinas-e-liberada-apos-interdicao-por-obras\/"},"modified":"2024-05-13T17:44:47","modified_gmt":"2024-05-13T20:44:47","slug":"barao-de-campinas-e-liberada-apos-interdicao-por-obras","status":"publish","type":"post","link":"https:\/\/guialimeira.com.br\/news\/barao-de-campinas-e-liberada-apos-interdicao-por-obras\/","title":{"rendered":"Bar\u00e3o de Campinas \u00e9 liberada ap\u00f3s interdi\u00e7\u00e3o por obras"},"content":{"rendered":"<p> <br \/>\n<\/p>\n<div>\n            <main class=\"\">&#13;<br \/>\n                &#13;<br \/>\n&#13;<br \/>\n&#13;<br \/>\n&#13;<br \/>\n    <img data-recalc-dims=\"1\" decoding=\"async\" src=\"https:\/\/i0.wp.com\/ecrie.com.br\/sistema\/conteudos\/imagem\/m_137_0_1_13052024170608.jpeg?w=696&#038;ssl=1\" alt=\"Bar\u00e3o de Campinas \u00e9 liberada ap\u00f3s interdi\u00e7\u00e3o por obras\"\/>&#13;<br \/>\n&#13;<\/p>\n<p style=\"text-align: justify;\" align=\"justify\">O trecho da Rua Bar\u00e3o de Campinas, entre as ruas Lavap\u00e9s e Duque de Caxias, foi liberado para o tr\u00e2nsito. A informa\u00e7\u00e3o \u00e9 da Secretaria de Obras e Servi\u00e7os P\u00fablicos. A via estava interditada desde o in\u00edcio das obras de recupera\u00e7\u00e3o das galerias da regi\u00e3o do Mercado Modelo, no Centro de Limeira. No local, a Prefeitura constr\u00f3i dois piscin\u00f5es \u2013 que v\u00e3o comportar 10 milh\u00f5es de litros de \u00e1guas das chuvas.<\/p>\n<p>&#13;<\/p>\n<p style=\"text-align: justify;\" align=\"justify\"><strong>OBRAS<\/strong><\/p>\n<p>&#13;<\/p>\n<p style=\"text-align: justify;\" align=\"justify\">Segundo a Secretaria de Obras e Servi\u00e7os P\u00fablicos, as obras na regi\u00e3o do Mercad\u00e3o continuam. No momento, as equipes concentram-se na implanta\u00e7\u00e3o da nova rampa de acesso ao Mercad\u00e3o, execu\u00e7\u00e3o das guias e sarjetas do estacionamento e da infraestrutura de ilumina\u00e7\u00e3o do estacionamento. Paralelamente, \u00e9 executado o reservat\u00f3rio de combate a inc\u00eandios no local.<\/p>\n<p>&#13;<br \/>\n&#13;<br \/>\n&#13;<br \/>\n&#13;<\/p>\n<aside class=\"list-related no-print\">&#13;<br \/>\n        &#13;<br \/>\n&#13;<\/p>\n<article class=\"list-item noticias \">&#13;<br \/>\n                    <a class=\"list-item__img\" href=\"https:\/\/limeira.sp.gov.br\/imprensa\/noticias\/obras-e-servicos-publicos\/com-investimento-que-ultrapassa-r-48-milhoes-prefeitura-anuncia-pacote-de-obras\" tabindex=\"-1\" aria-hidden=\"true\" rel=\"noopener\">&#13;<br \/>\n                        <img data-recalc-dims=\"1\" decoding=\"async\" src=\"https:\/\/i0.wp.com\/ecrie.com.br\/sistema\/conteudos\/imagem\/m_137_3_2_10052024165829.jpg?w=696&#038;ssl=1\" alt=\"Com investimento que ultrapassa R$ 48 milh\u00f5es, Prefeitura anuncia pacote de obras\"\/>&#13;<br \/>\n                    <\/a>&#13;<br \/>\n&#13;<br \/>\n                &#13;<br \/>\n            <\/article>\n<p>&#13;<\/p>\n<article class=\"list-item noticias \">&#13;<br \/>\n                    <a class=\"list-item__img\" href=\"https:\/\/limeira.sp.gov.br\/imprensa\/noticias\/obras-e-servicos-publicos\/rua-adhemar-de-barros-sera-recapeada-a-partir-desta-sexta-feira\" tabindex=\"-1\" aria-hidden=\"true\" rel=\"noopener\">&#13;<br \/>\n                        <img data-recalc-dims=\"1\" decoding=\"async\" src=\"https:\/\/i0.wp.com\/ecrie.com.br\/sistema\/conteudos\/imagem\/m_137_0_1_09052024171126.jpg?w=696&#038;ssl=1\" alt=\"Rua Adhemar de Barros ser\u00e1 recapeada a partir desta sexta-feira\"\/>&#13;<br \/>\n                    <\/a>&#13;<br \/>\n&#13;<br \/>\n                &#13;<br \/>\n            <\/article>\n<p>&#13;<\/p>\n<article class=\"list-item noticias \">&#13;<br \/>\n                    <a class=\"list-item__img\" href=\"https:\/\/limeira.sp.gov.br\/imprensa\/noticias\/obras-e-servicos-publicos\/estado-repassa-r-8-milhoes-e-prefeitura-fara-o-recapeamento-de-36-vias-do-municipio\" tabindex=\"-1\" aria-hidden=\"true\" rel=\"noopener\">&#13;<br \/>\n                        <img data-recalc-dims=\"1\" decoding=\"async\" src=\"https:\/\/i0.wp.com\/ecrie.com.br\/sistema\/conteudos\/imagem\/m_137_0_1_09052024165815.jpg?w=696&#038;ssl=1\" alt=\"Estado repassa R$ 8 milh\u00f5es e Prefeitura far\u00e1 o recapeamento de 36 vias do munic\u00edpio\"\/>&#13;<br \/>\n                    <\/a>&#13;<br \/>\n&#13;<br \/>\n                &#13;<br \/>\n            <\/article>\n<p>&#13;<br \/>\n    <\/aside>\n<p>&#13;<br \/>\n&#13;<br \/>\n            <\/main><\/p><\/div>\n<p><br \/>\n<br \/><a href=\"https:\/\/limeira.sp.gov.br\/barao-de-campinas-e-liberada-apos-interdicao-por-obras\" rel=\"noopener\">Informa\u00e7\u00f5es da PML <\/a><\/p>\n","protected":false},"excerpt":{"rendered":"<p>&#13; &#13; &#13; &#13; &#13; &#13; &#13; O trecho da Rua Bar\u00e3o de Campinas, entre as ruas Lavap\u00e9s e Duque de Caxias, foi liberado para o tr\u00e2nsito. A informa\u00e7\u00e3o \u00e9 da Secretaria de Obras e Servi\u00e7os P\u00fablicos. A via estava interditada desde o in\u00edcio das obras de recupera\u00e7\u00e3o das galerias da regi\u00e3o do Mercado Modelo, [&hellip;]<\/p>\n","protected":false},"author":1,"featured_media":4841,"comment_status":"open","ping_status":"open","sticky":false,"template":"","format":"standard","meta":{"_jetpack_newsletter_access":"","_jetpack_dont_email_post_to_subs":false,"_jetpack_newsletter_tier_id":0,"_jetpack_memberships_contains_paywalled_content":false,"_mbp_banners":[],"_jetpack_feature_clip_id":0,"_jetpack_memberships_contains_paid_content":false,"footnotes":"","jetpack_publicize_message":"","jetpack_publicize_feature_enabled":true,"jetpack_social_post_already_shared":true,"jetpack_social_options":{"image_generator_settings":{"template":"highway","default_image_id":0,"font":"","enabled":false},"version":2},"jetpack_post_was_ever_published":false},"categories":[16],"tags":[],"class_list":["post-4840","post","type-post","status-publish","format-standard","has-post-thumbnail","category-local"],"jetpack_publicize_connections":[],"jetpack-related-posts":[],"jetpack_shortlink":"https:\/\/wp.me\/p7Eq1F-1g4","jetpack_sharing_enabled":true,"jetpack_featured_media_url":"https:\/\/i0.wp.com\/guialimeira.com.br\/news\/wp-content\/uploads\/2024\/05\/m_137_0_1_13052024170608.jpeg?fit=900%2C675&ssl=1","_links":{"self":[{"href":"https:\/\/guialimeira.com.br\/news\/wp-json\/wp\/v2\/posts\/4840","targetHints":{"allow":["GET"]}}],"collection":[{"href":"https:\/\/guialimeira.com.br\/news\/wp-json\/wp\/v2\/posts"}],"about":[{"href":"https:\/\/guialimeira.com.br\/news\/wp-json\/wp\/v2\/types\/post"}],"author":[{"embeddable":true,"href":"https:\/\/guialimeira.com.br\/news\/wp-json\/wp\/v2\/users\/1"}],"replies":[{"embeddable":true,"href":"https:\/\/guialimeira.com.br\/news\/wp-json\/wp\/v2\/comments?post=4840"}],"version-history":[{"count":0,"href":"https:\/\/guialimeira.com.br\/news\/wp-json\/wp\/v2\/posts\/4840\/revisions"}],"wp:featuredmedia":[{"embeddable":true,"href":"https:\/\/guialimeira.com.br\/news\/wp-json\/wp\/v2\/media\/4841"}],"wp:attachment":[{"href":"https:\/\/guialimeira.com.br\/news\/wp-json\/wp\/v2\/media?parent=4840"}],"wp:term":[{"taxonomy":"category","embeddable":true,"href":"https:\/\/guialimeira.com.br\/news\/wp-json\/wp\/v2\/categories?post=4840"},{"taxonomy":"post_tag","embeddable":true,"href":"https:\/\/guialimeira.com.br\/news\/wp-json\/wp\/v2\/tags?post=4840"}],"curies":[{"name":"wp","href":"https:\/\/api.w.org\/{rel}","templated":true}]}}