{"id":48259,"date":"2025-10-15T18:25:55","date_gmt":"2025-10-15T21:25:55","guid":{"rendered":"https:\/\/guialimeira.com.br\/?p=48259"},"modified":"2025-10-15T18:25:55","modified_gmt":"2025-10-15T21:25:55","slug":"cordeiropolis-celebra-os-35-anos-do-sus-com-plantio-de-arvores-prefeitura-municipal-de-cordeiropolis","status":"publish","type":"post","link":"https:\/\/guialimeira.com.br\/news\/cordeiropolis-celebra-os-35-anos-do-sus-com-plantio-de-arvores-prefeitura-municipal-de-cordeiropolis\/","title":{"rendered":"Cordeir\u00f3polis celebra os 35 anos do SUS com plantio de \u00e1rvores \u2013 Prefeitura Municipal de Cordeir\u00f3polis"},"content":{"rendered":"<p> <br \/>\n<\/p>\n<div>\n<p>Em comemora\u00e7\u00e3o aos 35 anos do Sistema \u00danico de Sa\u00fade (SUS), 35 novas \u00e1rvores foram plantadas em Cordeir\u00f3polis nesta quarta-feira (15). A rotat\u00f3ria da Rodovia Dr. C\u00e1ssio de Freitas Levy recebeu o plantio de 12 mudas. As demais \u00e1rvores foram plantadas em uma \u00e1rea na Av. Aristeu Marcicano. Ip\u00eas amarelos, ip\u00eas brancos e primaveras foram as esp\u00e9cies plantadas.<\/p>\n<p>A cerim\u00f4nia contou com a presen\u00e7a da prefeita Cristina Saad, da secret\u00e1ria de Sa\u00fade, Regiane Portes Mendes, do secret\u00e1rio interino de Sa\u00fade de Limeira, Alexandre Ferrari, da secret\u00e1ria de Meio Ambiente, Bruna Vidoretti, do presidente da C\u00e2mara, Paulo Cesar Morais de Oliveira, e dos vereadores Vilson Caleffi, Valmir Sanches, C\u00edcero da Silva, Deize Bettin, Jos\u00e9 Antonio Br\u00e1s, Sidnei Gambaro e Rozimar Rodrigues, al\u00e9m de outros secret\u00e1rios e servidores.<\/p>\n<p>\u201cO plantio dessas \u00e1rvores significa a esperan\u00e7a de um futuro melhor para nossa cidade. N\u00f3s acreditamos no SUS e ele s\u00f3 \u00e9 poss\u00edvel gra\u00e7as a profissionais que trabalham 24 horas, todos os dias, valorizando o cuidado com a sa\u00fade. Tenho muito orgulho dos profissionais de Cordeir\u00f3polis. Minha gratid\u00e3o a todos voc\u00eas que salvam vidas diariamente\u201d, afirmou a prefeita.<\/p>\n<p>\u201cH\u00e1 35 anos, o pa\u00eds decidiu que a sa\u00fade deveria ser um direito de todos. Isso \u00e9 o SUS. \u00c9 vida, \u00e9 inclus\u00e3o e cidadania. Muitos aqui presentes, profissionais, gestores e usu\u00e1rios, contribu\u00edram nestes 35 anos e continuam contribuindo para que o SUS seja mais eficiente, mais acolhedor e mais pr\u00f3ximo das pessoas\u201d, comentou Regiane.<\/p>\n<p>A a\u00e7\u00e3o contou com o apoio da Secretaria de Meio Ambiente, respons\u00e1vel pela prepara\u00e7\u00e3o do solo e doa\u00e7\u00e3o das mudas.<\/p>\n<figure class=\"wp-block-gallery has-nested-images columns-default is-cropped wp-block-gallery-1 is-layout-flex wp-block-gallery-is-layout-flex\">\n<figure class=\"wp-block-image size-large\"><\/figure>\n<figure class=\"wp-block-image size-large\"><img data-recalc-dims=\"1\" decoding=\"async\" loading=\"lazy\" width=\"696\" height=\"522\" data-id=\"31507\" src=\"https:\/\/i0.wp.com\/guialimeira.com.br\/wp-content\/uploads\/2025\/10\/1760563554_375_Cordeiropolis-celebra-os-35-anos-do-SUS-com-plantio-de.jpg?resize=696%2C522&#038;ssl=1\" alt=\"\" class=\"wp-image-31507\" \/><\/figure>\n<figure class=\"wp-block-image size-large\"><img data-recalc-dims=\"1\" decoding=\"async\" data-attachment-id=\"31506\" data-permalink=\"https:\/\/guialimeira.com.br\/news\/quase-metade-das-declaracoes-de-ir-ja-entregues-foi-pre-preenchida\/portalgov_0812214981-jpg\/\" data-orig-file=\"https:\/\/i0.wp.com\/guialimeira.com.br\/news\/wp-content\/uploads\/2025\/04\/portalgov_0812214981.jpg?fit=1600%2C800&amp;ssl=1\" data-orig-size=\"1600,800\" data-comments-opened=\"1\" data-image-meta=\"{&quot;aperture&quot;:&quot;0&quot;,&quot;credit&quot;:&quot;&quot;,&quot;camera&quot;:&quot;&quot;,&quot;caption&quot;:&quot;&quot;,&quot;created_timestamp&quot;:&quot;0&quot;,&quot;copyright&quot;:&quot;&quot;,&quot;focal_length&quot;:&quot;0&quot;,&quot;iso&quot;:&quot;0&quot;,&quot;shutter_speed&quot;:&quot;0&quot;,&quot;title&quot;:&quot;&quot;,&quot;orientation&quot;:&quot;0&quot;}\" data-image-title=\"portalgov_0812214981.jpg\" data-image-description=\"\" data-image-caption=\"\" data-large-file=\"https:\/\/i0.wp.com\/guialimeira.com.br\/news\/wp-content\/uploads\/2025\/04\/portalgov_0812214981.jpg?fit=696%2C348&amp;ssl=1\" loading=\"lazy\" width=\"696\" height=\"392\" data-id=\"31506\" src=\"https:\/\/i0.wp.com\/guialimeira.com.br\/wp-content\/uploads\/2025\/10\/1760563554_988_Cordeiropolis-celebra-os-35-anos-do-SUS-com-plantio-de.jpg?resize=696%2C392&#038;ssl=1\" alt=\"\" class=\"wp-image-31506\" \/><\/figure>\n<figure class=\"wp-block-image size-large\"><img data-recalc-dims=\"1\" decoding=\"async\" loading=\"lazy\" width=\"696\" height=\"392\" data-id=\"31505\" src=\"https:\/\/i0.wp.com\/guialimeira.com.br\/wp-content\/uploads\/2025\/10\/1760563554_404_Cordeiropolis-celebra-os-35-anos-do-SUS-com-plantio-de.jpg?resize=696%2C392&#038;ssl=1\" alt=\"\" class=\"wp-image-31505\" \/><\/figure>\n<figure class=\"wp-block-image size-large\"><img data-recalc-dims=\"1\" decoding=\"async\" data-attachment-id=\"31504\" data-permalink=\"https:\/\/guialimeira.com.br\/news\/evento-de-adocao-e-neste-sabado-no-patio-limeira-shopping\/img_0800-jpg\/\" data-orig-file=\"https:\/\/i0.wp.com\/guialimeira.com.br\/news\/wp-content\/uploads\/2025\/04\/IMG_0800.jpg?fit=899%2C1076&amp;ssl=1\" data-orig-size=\"899,1076\" data-comments-opened=\"1\" data-image-meta=\"{&quot;aperture&quot;:&quot;0&quot;,&quot;credit&quot;:&quot;&quot;,&quot;camera&quot;:&quot;&quot;,&quot;caption&quot;:&quot;&quot;,&quot;created_timestamp&quot;:&quot;0&quot;,&quot;copyright&quot;:&quot;&quot;,&quot;focal_length&quot;:&quot;0&quot;,&quot;iso&quot;:&quot;0&quot;,&quot;shutter_speed&quot;:&quot;0&quot;,&quot;title&quot;:&quot;&quot;,&quot;orientation&quot;:&quot;1&quot;}\" data-image-title=\"IMG_0800.jpg\" data-image-description=\"\" data-image-caption=\"\" data-large-file=\"https:\/\/i0.wp.com\/guialimeira.com.br\/news\/wp-content\/uploads\/2025\/04\/IMG_0800.jpg?fit=696%2C833&amp;ssl=1\" loading=\"lazy\" width=\"696\" height=\"522\" data-id=\"31504\" src=\"https:\/\/i0.wp.com\/guialimeira.com.br\/wp-content\/uploads\/2025\/10\/1760563554_975_Cordeiropolis-celebra-os-35-anos-do-SUS-com-plantio-de.jpg?resize=696%2C522&#038;ssl=1\" alt=\"\" class=\"wp-image-31504\" \/><\/figure>\n<\/figure><\/div>\n<p><br \/>\n<br \/><a href=\"https:\/\/www.cordeiropolis.sp.gov.br\/cordeiropolis-celebra-os-35-anos-do-sus-com-plantio-de-arvores\/\" rel=\"noopener\">Informa\u00e7\u00f5es Cordeir\u00f3polis <\/a><\/p>\n","protected":false},"excerpt":{"rendered":"<p>Em comemora\u00e7\u00e3o aos 35 anos do Sistema \u00danico de Sa\u00fade (SUS), 35 novas \u00e1rvores foram plantadas em Cordeir\u00f3polis nesta quarta-feira (15). A rotat\u00f3ria da Rodovia Dr. C\u00e1ssio de Freitas Levy recebeu o plantio de 12 mudas. As demais \u00e1rvores foram plantadas em uma \u00e1rea na Av. Aristeu Marcicano. Ip\u00eas amarelos, ip\u00eas brancos e primaveras foram [&hellip;]<\/p>\n","protected":false},"author":1,"featured_media":48260,"comment_status":"open","ping_status":"open","sticky":false,"template":"","format":"standard","meta":{"_jetpack_newsletter_access":"","_jetpack_dont_email_post_to_subs":false,"_jetpack_newsletter_tier_id":0,"_jetpack_memberships_contains_paywalled_content":false,"_mbp_banners":[],"_jetpack_feature_clip_id":0,"_jetpack_memberships_contains_paid_content":false,"footnotes":"","jetpack_publicize_message":"","jetpack_publicize_feature_enabled":true,"jetpack_social_post_already_shared":true,"jetpack_social_options":{"image_generator_settings":{"template":"highway","default_image_id":0,"font":"","enabled":false},"version":2},"jetpack_post_was_ever_published":false},"categories":[20],"tags":[],"class_list":["post-48259","post","type-post","status-publish","format-standard","has-post-thumbnail","category-regiao"],"jetpack_publicize_connections":[],"jetpack-related-posts":[],"jetpack_shortlink":"https:\/\/wp.me\/p7Eq1F-cyn","jetpack_sharing_enabled":true,"jetpack_featured_media_url":"https:\/\/i0.wp.com\/guialimeira.com.br\/news\/wp-content\/uploads\/2025\/10\/Cordeiropolis-celebra-os-35-anos-do-SUS-com-plantio-de.jpg?fit=1024%2C768&ssl=1","_links":{"self":[{"href":"https:\/\/guialimeira.com.br\/news\/wp-json\/wp\/v2\/posts\/48259","targetHints":{"allow":["GET"]}}],"collection":[{"href":"https:\/\/guialimeira.com.br\/news\/wp-json\/wp\/v2\/posts"}],"about":[{"href":"https:\/\/guialimeira.com.br\/news\/wp-json\/wp\/v2\/types\/post"}],"author":[{"embeddable":true,"href":"https:\/\/guialimeira.com.br\/news\/wp-json\/wp\/v2\/users\/1"}],"replies":[{"embeddable":true,"href":"https:\/\/guialimeira.com.br\/news\/wp-json\/wp\/v2\/comments?post=48259"}],"version-history":[{"count":1,"href":"https:\/\/guialimeira.com.br\/news\/wp-json\/wp\/v2\/posts\/48259\/revisions"}],"predecessor-version":[{"id":48261,"href":"https:\/\/guialimeira.com.br\/news\/wp-json\/wp\/v2\/posts\/48259\/revisions\/48261"}],"wp:featuredmedia":[{"embeddable":true,"href":"https:\/\/guialimeira.com.br\/news\/wp-json\/wp\/v2\/media\/48260"}],"wp:attachment":[{"href":"https:\/\/guialimeira.com.br\/news\/wp-json\/wp\/v2\/media?parent=48259"}],"wp:term":[{"taxonomy":"category","embeddable":true,"href":"https:\/\/guialimeira.com.br\/news\/wp-json\/wp\/v2\/categories?post=48259"},{"taxonomy":"post_tag","embeddable":true,"href":"https:\/\/guialimeira.com.br\/news\/wp-json\/wp\/v2\/tags?post=48259"}],"curies":[{"name":"wp","href":"https:\/\/api.w.org\/{rel}","templated":true}]}}