{"id":4823,"date":"2024-05-13T15:42:49","date_gmt":"2024-05-13T18:42:49","guid":{"rendered":"https:\/\/guialimeira.com.br\/2024\/05\/13\/circuito-sesc-de-artes-e-destaque-da-semana\/"},"modified":"2024-05-13T15:42:49","modified_gmt":"2024-05-13T18:42:49","slug":"circuito-sesc-de-artes-e-destaque-da-semana","status":"publish","type":"post","link":"https:\/\/guialimeira.com.br\/news\/circuito-sesc-de-artes-e-destaque-da-semana\/","title":{"rendered":"Circuito Sesc de Artes \u00e9 destaque da semana"},"content":{"rendered":"<p> <br \/>\n<\/p>\n<div id=\"\">&#13;<br \/>\n                &#13;<br \/>\n&#13;<br \/>\n&#13;<br \/>\n&#13;<br \/>\n    <img data-recalc-dims=\"1\" decoding=\"async\" src=\"https:\/\/i0.wp.com\/ecrie.com.br\/sistema\/conteudos\/imagem\/m_137_0_1_13052024141143.jpg?w=696&#038;ssl=1\" alt=\"Circuito Sesc de Artes \u00e9 destaque da semana\"\/>&#13;<br \/>\n&#13;<\/p>\n<p style=\"text-align: justify;\"><span style=\"font-weight: 400;\">A programa\u00e7\u00e3o da semana traz como destaque o Circuito Sesc de Artes, que acontece no s\u00e1bado (18), no Parque Cidade, \u00e0s 16h. <\/span><span style=\"font-weight: 400;\">O evento oferece atividades gratuitas nas \u00e1reas de arte e cultura. A realiza\u00e7\u00e3o \u00e9 do Sesc S\u00e3o Paulo em parceria com a Prefeitura de Limeira, por meio da Secretaria de Cultura, e Sindicato do Com\u00e9rcio de Bens, Servi\u00e7os e Turismo.<\/span><\/p>\n<p>&#13;<\/p>\n<p style=\"text-align: justify;\"><span style=\"font-weight: 400;\">A agenda ainda conta com encontros na Biblioteca Municipal, exibi\u00e7\u00e3o de document\u00e1rio e retreta. Confira abaixo.<\/span><\/p>\n<p>&#13;<\/p>\n<p>\u00a0<\/p>\n<p>&#13;<\/p>\n<p style=\"text-align: justify;\"><strong>Literatura: Clube do Livro conversa sobre\u00a0 \u201cA Biblioteca da Meia-Noite\u201d<\/strong><\/p>\n<p>&#13;<\/p>\n<p style=\"text-align: justify;\"><span style=\"font-weight: 400;\">Quarta-feira (15), \u00e0s 18h15 &#8211; Biblioteca Municipal Professor Jo\u00e3o de Sousa Ferraz<\/span><\/p>\n<p>&#13;<\/p>\n<p style=\"text-align: justify;\"><span style=\"font-weight: 400;\">O bate-papo ser\u00e1 sobre o livro \u201cA Biblioteca da Meia-Noite\u201d de Matt Haig. A narrativa apresenta Nora Seed, de 35 anos, uma mulher cheia de talentos e poucas conquistas. Arrependida das escolhas que fez no passado, ela vive se perguntando o que poderia ter acontecido caso tivesse vivido de maneira diferente. Ap\u00f3s ser demitida e seu gato ser atropelado, Nora v\u00ea pouco sentido em sua exist\u00eancia e decide colocar um ponto final em tudo. Por\u00e9m, quando se v\u00ea na Biblioteca da Meia-Noite, Nora ganha uma oportunidade \u00fanica de viver todas as vidas que poderia ter vivido. Neste lugar entre a vida e a morte, e gra\u00e7as \u00e0 ajuda de uma velha amiga, Nora pode, finalmente, se mudar para a Austr\u00e1lia, reatar relacionamentos antigos \u2013 ou come\u00e7ar outros \u2013, ser uma estrela do rock, uma glaciologista, uma nadadora ol\u00edmpica&#8230; enfim, as op\u00e7\u00f5es s\u00e3o infinitas. Mas ser\u00e1 que alguma dessas outras vidas \u00e9 realmente melhor do que a que ela j\u00e1 tem? A media\u00e7\u00e3o \u00e9 por Daniele Pedroso.<\/span><\/p>\n<p>&#13;<\/p>\n<p style=\"text-align: justify;\"><span style=\"font-weight: 400;\">Entrada: Gratuita.<\/span><\/p>\n<p>&#13;<\/p>\n<p style=\"text-align: justify;\"><span style=\"font-weight: 400;\">Classifica\u00e7\u00e3o: A partir de 14 anos.<\/span><\/p>\n<p>&#13;<\/p>\n<p style=\"text-align: justify;\"><span style=\"font-weight: 400;\">Realiza\u00e7\u00e3o: Prefeitura, por meio da Secretaria de Cultura.<\/span><\/p>\n<p>&#13;<\/p>\n<p style=\"text-align: justify;\"><span style=\"font-weight: 400;\">\u00a0<\/span><\/p>\n<p>&#13;<\/p>\n<p style=\"text-align: justify;\"><strong>Atividade: Investigando o acervo do museu de Limeira &#8211; Museus, Educa\u00e7\u00e3o e Pesquisa<\/strong><\/p>\n<p>&#13;<\/p>\n<p style=\"text-align: justify;\"><span style=\"font-weight: 400;\">Quinta-feira (16) e sexta-feira (17)<\/span><\/p>\n<p>&#13;<\/p>\n<p style=\"text-align: justify;\"><span style=\"font-weight: 400;\">A 22\u00ba edi\u00e7\u00e3o da Semana Nacional de Museus leva a atividade at\u00e9 as escolas de ensino fundamental e\/ou ensino m\u00e9dio.\u00a0<\/span><\/p>\n<p>&#13;<\/p>\n<p style=\"text-align: justify;\"><span style=\"font-weight: 400;\">Inscri\u00e7\u00f5es pelo telefone: 3442-1707.<\/span><\/p>\n<p>&#13;<\/p>\n<p style=\"text-align: justify;\"><span style=\"font-weight: 400;\">Vagas: 2 turmas separadas.<\/span><\/p>\n<p>&#13;<\/p>\n<p style=\"text-align: justify;\"><span style=\"font-weight: 400;\">Realiza\u00e7\u00e3o: Ibram (Instituto Brasileiro de Museus), Museu Major Jos\u00e9 levy Sobrinho e Prefeitura, por meio da Secretaria de Cultura.<\/span><\/p>\n<p>&#13;<\/p>\n<p style=\"text-align: justify;\"><span style=\"font-weight: 400;\">\u00a0<\/span><\/p>\n<p>&#13;<\/p>\n<p style=\"text-align: justify;\"><strong>Document\u00e1rio: Luzes da Esperan\u00e7a &#8211; O Caminho Iluminado por Elizabeth Teixeira<\/strong><\/p>\n<p>&#13;<\/p>\n<p style=\"text-align: justify;\"><span style=\"font-weight: 400;\">Quinta-feira (16), \u00e0s 18h &#8211; Bairro Elizabeth Teixeira,\u00a0 Rua 13\u00a0 &#8211; Quadra D, Lote 5<\/span><\/p>\n<p>&#13;<\/p>\n<p style=\"text-align: justify;\"><span style=\"font-weight: 400;\">O document\u00e1rio da produtora Guimily apresenta personagens que por anos viveram sem energia el\u00e9trica, contando da dificuldade que cada um enfrentou para encarar este obst\u00e1culo, nos levando a refletir sobre como ainda tem pessoas que passam pela dificuldade de um recurso t\u00e3o comum, mas que ainda n\u00e3o atinge a todos. \u00c9 emocionante, impactante e revoltante.\u00a0\u00a0\u00a0<\/span><\/p>\n<p>&#13;<\/p>\n<p style=\"text-align: justify;\"><span style=\"font-weight: 400;\">Classifica\u00e7\u00e3o:\u00a0 Livre.<\/span><\/p>\n<p>&#13;<\/p>\n<p style=\"text-align: justify;\"><span style=\"font-weight: 400;\">Realiza\u00e7\u00e3o: Lei Paulo Gustavo pelo Minist\u00e9rio da Cultura, com apoio da Prefeitura, por meio da Secretaria de Cultura e Guimily Produtora.<\/span><\/p>\n<p>&#13;<\/p>\n<p style=\"text-align: justify;\"><span style=\"font-weight: 400;\">Dura\u00e7\u00e3o: 90 min.<\/span><\/p>\n<p>&#13;<\/p>\n<p style=\"text-align: justify;\"><span style=\"font-weight: 400;\">\u00a0<\/span><\/p>\n<p>&#13;<\/p>\n<p style=\"text-align: justify;\"><strong>Teatro Contado: A Hist\u00f3ria de Leytor com Almir Marcelino<\/strong><\/p>\n<p>&#13;<\/p>\n<p style=\"text-align: justify;\"><span style=\"font-weight: 400;\">Sexta-feira (17), \u00e0s 9h &#8211; Biblioteca Municipal Professor Jo\u00e3o de Sousa Ferraz<\/span><\/p>\n<p>&#13;<\/p>\n<p style=\"text-align: justify;\"><span style=\"font-weight: 400;\">Leytor, um menino curioso e esperto, vive uma grande aventura atrav\u00e9s da \u201cVia Lectra\u201d para recuperar a semente da imagina\u00e7\u00e3o, que foi roubada de seu planeta, \u201cB\u00edblios\u201d. Motivado pela instigante miss\u00e3o dada pelo grande Mestre P\u00e1lavrus, o pequeno bibli\u00f4ncio conhece outros planetas como Musiton, Artela e o grande planeta T\u00e9cnus e muitas outras formas de contar hist\u00f3rias.\u00a0<\/span><\/p>\n<p>&#13;<\/p>\n<p style=\"text-align: justify;\"><span style=\"font-weight: 400;\">Agendamento para grupos e escolas pelo telefone e WhatsApp: 3442-6539.<\/span><\/p>\n<p>&#13;<\/p>\n<p style=\"text-align: justify;\"><span style=\"font-weight: 400;\">Entrada: Gratuita.<\/span><\/p>\n<p>&#13;<\/p>\n<p style=\"text-align: justify;\"><span style=\"font-weight: 400;\">Classifica\u00e7\u00e3o: De 6 a 10 anos.<\/span><\/p>\n<p>&#13;<\/p>\n<p style=\"text-align: justify;\"><span style=\"font-weight: 400;\">Realiza\u00e7\u00e3o: Teatro do Botokhypariu, Torres Produ\u00e7\u00f5es Culturais e Governo do Estado de S\u00e3o Paulo, por meio da Secretaria da Cultura, Economia e Ind\u00fastria Criativas com recursos do Programa de A\u00e7\u00e3o Cultural \u2013 ProAC, com apoio da Prefeitura, por meio da Secretaria de Cultura.<\/span><\/p>\n<p>&#13;<\/p>\n<p style=\"text-align: justify;\"><span style=\"font-weight: 400;\">\u00a0\u00a0<\/span><\/p>\n<p>&#13;<\/p>\n<p style=\"text-align: justify;\"><strong>Evento: Circuito Sesc de Artes<\/strong><\/p>\n<p>&#13;<\/p>\n<p style=\"text-align: justify;\"><span style=\"font-weight: 400;\">S\u00e1bado (18), \u00e0s 16h &#8211; Parque Cidade<\/span><\/p>\n<p>&#13;<\/p>\n<p style=\"text-align: justify;\"><span style=\"font-weight: 400;\">O evento oferece atividades gratuitas, com oficinas na \u00e1rea de artes visuais e tecnologia, cinema, media\u00e7\u00f5es de leitura e espet\u00e1culos de circo, dan\u00e7a, m\u00fasica e teatro. S\u00e3o compartilhadas experi\u00eancias em um encontro com a arte e a cultura.<\/span><\/p>\n<p>&#13;<\/p>\n<p style=\"text-align: justify;\"><span style=\"font-weight: 400;\">Entrada: Gratuita.<\/span><\/p>\n<p>&#13;<\/p>\n<p style=\"text-align: justify;\"><span style=\"font-weight: 400;\">Classifica\u00e7\u00e3o: Livre.<\/span><\/p>\n<p>&#13;<\/p>\n<p style=\"text-align: justify;\"><span style=\"font-weight: 400;\">Realiza\u00e7\u00e3o: Sesc S\u00e3o Paulo em parceria com a Prefeitura, por meio da Secretaria de Cultura, e Sindicato do Com\u00e9rcio de Bens, Servi\u00e7os e Turismo.<\/span><\/p>\n<p>&#13;<\/p>\n<p style=\"text-align: justify;\"><span style=\"font-weight: 400;\">Dura\u00e7\u00e3o: 240min.<\/span><\/p>\n<p>&#13;<\/p>\n<p style=\"text-align: justify;\"><span style=\"font-weight: 400;\">\u00a0<\/span><\/p>\n<p>&#13;<\/p>\n<p style=\"text-align: justify;\"><strong>M\u00fasica: Retreta com Banda Henrique Marques<\/strong><\/p>\n<p>&#13;<\/p>\n<p style=\"text-align: justify;\"><span style=\"font-weight: 400;\">Domingo (19), \u00e0s 10h30 &#8211; Pra\u00e7a Toledo Barros<\/span><\/p>\n<p>&#13;<\/p>\n<p style=\"text-align: justify;\"><span style=\"font-weight: 400;\">A Banda Henrique Marques se apresenta no coreto da pra\u00e7a Toledo Barros, na tradicional retreta dominical. No programa, obras da m\u00fasica instrumental e popular brasileira, como parte do fomento cultural local.<\/span><\/p>\n<p>&#13;<\/p>\n<p style=\"text-align: justify;\"><span style=\"font-weight: 400;\">Entrada: Gratuita.<\/span><\/p>\n<p>&#13;<\/p>\n<p style=\"text-align: justify;\"><span style=\"font-weight: 400;\">Classifica\u00e7\u00e3o: Livre .<\/span><\/p>\n<p>&#13;<\/p>\n<p style=\"text-align: justify;\"><span style=\"font-weight: 400;\">Realiza\u00e7\u00e3o: Prefeitura, por meio da Secretaria de Cultura, e banda.<\/span><\/p>\n<p>&#13;<br \/>\n&#13;<br \/>\n&#13;<br \/>\n&#13;<\/p>\n<aside class=\"list-related no-print\">&#13;<br \/>\n        &#13;<br \/>\n&#13;<\/p>\n<article class=\"list-item noticias \">&#13;<br \/>\n                    <a class=\"list-item__img\" href=\"https:\/\/limeira.sp.gov.br\/imprensa\/noticias\/cultura\/clube-do-livro-conversa-sobre-a-biblioteca-da-meia-noite-nesta-quarta-15\" tabindex=\"-1\" aria-hidden=\"true\" rel=\"noopener\">&#13;<br \/>\n                        <img data-recalc-dims=\"1\" decoding=\"async\" src=\"https:\/\/i0.wp.com\/ecrie.com.br\/sistema\/conteudos\/imagem\/m_137_0_1_13052024141333.png?w=696&#038;ssl=1\" alt=\"Clube do Livro conversa sobre \u201cA Biblioteca da Meia-Noite\u201d nesta quarta (15)\"\/>&#13;<br \/>\n                    <\/a>&#13;<br \/>\n&#13;<br \/>\n                &#13;<br \/>\n            <\/article>\n<p>&#13;<\/p>\n<article class=\"list-item noticias \">&#13;<br \/>\n                    <a class=\"list-item__img\" href=\"https:\/\/limeira.sp.gov.br\/imprensa\/noticias\/cultura\/retreta-com-corporacao-musical-arthur-giambelli-e-neste-domingo-12-1\" tabindex=\"-1\" aria-hidden=\"true\" rel=\"noopener\">&#13;<br \/>\n                        <img data-recalc-dims=\"1\" decoding=\"async\" src=\"https:\/\/i0.wp.com\/ecrie.com.br\/sistema\/conteudos\/imagem\/m_137_0_1_22062023114351.jpeg?w=696&#038;ssl=1\" alt=\"Retreta com Corpora\u00e7\u00e3o Musical Arthur Giambelli \u00e9 neste domingo (12)\"\/>&#13;<br \/>\n                    <\/a>&#13;<br \/>\n&#13;<br \/>\n                &#13;<br \/>\n            <\/article>\n<p>&#13;<\/p>\n<article class=\"list-item noticias \">&#13;<br \/>\n                    <a class=\"list-item__img\" href=\"https:\/\/limeira.sp.gov.br\/imprensa\/noticias\/cultura\/oficina-gratuita-teatro-para-a-melhor-idade-acontece-neste-domingo-12\" tabindex=\"-1\" aria-hidden=\"true\" rel=\"noopener\">&#13;<br \/>\n                        <img data-recalc-dims=\"1\" decoding=\"async\" src=\"https:\/\/i0.wp.com\/ecrie.com.br\/sistema\/conteudos\/imagem\/m_137_0_1_10052024114145.jpeg?w=696&#038;ssl=1\" alt=\"Oficina gratuita \u201cTeatro para a Melhor Idade\u201d acontece neste domingo (12)\"\/>&#13;<br \/>\n                    <\/a>&#13;<br \/>\n&#13;<br \/>\n                &#13;<br \/>\n            <\/article>\n<p>&#13;<br \/>\n    <\/aside>\n<p>&#13;<br \/>\n&#13;\n            <\/p><\/div>\n<p><br \/>\n<br \/><a href=\"https:\/\/limeira.sp.gov.br\/circuito-sesc-de-artes-e-destaque-da-semana\" rel=\"noopener\">Informa\u00e7\u00f5es da PML <\/a><\/p>\n","protected":false},"excerpt":{"rendered":"<p>&#13; &#13; &#13; &#13; &#13; &#13; &#13; A programa\u00e7\u00e3o da semana traz como destaque o Circuito Sesc de Artes, que acontece no s\u00e1bado (18), no Parque Cidade, \u00e0s 16h. O evento oferece atividades gratuitas nas \u00e1reas de arte e cultura. A realiza\u00e7\u00e3o \u00e9 do Sesc S\u00e3o Paulo em parceria com a Prefeitura de Limeira, por [&hellip;]<\/p>\n","protected":false},"author":1,"featured_media":4824,"comment_status":"open","ping_status":"open","sticky":false,"template":"","format":"standard","meta":{"_jetpack_newsletter_access":"","_jetpack_dont_email_post_to_subs":false,"_jetpack_newsletter_tier_id":0,"_jetpack_memberships_contains_paywalled_content":false,"_mbp_banners":[],"_jetpack_feature_clip_id":0,"_jetpack_memberships_contains_paid_content":false,"footnotes":"","jetpack_publicize_message":"","jetpack_publicize_feature_enabled":true,"jetpack_social_post_already_shared":true,"jetpack_social_options":{"image_generator_settings":{"template":"highway","default_image_id":0,"font":"","enabled":false},"version":2},"jetpack_post_was_ever_published":false},"categories":[16],"tags":[],"class_list":["post-4823","post","type-post","status-publish","format-standard","has-post-thumbnail","category-local"],"jetpack_publicize_connections":[],"jetpack-related-posts":[],"jetpack_shortlink":"https:\/\/wp.me\/p7Eq1F-1fN","jetpack_sharing_enabled":true,"jetpack_featured_media_url":"https:\/\/i0.wp.com\/guialimeira.com.br\/news\/wp-content\/uploads\/2024\/05\/m_137_0_1_13052024141143.jpg?fit=900%2C599&ssl=1","_links":{"self":[{"href":"https:\/\/guialimeira.com.br\/news\/wp-json\/wp\/v2\/posts\/4823","targetHints":{"allow":["GET"]}}],"collection":[{"href":"https:\/\/guialimeira.com.br\/news\/wp-json\/wp\/v2\/posts"}],"about":[{"href":"https:\/\/guialimeira.com.br\/news\/wp-json\/wp\/v2\/types\/post"}],"author":[{"embeddable":true,"href":"https:\/\/guialimeira.com.br\/news\/wp-json\/wp\/v2\/users\/1"}],"replies":[{"embeddable":true,"href":"https:\/\/guialimeira.com.br\/news\/wp-json\/wp\/v2\/comments?post=4823"}],"version-history":[{"count":0,"href":"https:\/\/guialimeira.com.br\/news\/wp-json\/wp\/v2\/posts\/4823\/revisions"}],"wp:featuredmedia":[{"embeddable":true,"href":"https:\/\/guialimeira.com.br\/news\/wp-json\/wp\/v2\/media\/4824"}],"wp:attachment":[{"href":"https:\/\/guialimeira.com.br\/news\/wp-json\/wp\/v2\/media?parent=4823"}],"wp:term":[{"taxonomy":"category","embeddable":true,"href":"https:\/\/guialimeira.com.br\/news\/wp-json\/wp\/v2\/categories?post=4823"},{"taxonomy":"post_tag","embeddable":true,"href":"https:\/\/guialimeira.com.br\/news\/wp-json\/wp\/v2\/tags?post=4823"}],"curies":[{"name":"wp","href":"https:\/\/api.w.org\/{rel}","templated":true}]}}