{"id":48192,"date":"2025-10-15T09:16:45","date_gmt":"2025-10-15T12:16:45","guid":{"rendered":"https:\/\/guialimeira.com.br\/?p=48192"},"modified":"2025-10-15T09:16:45","modified_gmt":"2025-10-15T12:16:45","slug":"campanha-reforca-importancia-da-vacinacao-nas-escolas-de-cordeiropolis-prefeitura-municipal-de-cordeiropolis","status":"publish","type":"post","link":"https:\/\/guialimeira.com.br\/news\/campanha-reforca-importancia-da-vacinacao-nas-escolas-de-cordeiropolis-prefeitura-municipal-de-cordeiropolis\/","title":{"rendered":"Campanha refor\u00e7a import\u00e2ncia da vacina\u00e7\u00e3o nas escolas de Cordeir\u00f3polis \u2013 Prefeitura Municipal de Cordeir\u00f3polis"},"content":{"rendered":"<p> <br \/>\n<\/p>\n<div>\n<p>As escolas municipais de Cordeir\u00f3polis receberam, nesta semana, uma campanha educativa sobre a import\u00e2ncia da vacina\u00e7\u00e3o contra a poliomielite, com foco nos alunos dos 3\u00ba anos do Ensino Fundamental. A a\u00e7\u00e3o \u00e9 das secretarias de Educa\u00e7\u00e3o e de Sa\u00fade, em parceria com o Rotary Club. Neste s\u00e1bado (18), acontece o Dia D de Vacina\u00e7\u00e3o em todas as unidades de sa\u00fade.<\/p>\n<p>Nas escolas, as atividades incluem palestras e din\u00e2micas educativas, que buscam conscientizar as crian\u00e7as sobre o valor da imuniza\u00e7\u00e3o e o papel da vacina\u00e7\u00e3o na erradica\u00e7\u00e3o de doen\u00e7as como a paralisia infantil. O Rotary Club organiza um concurso de desenhos e frases sobre o tema. Um aluno de cada escola ser\u00e1 selecionado como destaque da campanha.<\/p>\n<p><strong>DIA D<\/strong><\/p>\n<p>O Dia D da Vacina\u00e7\u00e3o ser\u00e1 realizado das 8h \u00e0s 17h, em todas as unidades de sa\u00fade de Cordeir\u00f3polis. O objetivo \u00e9 atualizar a carteirinha de vacina\u00e7\u00e3o de crian\u00e7as e adolescentes de at\u00e9 15 anos, o que garante a prote\u00e7\u00e3o contra diversas doen\u00e7as. \u00c9 necess\u00e1rio apresentar a carteirinha de vacina\u00e7\u00e3o e um documento com foto.<\/p>\n<figure class=\"wp-block-gallery has-nested-images columns-default is-cropped wp-block-gallery-1 is-layout-flex wp-block-gallery-is-layout-flex\">\n<figure class=\"wp-block-image size-large\"><\/figure>\n<figure class=\"wp-block-image size-large\"><img data-recalc-dims=\"1\" decoding=\"async\" data-attachment-id=\"31492\" data-permalink=\"https:\/\/guialimeira.com.br\/news\/quadrilha-e-presa-por-furtar-bolas-chuteiras-e-uniformes-da-cbf\/granja_comary_2-jpeg\/\" data-orig-file=\"https:\/\/i0.wp.com\/guialimeira.com.br\/news\/wp-content\/uploads\/2025\/04\/granja_comary_2.jpeg?fit=1600%2C800&amp;ssl=1\" data-orig-size=\"1600,800\" data-comments-opened=\"1\" data-image-meta=\"{&quot;aperture&quot;:&quot;0&quot;,&quot;credit&quot;:&quot;&quot;,&quot;camera&quot;:&quot;&quot;,&quot;caption&quot;:&quot;&quot;,&quot;created_timestamp&quot;:&quot;0&quot;,&quot;copyright&quot;:&quot;&quot;,&quot;focal_length&quot;:&quot;0&quot;,&quot;iso&quot;:&quot;0&quot;,&quot;shutter_speed&quot;:&quot;0&quot;,&quot;title&quot;:&quot;&quot;,&quot;orientation&quot;:&quot;0&quot;}\" data-image-title=\"granja_comary_2.jpeg\" data-image-description=\"\" data-image-caption=\"\" data-large-file=\"https:\/\/i0.wp.com\/guialimeira.com.br\/news\/wp-content\/uploads\/2025\/04\/granja_comary_2.jpeg?fit=696%2C348&amp;ssl=1\" loading=\"lazy\" width=\"696\" height=\"392\" data-id=\"31492\" src=\"https:\/\/i0.wp.com\/guialimeira.com.br\/wp-content\/uploads\/2025\/10\/1760530603_185_Campanha-reforca-importancia-da-vacinacao-nas-escolas-de-Cordeiropolis-%E2%80%93.jpeg?resize=696%2C392&#038;ssl=1\" alt=\"\" class=\"wp-image-31492\" \/><\/figure>\n<figure class=\"wp-block-image size-large\"><img data-recalc-dims=\"1\" decoding=\"async\" loading=\"lazy\" width=\"696\" height=\"398\" data-id=\"31489\" src=\"https:\/\/i0.wp.com\/guialimeira.com.br\/wp-content\/uploads\/2025\/10\/1760530603_518_Campanha-reforca-importancia-da-vacinacao-nas-escolas-de-Cordeiropolis-%E2%80%93.jpeg?resize=696%2C398&#038;ssl=1\" alt=\"\" class=\"wp-image-31489\" \/><\/figure>\n<\/figure><\/div>\n<p><br \/>\n<br \/><a href=\"https:\/\/www.cordeiropolis.sp.gov.br\/campanha-reforca-importancia-da-vacinacao-nas-escolas-de-cordeiropolis\/\" rel=\"noopener\">Informa\u00e7\u00f5es Cordeir\u00f3polis <\/a><\/p>\n","protected":false},"excerpt":{"rendered":"<p>As escolas municipais de Cordeir\u00f3polis receberam, nesta semana, uma campanha educativa sobre a import\u00e2ncia da vacina\u00e7\u00e3o contra a poliomielite, com foco nos alunos dos 3\u00ba anos do Ensino Fundamental. A a\u00e7\u00e3o \u00e9 das secretarias de Educa\u00e7\u00e3o e de Sa\u00fade, em parceria com o Rotary Club. Neste s\u00e1bado (18), acontece o Dia D de Vacina\u00e7\u00e3o em [&hellip;]<\/p>\n","protected":false},"author":1,"featured_media":48193,"comment_status":"open","ping_status":"open","sticky":false,"template":"","format":"standard","meta":{"_jetpack_newsletter_access":"","_jetpack_dont_email_post_to_subs":false,"_jetpack_newsletter_tier_id":0,"_jetpack_memberships_contains_paywalled_content":false,"_mbp_banners":[],"_jetpack_feature_clip_id":0,"_jetpack_memberships_contains_paid_content":false,"footnotes":"","jetpack_publicize_message":"","jetpack_publicize_feature_enabled":true,"jetpack_social_post_already_shared":true,"jetpack_social_options":{"image_generator_settings":{"template":"highway","default_image_id":0,"font":"","enabled":false},"version":2},"jetpack_post_was_ever_published":false},"categories":[20],"tags":[],"class_list":["post-48192","post","type-post","status-publish","format-standard","has-post-thumbnail","category-regiao"],"jetpack_publicize_connections":[],"jetpack-related-posts":[],"jetpack_shortlink":"https:\/\/wp.me\/p7Eq1F-cxi","jetpack_sharing_enabled":true,"jetpack_featured_media_url":"https:\/\/i0.wp.com\/guialimeira.com.br\/news\/wp-content\/uploads\/2025\/10\/Campanha-reforca-importancia-da-vacinacao-nas-escolas-de-Cordeiropolis-%E2%80%93.jpeg?fit=1024%2C576&ssl=1","_links":{"self":[{"href":"https:\/\/guialimeira.com.br\/news\/wp-json\/wp\/v2\/posts\/48192","targetHints":{"allow":["GET"]}}],"collection":[{"href":"https:\/\/guialimeira.com.br\/news\/wp-json\/wp\/v2\/posts"}],"about":[{"href":"https:\/\/guialimeira.com.br\/news\/wp-json\/wp\/v2\/types\/post"}],"author":[{"embeddable":true,"href":"https:\/\/guialimeira.com.br\/news\/wp-json\/wp\/v2\/users\/1"}],"replies":[{"embeddable":true,"href":"https:\/\/guialimeira.com.br\/news\/wp-json\/wp\/v2\/comments?post=48192"}],"version-history":[{"count":1,"href":"https:\/\/guialimeira.com.br\/news\/wp-json\/wp\/v2\/posts\/48192\/revisions"}],"predecessor-version":[{"id":48194,"href":"https:\/\/guialimeira.com.br\/news\/wp-json\/wp\/v2\/posts\/48192\/revisions\/48194"}],"wp:featuredmedia":[{"embeddable":true,"href":"https:\/\/guialimeira.com.br\/news\/wp-json\/wp\/v2\/media\/48193"}],"wp:attachment":[{"href":"https:\/\/guialimeira.com.br\/news\/wp-json\/wp\/v2\/media?parent=48192"}],"wp:term":[{"taxonomy":"category","embeddable":true,"href":"https:\/\/guialimeira.com.br\/news\/wp-json\/wp\/v2\/categories?post=48192"},{"taxonomy":"post_tag","embeddable":true,"href":"https:\/\/guialimeira.com.br\/news\/wp-json\/wp\/v2\/tags?post=48192"}],"curies":[{"name":"wp","href":"https:\/\/api.w.org\/{rel}","templated":true}]}}